{"id":997,"date":"2014-11-11T15:57:05","date_gmt":"2014-11-11T15:57:05","guid":{"rendered":"http:\/\/www.encuentrosconlosutil.com\/?p=997"},"modified":"2015-05-11T07:28:02","modified_gmt":"2015-05-11T07:28:02","slug":"energia-ecologia-y-consciencia-conferencia-de-pedro-prieto","status":"publish","type":"post","link":"https:\/\/www.encuentrosconlosutil.com\/?p=997","title":{"rendered":"ENERG\u00cdA, ECOLOG\u00cdA Y CONCIENCIA. Cuestiones fundamentales para la humanidad."},"content":{"rendered":"<p>&nbsp;<\/p>\n<p style=\"text-align: center;\"><a href=\"http:\/\/www.encuentrosconlosutil.com\/wp-content\/uploads\/2014\/11\/haende_halten_erde.jpg\"><img loading=\"lazy\" class=\"alignnone size-full wp-image-999\" src=\"http:\/\/www.encuentrosconlosutil.com\/wp-content\/uploads\/2014\/11\/haende_halten_erde-e1415721353471.jpg\" alt=\"haende_halten_erde\" width=\"376\" height=\"282\" \/><\/a><\/p>\n<p>&nbsp;<\/p>\n<p><strong><i>Encuentros Con Lo Sutil 30#<\/i><\/strong><\/p>\n<p><b>El pr\u00f3xim<\/b><b>o mi\u00e9rcoles 26 de noviembre a las 20.00 horas,<\/b> nuestro encuentro estar\u00e1 dedicado a uno de los asuntos que m\u00e1s trascendencia pueden tener para el futuro del planeta y la supervivencia de la Humanidad.<\/p>\n<p>Para ello contaremos con la presencia del experto en energ\u00eda sostenible<b> Pedro Prieto.<\/b><\/p>\n<p>En palabras de Pedro, \u00a0&lt;&lt;la presentaci\u00f3n pretende abrir un espacio de debate y comunicaci\u00f3n sobre recursos energ\u00e9ticos y su papel en relaci\u00f3n a asuntos tan trascendentes como la demograf\u00eda, el desarrollo, la econom\u00eda y la ecolog\u00eda, a la luz de la inevitable disminuci\u00f3n y disponibilidad de los recursos combustibles f\u00f3siles, que ya est\u00e1n suponiendo un cambio de paradigma sin precedentes en la Historia de la Humanidad.<\/p>\n<p>Intentaremos acercar a los asistentes a la realidad de los l\u00edmites de la naturaleza, en funci\u00f3n de las inexorables leyes de la termodin\u00e1mica, lo que supone un choque frontal con la ideolog\u00eda dominante economicista, basada en el crecimiento infinito e ilimitado en el consumo de bienes y servicios. Proponemos por tanto, una revisi\u00f3n completa de nuestra condici\u00f3n de\u00a0<i>homo tecnologicus<\/i>, que cree que la ciencia y la tecnolog\u00eda todo lo pueden o del\u00a0<i>homo economicus<\/i>, que cree que el dinero tambi\u00e9n lo puede todo. O que el progreso entendido como un acopio cada vez mayor de bienes, no tiene retorno, cuando la realidad va a imponer (si no lo hace una toma de conciencia generalizada de la Humanidad) un retorno a niveles de consumo general y planetario muy interiores a los actuales.<\/p>\n<p>Tendremos que enfrentar, pues, a no tardar mucho, hablando en t\u00e9rminos hist\u00f3ricos, el dilema de decrecer en el consumo de bienes y servicios muy prescindibles, bien de forma voluntaria y convencidos de que ser\u00e1 lo m\u00e1s conveniente para la supervivencia de la especie humana y del planeta, o bien afrontar que sea la Naturaleza la que nos coloque en un lugar posiblemente peor, si seguimos persiguiendo el sue\u00f1o del crecimiento infinito &gt;&gt;.<\/p>\n<p>&nbsp;<\/p>\n<p>Nuestro Invitado:<\/p>\n<p><a href=\"http:\/\/www.encuentrosconlosutil.com\/wp-content\/uploads\/2014\/11\/pedro-prieto-by-argia-350x189.jpg\"><img loading=\"lazy\" class=\"size-full wp-image-998 aligncenter\" src=\"http:\/\/www.encuentrosconlosutil.com\/wp-content\/uploads\/2014\/11\/pedro-prieto-by-argia-350x189.jpg\" alt=\"pedro-prieto-by-argia-350x189\" width=\"350\" height=\"189\" srcset=\"https:\/\/www.encuentrosconlosutil.com\/wp-content\/uploads\/2014\/11\/pedro-prieto-by-argia-350x189.jpg 350w, https:\/\/www.encuentrosconlosutil.com\/wp-content\/uploads\/2014\/11\/pedro-prieto-by-argia-350x189-300x162.jpg 300w\" sizes=\"(max-width: 350px) 100vw, 350px\" \/><\/a><\/p>\n<p><strong>\u00a0Pedro Prieto<\/strong> naci\u00f3 en Madrid en 1950. Es ingeniero t\u00e9cnico de telecomunicaci\u00f3n.\u00a0 Est\u00e1 casado y tiene tres hijos. Ha trabajado en el sector de las telecomunicaciones desde 1972, hasta 2002, como ingeniero de desarrollo, profesor en los laboratorios de Investigaci\u00f3n de Standard El\u00e9ctrica-ITT, director comercial, director de exportaci\u00f3n y vicepresidente de la divisi\u00f3n de radiocomunicaciones de Alcatel.<\/p>\n<p>Pedro es actualmente vicepresidente de AEREN, la Asociaci\u00f3n para el Estudio de los Recursos Energ\u00e9ticos. Es coeditor y cofundador de la p\u00e1gina <a href=\"http:\/\/www.crisisenergetica.org\" target=\"_blank\">web Crisis Energ\u00e9tica<\/a> , organizaci\u00f3n sin \u00e1nimo de lucro, que es un espacio de debate y comunicaci\u00f3n sobre recursos energ\u00e9ticos y su papel en relaci\u00f3n a asuntos tan trascendentes como la demograf\u00eda, el desarrollo, la econom\u00eda y la ecolog\u00eda.<\/p>\n<p>AEREN representa en Espa\u00f1a a ASPO (<a href=\"http:\/\/www.peakoil.net\" target=\"_blank\">The Association for the Study of Peak Oil and Gas<\/a> ), una asociaci\u00f3n de cient\u00edficos de todo el mundo dedicados al estudio del cenit del petr\u00f3leo y del gas, de la que Pedro forma parte como miembro del Panel Internacional de esta Asociaci\u00f3n.<\/p>\n<p>Pedro es tambi\u00e9n miembro de<a href=\"http:\/\/www.cima.org.es\" target=\"_blank\"> Cient\u00edficos por el Medio Ambiente (CiMA)<\/a>\u00a0, una asociaci\u00f3n espa\u00f1ola independiente de \u00e1mbito estatal fundada en 2003. Est\u00e1 formada por cient\u00edficos y t\u00e9cnicos, investigadores e investigadoras, que trabajan en todas las disciplinas de las ciencias naturales y sociales.<\/p>\n<p>Pedro Prieto es presidente de dos sociedades dedicadas a energ\u00edas renovables en general y a la energ\u00eda fotovoltaica en particular y ha trabajado como director de desarrollo de energ\u00edas alternativas en una empresa espa\u00f1ola.<\/p>\n<p>Es consultor en el desarrollo, construcci\u00f3n y operaci\u00f3n de numerosos proyectos solares fotovoltaicos, alguno de los cuales gestiona personalmente. Tambi\u00e9n ha asesorado a varias entidades p\u00fablicas y a particulares en materia de energ\u00edas renovables, participando con frecuencia en conferencias, seminarios, y simposios relacionados con energ\u00edas f\u00f3siles y renovables.<\/p>\n<p>En la actualidad, coopera activamente en un proyecto de huerto ecol\u00f3gico en el valle del Ti\u00e9tar (<a href=\"http:\/\/www.huertosostenible.com\" target=\"_blank\">www.huertosostenible.com<\/a>), que intenta ofrecer alimentos sanos y naturales, completando el ciclo alimentario, desde las semillas y pl\u00e1ntulas hasta el tratamiento ecol\u00f3gico de plagas y enfermedades, la producci\u00f3n de hort\u00edcolas variadas y frutas, transporte, distribuci\u00f3n y venta directa al ciudadano.<\/p>\n<div style=\"width: 100%; text-align: left;\">\n<div style=\"font-family: Helvetica, Arial; font-size: 10px; padding: 5px 0 5px; margin: 2px; width: 100%; text-align: left;\"><\/div>\n<div style=\"font-family: Helvetica, Arial; font-size: 10px; padding: 5px 0 5px; margin: 2px; width: 100%; text-align: left;\"><\/div>\n<\/div>\n","protected":false},"excerpt":{"rendered":"<p>&nbsp; &nbsp; Encuentros Con Lo Sutil 30# El pr\u00f3ximo mi\u00e9rcoles 26 de noviembre a las 20.00 horas, nuestro encuentro estar\u00e1 dedicado a uno de los asuntos que m\u00e1s trascendencia pueden tener para el futuro del planeta y la supervivencia de la Humanidad. Para ello contaremos con la presencia del experto en energ\u00eda sostenible Pedro Prieto. [&hellip;]<\/p>\n","protected":false},"author":1,"featured_media":0,"comment_status":"open","ping_status":"open","sticky":false,"template":"","format":"standard","meta":[],"categories":[1],"tags":[127,126,129,141,128],"_links":{"self":[{"href":"https:\/\/www.encuentrosconlosutil.com\/index.php?rest_route=\/wp\/v2\/posts\/997"}],"collection":[{"href":"https:\/\/www.encuentrosconlosutil.com\/index.php?rest_route=\/wp\/v2\/posts"}],"about":[{"href":"https:\/\/www.encuentrosconlosutil.com\/index.php?rest_route=\/wp\/v2\/types\/post"}],"author":[{"embeddable":true,"href":"https:\/\/www.encuentrosconlosutil.com\/index.php?rest_route=\/wp\/v2\/users\/1"}],"replies":[{"embeddable":true,"href":"https:\/\/www.encuentrosconlosutil.com\/index.php?rest_route=%2Fwp%2Fv2%2Fcomments&post=997"}],"version-history":[{"count":10,"href":"https:\/\/www.encuentrosconlosutil.com\/index.php?rest_route=\/wp\/v2\/posts\/997\/revisions"}],"predecessor-version":[{"id":1196,"href":"https:\/\/www.encuentrosconlosutil.com\/index.php?rest_route=\/wp\/v2\/posts\/997\/revisions\/1196"}],"wp:attachment":[{"href":"https:\/\/www.encuentrosconlosutil.com\/index.php?rest_route=%2Fwp%2Fv2%2Fmedia&parent=997"}],"wp:term":[{"taxonomy":"category","embeddable":true,"href":"https:\/\/www.encuentrosconlosutil.com\/index.php?rest_route=%2Fwp%2Fv2%2Fcategories&post=997"},{"taxonomy":"post_tag","embeddable":true,"href":"https:\/\/www.encuentrosconlosutil.com\/index.php?rest_route=%2Fwp%2Fv2%2Ftags&post=997"}],"curies":[{"name":"wp","href":"https:\/\/api.w.org\/{rel}","templated":true}]}}