{"id":967,"date":"2014-10-25T11:23:58","date_gmt":"2014-10-25T11:23:58","guid":{"rendered":"http:\/\/www.encuentrosconlosutil.com\/?p=967"},"modified":"2015-05-11T07:28:45","modified_gmt":"2015-05-11T07:28:45","slug":"musica-vibracion-y-trance-taller-y-entrevista","status":"publish","type":"post","link":"https:\/\/www.encuentrosconlosutil.com\/?p=967","title":{"rendered":"M\u00daSICA, VIBRACI\u00d3N Y TRANCE. TALLER Y ENTREVISTA"},"content":{"rendered":"<p><em><strong>Encuentros con Lo Sutil# 29<\/strong><\/em><\/p>\n<p style=\"text-align: center;\"><a href=\"http:\/\/www.encuentrosconlosutil.com\/wp-content\/uploads\/2014\/10\/la-foto-1.png\"><img loading=\"lazy\" class=\" wp-image-968 aligncenter\" src=\"http:\/\/www.encuentrosconlosutil.com\/wp-content\/uploads\/2014\/10\/la-foto-1.png\" alt=\"la foto (1)\" width=\"512\" height=\"768\" srcset=\"https:\/\/www.encuentrosconlosutil.com\/wp-content\/uploads\/2014\/10\/la-foto-1.png 640w, https:\/\/www.encuentrosconlosutil.com\/wp-content\/uploads\/2014\/10\/la-foto-1-200x300.png 200w, https:\/\/www.encuentrosconlosutil.com\/wp-content\/uploads\/2014\/10\/la-foto-1-624x936.png 624w\" sizes=\"(max-width: 512px) 100vw, 512px\" \/><\/a><\/p>\n<p>El pr\u00f3ximo <strong>jueves d\u00eda 6 de noviembre, a las 20.00 horas,<\/strong> recibiremos al maestro percusionista <strong>Antonio G\u00e1mez <\/strong> a quien acompa\u00f1ara Rafael Navarro<strong>.<\/strong><\/p>\n<p>En esta ocasi\u00f3n, hablaremos con Antonio de la vibraci\u00f3n y el trance y \u00a0podremos \u00a0compartir determinadas secuencias r\u00edtmicas y s\u00f3nicas con diversos instrumentos tradicionales como el t\u00e1mbor cham\u00e1nico, lo que nos permitir\u00e1 relajarnos y estar atentos a nuestro cuerpo, observar y guardar en la memoria, posibles estados, im\u00e1genes, sentimientos y sensaciones que pudieran producirse, asom\u00e1ndonos al trance musical.<\/p>\n<p>Este viaje a trav\u00e9s de la m\u00fasica nos permitir\u00e1 experimentar que somos vibraci\u00f3n y que nuestra consciencia es sensible a la misma.<\/p>\n<p>Nuestros Invitados:<\/p>\n<p><strong>Antonio G\u00e1mez<\/strong> \u00a0es un artesano y sanador musical, experto la construcci\u00f3n de instrumentos musicales de percusi\u00f3n, alfarer\u00eda, cer\u00e1mica, curtidos de pieles y t\u00e9cnicas de costura y cosido.Ha tenido diversos maestros como el tunecino\u00a0TagerBenamer\u00a0Benamur\u00a0<wbr \/>en el pueblo de\u00a0Naveul\u00a0(T\u00fanez). \u00a0As\u00ed mismo, aprendi\u00f3 las \u00a0t\u00e9cnicas de costura y\u00a0patronaje\u00a0con Juana Vicioso \u00a0y ha realizado \u00a0estudios de percusi\u00f3n con el Dr. Francisco Javier Sanchez, music\u00f3logo y arabista. Adem\u00e1s ha recibido ense\u00f1anzas \u00a0de Tarik\u00a0Albanci, m\u00fasico y pintor marroqu\u00ed, en Marrakech y \u00a0ha estudiado con el profesor del conservatorio Sr-D. MohammedChehbouni\u00a0y con otros \u00a0m\u00fasicos itinerantes magreb\u00edes que pasan por Madrid.<\/p>\n<p>En su b\u00fasqueda, \u00a0Antonio ha conocido los misterios del sufismo y de la percusi\u00f3n cham\u00e1nica,\u00a0Ha sido percusionista en diferentes grupos y en 1984 \u00a0cre\u00f3 su \u00a0propio taller de Percusi\u00f3n. Desde entonces se dedica a la construcci\u00f3n de instrumentos de percusi\u00f3n y a la ense\u00f1anza de ritmos y t\u00e9cnicas de\u00a0Darbuka, pero tambi\u00e9n a facilitar estados modificados de consciencia a trav\u00e9s de la percusi\u00f3n y la vibraci\u00f3n.<\/p>\n<p>En 1991 funda el grupo de Percusi\u00f3n ALIF. Actualmente trabaja en musicoterapia con sonido, vibraci\u00f3n y voz.<\/p>\n<p><strong>Natividad Granados <\/strong>se forma en Ballet Cl\u00e1sico en la Royal Academy of Dancing y la Imperial Academy of Teachers of Dancing de Londres.\u00a0Realiza estudios de flamenco, jazz, contempor\u00e1neo, danzas europeas y africanas.\u00a0Especializada en danzas m\u00edsticas y trascendentales de diferentes culturas del planeta.<\/p>\n<p>Estudio giro derviche en la Tarika Helbeti de Estambul, desarrollando posteriormente su propio estilo esc\u00e9nico.\u00a0Es bailarina, percusionista y vocalista, en el grupo Alif percusi\u00f3n, del Taller de Percusi\u00f3n de Madrid, desde el a\u00f1o 1991.\u00a0Actualmente\u00a0 es docente, trabaja desde la\u00a0 consciencia\u00a0 corporal, el movimiento y la danza con todo tipo de edades.\u00a0Sigue investigando en danzas tradicionales y propias que favorecen\u00a0 estados modificados, creando espacios de luz, alegr\u00eda, paz y Armonia.<\/p>\n<div style=\"width: 100%; text-align: left;\">\n<div style=\"font-family: Helvetica, Arial; font-size: 10px; padding: 5px 0 5px; margin: 2px; width: 100%; text-align: left;\"><\/div>\n<\/div>\n","protected":false},"excerpt":{"rendered":"<p>Encuentros con Lo Sutil# 29 El pr\u00f3ximo jueves d\u00eda 6 de noviembre, a las 20.00 horas, recibiremos al maestro percusionista Antonio G\u00e1mez a quien acompa\u00f1ara Rafael Navarro. En esta ocasi\u00f3n, hablaremos con Antonio de la vibraci\u00f3n y el trance y \u00a0podremos \u00a0compartir determinadas secuencias r\u00edtmicas y s\u00f3nicas con diversos instrumentos tradicionales como el t\u00e1mbor cham\u00e1nico, [&hellip;]<\/p>\n","protected":false},"author":1,"featured_media":0,"comment_status":"open","ping_status":"open","sticky":false,"template":"","format":"standard","meta":[],"categories":[1],"tags":[112,130,89,114],"_links":{"self":[{"href":"https:\/\/www.encuentrosconlosutil.com\/index.php?rest_route=\/wp\/v2\/posts\/967"}],"collection":[{"href":"https:\/\/www.encuentrosconlosutil.com\/index.php?rest_route=\/wp\/v2\/posts"}],"about":[{"href":"https:\/\/www.encuentrosconlosutil.com\/index.php?rest_route=\/wp\/v2\/types\/post"}],"author":[{"embeddable":true,"href":"https:\/\/www.encuentrosconlosutil.com\/index.php?rest_route=\/wp\/v2\/users\/1"}],"replies":[{"embeddable":true,"href":"https:\/\/www.encuentrosconlosutil.com\/index.php?rest_route=%2Fwp%2Fv2%2Fcomments&post=967"}],"version-history":[{"count":27,"href":"https:\/\/www.encuentrosconlosutil.com\/index.php?rest_route=\/wp\/v2\/posts\/967\/revisions"}],"predecessor-version":[{"id":1197,"href":"https:\/\/www.encuentrosconlosutil.com\/index.php?rest_route=\/wp\/v2\/posts\/967\/revisions\/1197"}],"wp:attachment":[{"href":"https:\/\/www.encuentrosconlosutil.com\/index.php?rest_route=%2Fwp%2Fv2%2Fmedia&parent=967"}],"wp:term":[{"taxonomy":"category","embeddable":true,"href":"https:\/\/www.encuentrosconlosutil.com\/index.php?rest_route=%2Fwp%2Fv2%2Fcategories&post=967"},{"taxonomy":"post_tag","embeddable":true,"href":"https:\/\/www.encuentrosconlosutil.com\/index.php?rest_route=%2Fwp%2Fv2%2Ftags&post=967"}],"curies":[{"name":"wp","href":"https:\/\/api.w.org\/{rel}","templated":true}]}}