{"id":947,"date":"2014-10-11T09:34:54","date_gmt":"2014-10-11T09:34:54","guid":{"rendered":"http:\/\/www.encuentrosconlosutil.com\/?p=947"},"modified":"2015-05-11T07:29:17","modified_gmt":"2015-05-11T07:29:17","slug":"psicologia-transpersonal-la-otra-vision","status":"publish","type":"post","link":"https:\/\/www.encuentrosconlosutil.com\/?p=947","title":{"rendered":"PSICOLOG\u00cdA TRANSPERSONAL. LA OTRA VISI\u00d3N. CONFERENCIA Y MEDITACI\u00d3N."},"content":{"rendered":"<p style=\"text-align: right;\"><a href=\"http:\/\/www.encuentrosconlosutil.com\/wp-content\/uploads\/2014\/10\/the_love_tree.jpg\"><img loading=\"lazy\" class=\"alignnone size-full wp-image-949\" src=\"http:\/\/www.encuentrosconlosutil.com\/wp-content\/uploads\/2014\/10\/the_love_tree.jpg\" alt=\"the_love_tree\" width=\"1024\" height=\"768\" srcset=\"https:\/\/www.encuentrosconlosutil.com\/wp-content\/uploads\/2014\/10\/the_love_tree.jpg 1024w, https:\/\/www.encuentrosconlosutil.com\/wp-content\/uploads\/2014\/10\/the_love_tree-300x225.jpg 300w, https:\/\/www.encuentrosconlosutil.com\/wp-content\/uploads\/2014\/10\/the_love_tree-624x468.jpg 624w\" sizes=\"(max-width: 1024px) 100vw, 1024px\" \/><\/a><\/p>\n<p style=\"text-align: right;\"><em>El ser humano actual puede ver la realidad que le muestran sus sentidos y\u00a0perfectamente vivir con y dentro de ella. Tambi\u00e9n tiene la capacidad para percibir\u00a0una realidad m\u00e1s sutil e igualmente verdadera, que es la que origina el mundo que el\u00a0cuerpo ve, oye, huele y toca.\u00a0Ambas realidades conviven juntas. Cada persona tiene la opci\u00f3n de elegir en\u00a0cu\u00e1l de las dos pone su atenci\u00f3n.<\/em><\/p>\n<p style=\"text-align: right;\"><strong>Marly Kuenerz<\/strong><\/p>\n<p>&nbsp;<\/p>\n<p><em><strong>Encuentros con lo Sutil# 28<\/strong><\/em><\/p>\n<p>El pr\u00f3ximo mi\u00e9rcoles 22 \u00a0a las 20 horas, recibiremos a <strong>Marly Kuenerz, psic\u00f3loga transpersonal creadora de El Juego de la Atenci\u00f3n,<\/strong> un m\u00e9todo terap\u00e9utico propio \u00a0que trabaja sobre \u00a0diferentes etapas de la vida de un ser humano, con la intenci\u00f3n de desechar, transformar y reconducir malformaciones y malentendidos del pensamiento y de la emoci\u00f3n.<\/p>\n<p>Para nuestra invitada, \u00a0el ser humano puede vivir en distintas frecuencias de conciencia, lo que depende de su decisi\u00f3n. \u00a0\u00bb\u00a0Esta decisi\u00f3n va determinar la calidad y la amplitud\u00a0con la que experimenta la vida; o bien una percepci\u00f3n restringida al mundo f\u00edsico, o\u00a0bien una visi\u00f3n m\u00e1s amplia y expansiva, que no abarca solamente la realidad de este\u00a0momento, sino la realidad eterna.\u00a0No se trata de una cuesti\u00f3n de fe. Hoy d\u00eda disponemos de medios y datos\u00a0suficientes para constatar que existe esta otra dimensi\u00f3n. Integrarlo en la vida o no, es\u00a0una decisi\u00f3n personal.\u00bb<\/p>\n<p>Adem\u00e1s de explicarnos sus experiencias y trabajo, \u00a0Marly nos invitar\u00e1 a realizar una meditaci\u00f3n.<\/p>\n<p>Nuestra invitada:<\/p>\n<p><a href=\"http:\/\/www.encuentrosconlosutil.com\/wp-content\/uploads\/2014\/10\/marly_home.jpg\"><img loading=\"lazy\" class=\"alignnone size-full wp-image-950\" src=\"http:\/\/www.encuentrosconlosutil.com\/wp-content\/uploads\/2014\/10\/marly_home.jpg\" alt=\"marly_home\" width=\"249\" height=\"249\" srcset=\"https:\/\/www.encuentrosconlosutil.com\/wp-content\/uploads\/2014\/10\/marly_home.jpg 249w, https:\/\/www.encuentrosconlosutil.com\/wp-content\/uploads\/2014\/10\/marly_home-150x150.jpg 150w\" sizes=\"(max-width: 249px) 100vw, 249px\" \/><\/a><\/p>\n<p><strong>Marly Kuenerz<\/strong>\u00a0nace en Rio de Janeiro, Brasil, en 1940. Se forma como psic\u00f3loga en Espa\u00f1a, combinando la formaci\u00f3n ortodoxa con pr\u00e1cticas de meditaci\u00f3n y el estudio de antiguos textos orientales. Completa su formaci\u00f3n en grupos de Gestalt, bioenerg\u00e9tica y Programaci\u00f3n Neurolinguistica, etc. y al tiempo investiga los fen\u00f3menos cham\u00e1nicos en Brasil.<\/p>\n<p>Al terminar sus estudios, participa en un curso multidisciplinar en el Hospital Psiqui\u00e1trico de Tres Cantos, Madrid, bajo la direcci\u00f3n del\u00a0<strong>Dr. Jos\u00e9 Maria Poveda<\/strong>. En\u00a0<strong>1982<\/strong>\u00a0trabaja en el Proceso Intensivo Hoffman en Brasil, m\u00e9todo que introduce en Espa\u00f1a en l986 de la mano de Bob Hoffman, creador de la t\u00e9cnica. Como profesora titulada, imparte el Proceso Hoffman en Alemania, Austria y Francia, formando profesores en estos pa\u00edses. Posteriormente colabora con la psicoterapeuta brasile\u00f1a\u00a0<strong>Anna Sharp<\/strong>\u00a0en la t\u00e9cnica denominada \u00abEl Camino Real\u00bb, basada en la f\u00edsica cu\u00e1ntica e inspirada en la peregrinaci\u00f3n precristiana del Camino de Santiago. De\u00a0<strong>1998<\/strong>\u00a0a\u00a0<strong>1999<\/strong>\u00a0colabora con\u00a0<strong>Maril\u00f3 L\u00f3pez Garrido<\/strong>\u00a0en el programa\u00a0<strong>\u00abLa Voz de la Noche\u00bb<\/strong>\u00a0en la emisora Radio Voz de Madrid, difundiendo dentro de su espacio \u00abHuellas de lo Sagrado\u00bb, los principios sobre los que se apoya el crecimiento personal y la interpretaci\u00f3n de sue\u00f1os. Desde 2005 este programa se reinicia en Radio Continental, Buenos Aires, Argentina, donde se sigue emitiendo. En<strong>2001<\/strong>, imparte un seminario pr\u00e1ctico aplicando su m\u00e9todo al\u00a0<strong>Maltrato de Genero<\/strong>\u00a0para el Colegio de Psic\u00f3logos de Murcia. Entre los a\u00f1os 1996 y 2013, colabora como asistente en varios seminarios sobre\u00a0<strong>Cuidados Paliativos en Polonia y Eslovaquia<\/strong>, bajo la direcci\u00f3n del\u00a0<strong>Dr. Ruben Bild<\/strong>. En\u00a0<strong>2005<\/strong>\u00a0da una conferencia y un taller en la<strong>Universidad de Psicolog\u00eda de Trondheim<\/strong>, Noruega, ense\u00f1ando su m\u00e9todo. De 2009 a 2013, su taller\u00a0<strong>\u00abComo liberarse de Reacciones Autom\u00e1ticas\u00bb<\/strong>\u00a0cierra el\u00a0<strong>Master Oficial de Psicolog\u00eda Cl\u00ednica<\/strong>\u00a0de la Universidad de Psicolog\u00eda de Murcia.<\/p>\n<p>En\u00a0<strong>1991<\/strong>\u00a0crea su propio trabajo\u00a0<strong>terap\u00e9utico<\/strong>, titulado\u00a0<strong>\u00abEl Juego de la Atenci\u00f3n<\/strong>, situado dentro del campo de la\u00a0<strong>Psicolog\u00eda Transpersonal<\/strong>. Se trata de un recorrido estructurado a trav\u00e9s de las diferentes etapas de la vida de un ser humano, con la intenci\u00f3n de desechar, transformar y reconducir malformaciones y malentendidos del pensamiento y de la emoci\u00f3n. Estas viejas formas de sentir y actuar se manifiestan en diversas dolencias y limitaciones ps\u00edquicas y f\u00edsicas, que nos llevan a identificarnos con lo que NO somos, en lugar de con nuestra verdadera naturaleza espiritual. Hasta la fecha de hoy, da conferencias y seminarios en diferentes ciudades espa\u00f1olas y extranjeras, explicando la t\u00e9cnica y los efectos de su trabajo psicol\u00f3gico-espiritual en la vida diaria. Tambi\u00e9n imparte un curso introductorio, denominado\u00a0<strong>\u00bfC\u00f3mo liberarse de reacciones autom\u00e1ticas?<\/strong>\u00a0en la Fundaci\u00f3n Tomillo, Hospital Ram\u00f3n y Cajal, y varias empresas y centros.<\/p>\n<p><strong>Autora del libro \u00abEl Juego de la Atenci\u00f3n\u00bb<\/strong>, Editorial Libsa (1995, 1999, 2002,2008), en el que se describe su trabajo, junto a la teor\u00eda psicol\u00f3gica y espiritual sobre la que se basa.<\/p>\n<p>A lo largo de los a\u00f1os, crea un m\u00e9todo de tratamiento psicol\u00f3gico individualizado, basado en sonidos ancestrales, siempre dentro de la l\u00ednea transpersonal, que persigue la eliminaci\u00f3n de traumas y la reconducci\u00f3n del pensamiento destructivo.<\/p>\n<p>A partir de 2012 imparte una formaci\u00f3n para formadores de 2 a\u00f1os de duraci\u00f3n en la Fundaci\u00f3n Tomillo: \u00abEspecialista en Pr\u00e1ctica Cl\u00ednica de Psicolog\u00eda Transpersonal\u00bb, dirigida a terapeutas y psic\u00f3logos. Desde 2007 escribe el curso online llamado \u00abViaje Interior\u00bb, que en 2013 se transforma en diferentes cursos monogr\u00e1ficos bajo del lema: \u00abDel s\u00edntoma a la Soluci\u00f3n\u00bb.<\/p>\n<p>&nbsp;<\/p>\n<p>Enlaces:<\/p>\n<p><a href=\"http:\/\/eljuegodelatencion.com\/Index\/go\/pag\/video-pres\">http:\/\/eljuegodelatencion.com\/Index\/go\/pag\/video-pres<\/a><\/p>\n<div style=\"width: 100%; text-align: left;\">\n<div style=\"font-family: Helvetica, Arial; font-size: 10px; padding: 5px 0 5px; margin: 2px; width: 100%; text-align: left;\"><\/div>\n<\/div>\n<p>&nbsp;<\/p>\n<p>&nbsp;<\/p>\n<p>&nbsp;<\/p>\n<p>&nbsp;<\/p>\n<div style=\"width: 100%; text-align: left;\">\n<div style=\"font-family: Helvetica, Arial; font-size: 10px; padding: 5px 0 5px; margin: 2px; width: 100%; text-align: left;\"><a style=\"color: #ddd; text-decoration: none;\" href=\"http:\/\/www.eventbrite.es\/r\/etckt\" target=\"_blank\">Registro de eventos online<\/a><span style=\"color: #ddd;\"> para <\/span><a style=\"color: #ddd; text-decoration: none;\" href=\"https:\/\/www.eventbrite.es\/e\/entradas-encuentros-con-lo-sutil28-marly-kuenerz-conferencia-y-meditacion-13657874069?ref=etckt\" target=\"_blank\">ENCUENTROS CON LO SUTIL#28 MARLY KUENERZ. CONFERENCIA Y MEDITACI\u00d3N.<\/a> <span style=\"color: #ddd;\">ofrecido por<\/span> <a style=\"color: #ddd; text-decoration: none;\" href=\"http:\/\/www.eventbrite.es?ref=etckt\" target=\"_blank\">Eventbrite<\/a><\/div>\n<\/div>\n","protected":false},"excerpt":{"rendered":"<p>El ser humano actual puede ver la realidad que le muestran sus sentidos y\u00a0perfectamente vivir con y dentro de ella. Tambi\u00e9n tiene la capacidad para percibir\u00a0una realidad m\u00e1s sutil e igualmente verdadera, que es la que origina el mundo que el\u00a0cuerpo ve, oye, huele y toca.\u00a0Ambas realidades conviven juntas. Cada persona tiene la opci\u00f3n de [&hellip;]<\/p>\n","protected":false},"author":1,"featured_media":0,"comment_status":"open","ping_status":"open","sticky":false,"template":"","format":"standard","meta":[],"categories":[1],"tags":[142,98,10,143],"_links":{"self":[{"href":"https:\/\/www.encuentrosconlosutil.com\/index.php?rest_route=\/wp\/v2\/posts\/947"}],"collection":[{"href":"https:\/\/www.encuentrosconlosutil.com\/index.php?rest_route=\/wp\/v2\/posts"}],"about":[{"href":"https:\/\/www.encuentrosconlosutil.com\/index.php?rest_route=\/wp\/v2\/types\/post"}],"author":[{"embeddable":true,"href":"https:\/\/www.encuentrosconlosutil.com\/index.php?rest_route=\/wp\/v2\/users\/1"}],"replies":[{"embeddable":true,"href":"https:\/\/www.encuentrosconlosutil.com\/index.php?rest_route=%2Fwp%2Fv2%2Fcomments&post=947"}],"version-history":[{"count":15,"href":"https:\/\/www.encuentrosconlosutil.com\/index.php?rest_route=\/wp\/v2\/posts\/947\/revisions"}],"predecessor-version":[{"id":1198,"href":"https:\/\/www.encuentrosconlosutil.com\/index.php?rest_route=\/wp\/v2\/posts\/947\/revisions\/1198"}],"wp:attachment":[{"href":"https:\/\/www.encuentrosconlosutil.com\/index.php?rest_route=%2Fwp%2Fv2%2Fmedia&parent=947"}],"wp:term":[{"taxonomy":"category","embeddable":true,"href":"https:\/\/www.encuentrosconlosutil.com\/index.php?rest_route=%2Fwp%2Fv2%2Fcategories&post=947"},{"taxonomy":"post_tag","embeddable":true,"href":"https:\/\/www.encuentrosconlosutil.com\/index.php?rest_route=%2Fwp%2Fv2%2Ftags&post=947"}],"curies":[{"name":"wp","href":"https:\/\/api.w.org\/{rel}","templated":true}]}}