{"id":88,"date":"2013-02-28T12:10:39","date_gmt":"2013-02-28T12:10:39","guid":{"rendered":"http:\/\/encuentrosconlosutil.es\/?p=88"},"modified":"2014-02-18T18:10:22","modified_gmt":"2014-02-18T18:10:22","slug":"mas-alla-de-la-interpretacion-de-los-suenos","status":"publish","type":"post","link":"https:\/\/www.encuentrosconlosutil.com\/?p=88","title":{"rendered":"INTEGRA TUS SUE\u00d1OS"},"content":{"rendered":"<p>\u00a0Por Javier Esteban<\/p>\n<p>&nbsp;<\/p>\n<p><strong>Encuentros con lo sutil # 3<\/strong><\/p>\n<p>&nbsp;<\/p>\n<p style=\"text-align: right;\"><em> Freud llam\u00f3\u00a0 a los sue\u00f1os la V\u00eda Regia, el camino real hacia el inconsciente. Yo creo que es el camino real hacia la integraci\u00f3n. Yo no s\u00e9\u00a0 nunca que es lo \u00abinconsciente\u00bb, pero s\u00e9 definitivamente que el sue\u00f1o es la producci\u00f3n m\u00e1s espont\u00e1nea que tenemos.<\/em>\u00a0\u00a0\u00a0\u00a0\u00a0\u00a0\u00a0\u00a0\u00a0\u00a0\u00a0\u00a0\u00a0\u00a0\u00a0\u00a0\u00a0\u00a0\u00a0\u00a0\u00a0\u00a0\u00a0\u00a0\u00a0\u00a0\u00a0\u00a0\u00a0\u00a0\u00a0\u00a0\u00a0\u00a0\u00a0\u00a0\u00a0\u00a0\u00a0\u00a0\u00a0\u00a0\u00a0\u00a0\u00a0\u00a0\u00a0\u00a0\u00a0\u00a0\u00a0\u00a0\u00a0\u00a0<\/p>\n<p style=\"text-align: right;\"><strong>Fritz Perls. <em>Sue\u00f1os y Existencia<\/em>.<\/strong><\/p>\n<p>&nbsp;<\/p>\n<p>&nbsp;<\/p>\n<p>Con esta frase del creador de su escuela, damos la bien venida a <strong>Pedro de Casso<\/strong>, conocido psicoterapeuta gestalt y experto en la integraci\u00f3n de los sue\u00f1os.<\/p>\n<p>Con \u00e9l tendremos la posibilidad de recibir una lecci\u00f3n magistral sobre la vivencia de los sue\u00f1os y su integraci\u00f3n, el pr\u00f3ximo viernes, d\u00eda 8 de Marzo, a las 20 horas.\u00a0<\/p>\n<p>Desde su extensa formaci\u00f3n y muy variada experiencia , Pedro de Casso aporta claridad y concrecci\u00f3n terape\u00fatica al uso de los sue\u00f1os. La integraci\u00f3n de los sue\u00f1os que practica culmina una de las tareas m\u00e1s importantes de la psicolog\u00eda moderna.<\/p>\n<p>&nbsp;<\/p>\n<p>&nbsp;<\/p>\n<p><a href=\"http:\/\/encuentrosconlosutil.es\/mas-alla-de-la-interpretacion-de-los-suenos\/408viso-thyssen-92\/\" rel=\"attachment wp-att-94\"><img loading=\"lazy\" class=\"alignnone size-full wp-image-94\" alt=\"408VISO-THYSSEN-92.\" src=\"http:\/\/www.encuentrosconlosutil.com\/wp-content\/uploads\/2013\/02\/3Salvador-Dali-The-Dream.jpg\" width=\"600\" height=\"752\" srcset=\"https:\/\/www.encuentrosconlosutil.com\/wp-content\/uploads\/2013\/02\/3Salvador-Dali-The-Dream.jpg 600w, https:\/\/www.encuentrosconlosutil.com\/wp-content\/uploads\/2013\/02\/3Salvador-Dali-The-Dream-239x300.jpg 239w\" sizes=\"(max-width: 600px) 100vw, 600px\" \/><\/a><\/p>\n<p>&nbsp;<\/p>\n<p>Con la\u00a0 publicaci\u00f3n de\u00a0 <em>La<\/em> <em>Interpretaci\u00f3n de los sue\u00f1os\u00a0\u00a0<\/em>de <strong>Sigmund Freud,<\/strong> a principios del siglo XX, la psicolog\u00eda trat\u00f3 de enfocar cient\u00edficamente un af\u00e1n humano inmemorial. Freud repas\u00f3 la historia de las diversas interpretaciones de los sue\u00f1os, pero aport\u00f3 una nueva visi\u00f3n (an\u00e1litica e interpretativa) de este fen\u00f3meno inconsciente. Hasta entoces, los sue\u00f1os eran interpretados como mensajes de los dioses o de los muertos, como s\u00edmbolos para la vida de los hombres que algunos hombres pod\u00edan entender. Desde entonces, Freud sent\u00f3 las bases para analizar el lenguaje de los sue\u00f1os.<\/p>\n<p>Los sue\u00f1os nos hablan desde la autenticidad aportando una comunicaci\u00f3n privilegiada con el inconsciente. So\u00f1amos lo que existimos sin las censuras de la vigilia, pero esos mensajes nos llegan metaforizados y condensados, y precisamente por ello, requieren una interpretaci\u00f3n.<\/p>\n<p>Esta t\u00e9cnica interpretativa\u00a0 ha sido usada por diversas escuelas anal\u00edticas para conocer diversas facetas de nuestra personalidad. Pensar que el sue\u00f1o tiene las caracter\u00edsticas de un lenguaje propio que usa met\u00e1foras y metonimias para expresarse mediante la condensaci\u00f3n narrativa y el desplazamiento, ha sido el camino por el que han discurrido diferentes escuelas.<\/p>\n<p>La interpretaci\u00f3n de los sue\u00f1os y sus reglas ha constituido uno de los ejes de la moderna psicolog\u00eda, que sin embargo, parece haber sido complementada por algunas escuelas como la gestalt y su creador, <strong>Fritz Perls<\/strong>.<\/p>\n<p>Por otra parte, esta t\u00e9cnica gest\u00e1ltica\u00a0 de introducir el sue\u00f1o en la vida diurna y enriquecernos psicologicamente ha tenido su parang\u00f3n en las pr\u00e1cticas inmemoriales de diversas comunidades humanas indigenas, en el teatro y en las nuevas terapias. Para Perls lo importante no es interpretar un sue\u00f1o, sino hacerlo consciente mediante la integraci\u00f3n del mismo, actu\u00e1ndolo en presente.<\/p>\n<p>Nuestro invitado a este tercer Encuentro con lo sutil, Pedro de Casso, es un estudioso y un maestro en integrar los sue\u00f1os a trav\u00e9s de\u00a0 nuestra vivencia. Por supuesto, conoce las t\u00e9cnicas interpretativas, pero como su propia escuela, trata de ir m\u00e1s all\u00e1 y de integrar los sue\u00f1os en nuestra vida, us\u00e1ndolos como herramientas para el perfeccionamiento e integraci\u00f3n de la personalidad. Para ello, representarlos y actuarlos en grupo y en presente constituye una herramienta fundamental para conocerlos. Con todas estas t\u00e9cnicas y con algunos voluntarios, tras finalizar su charla, Pedro de Casso nos dar\u00e1 una lecci\u00f3n magistral sobre c\u00f3mo usar nuestros sue\u00f1os para mejorar e integrar nuestro car\u00e1cter.<\/p>\n<p>&nbsp;<\/p>\n<p><span style=\"background-color: #ffffff;\">\u00a0<\/span><\/p>\n<p><span style=\"background-color: #ffffff;\">Las entradas gratuitas, imprescindibles para poder acceder al acto, pueden retirarse en:<\/span><\/p>\n<p><span style=\"background-color: #ffffff;\"><a href=\"http:\/\/www.ticketea.com\/pedro-de-casso-encuentros-con-lo-sutil-3\" target=\"_blank\"><span style=\"background-color: #ffffff;\">http:\/\/www.ticketea.com\/pedro-<wbr \/>de-casso-encuentros-con-lo-<wbr \/>sutil-3<\/span><\/a><\/span><\/p>\n<p><span style=\"background-color: #ffffff;\">\u00a0<\/span><\/p>\n<p><b>PEDRO DE CASSO<\/b><\/p>\n<p>&nbsp;<\/p>\n<p>C<a href=\"http:\/\/encuentrosconlosutil.es\/mas-alla-de-la-interpretacion-de-los-suenos\/pedro02\/\" rel=\"attachment wp-att-91\"><img loading=\"lazy\" class=\"size-full wp-image-91 alignleft\" alt=\"pedro02\" src=\"http:\/\/www.encuentrosconlosutil.com\/wp-content\/uploads\/2013\/02\/pedro02.jpg\" width=\"202\" height=\"216\" \/><\/a>onocido psicoterapeuta, Pedro de Casso es miembro de honor de la Asociaci\u00f3n Espa\u00f1ola de Terapia Gestalt. Su profunda experiencia como terapeuta se completa con sus conocimientos de psicoan\u00e1lisis, bioenerg\u00e9tica, eneagrama y psicoterapia integrativa.<\/p>\n<p>Es coautor de \u201c<i>El hombre integral y la psicolog\u00eda human\u00edstica<\/i>\u201d (Madrid, 1981, 5 vol.) y autor de \u201c<i>Gestalt, terapia de autenticidad. La vida y la obra de Fritz Perls<\/i>\u201d (Barcelona, 2003).<\/p>\n<p>Pedro\u00a0 de Casso ha desarrollado el m\u00e9todo de integraci\u00f3n de los sue\u00f1os, a trav\u00e9s de su actuaci\u00f3n en el presente.<\/p>\n<p>Hombre de cultura, es adem\u00e1s licenciado en Derecho, Filosof\u00eda, Teolog\u00eda y Psicolog\u00eda.<\/p>\n<p>&nbsp;<\/p>\n<p>M\u00e1s informaci\u00f3n en:<\/p>\n<p><a href=\"http:\/\/www.ciparhpsicoterapia.com\/equipo-y-colaboradores\/corredera-de-san-pablo\/pedro-de-casso.html\">http:\/\/www.ciparhpsicoterapia.com\/equipo-y-colaboradores\/corredera-de-san-pablo\/pedro-de-casso.html<\/a><\/p>\n<p><a href=\"http:\/\/www.youtube.com\/watch?v=tCIRiDn6x3c\">http:\/\/www.youtube.com\/watch?v=tCIRiDn6x3c<\/a><\/p>\n<p>&nbsp;<\/p>\n","protected":false},"excerpt":{"rendered":"<p>\u00a0Por Javier Esteban &nbsp; Encuentros con lo sutil # 3 &nbsp; Freud llam\u00f3\u00a0 a los sue\u00f1os la V\u00eda Regia, el camino real hacia el inconsciente. Yo creo que es el camino real hacia la integraci\u00f3n. Yo no s\u00e9\u00a0 nunca que es lo \u00abinconsciente\u00bb, pero s\u00e9 definitivamente que el sue\u00f1o es la producci\u00f3n m\u00e1s espont\u00e1nea que [&hellip;]<\/p>\n","protected":false},"author":1,"featured_media":0,"comment_status":"open","ping_status":"open","sticky":false,"template":"","format":"standard","meta":[],"categories":[2],"tags":[34,70,8,69,71],"_links":{"self":[{"href":"https:\/\/www.encuentrosconlosutil.com\/index.php?rest_route=\/wp\/v2\/posts\/88"}],"collection":[{"href":"https:\/\/www.encuentrosconlosutil.com\/index.php?rest_route=\/wp\/v2\/posts"}],"about":[{"href":"https:\/\/www.encuentrosconlosutil.com\/index.php?rest_route=\/wp\/v2\/types\/post"}],"author":[{"embeddable":true,"href":"https:\/\/www.encuentrosconlosutil.com\/index.php?rest_route=\/wp\/v2\/users\/1"}],"replies":[{"embeddable":true,"href":"https:\/\/www.encuentrosconlosutil.com\/index.php?rest_route=%2Fwp%2Fv2%2Fcomments&post=88"}],"version-history":[{"count":1,"href":"https:\/\/www.encuentrosconlosutil.com\/index.php?rest_route=\/wp\/v2\/posts\/88\/revisions"}],"predecessor-version":[{"id":603,"href":"https:\/\/www.encuentrosconlosutil.com\/index.php?rest_route=\/wp\/v2\/posts\/88\/revisions\/603"}],"wp:attachment":[{"href":"https:\/\/www.encuentrosconlosutil.com\/index.php?rest_route=%2Fwp%2Fv2%2Fmedia&parent=88"}],"wp:term":[{"taxonomy":"category","embeddable":true,"href":"https:\/\/www.encuentrosconlosutil.com\/index.php?rest_route=%2Fwp%2Fv2%2Fcategories&post=88"},{"taxonomy":"post_tag","embeddable":true,"href":"https:\/\/www.encuentrosconlosutil.com\/index.php?rest_route=%2Fwp%2Fv2%2Ftags&post=88"}],"curies":[{"name":"wp","href":"https:\/\/api.w.org\/{rel}","templated":true}]}}