{"id":853,"date":"2014-06-08T09:57:44","date_gmt":"2014-06-08T09:57:44","guid":{"rendered":"http:\/\/www.encuentrosconlosutil.com\/?p=853"},"modified":"2014-06-10T11:22:36","modified_gmt":"2014-06-10T11:22:36","slug":"descanso-estival","status":"publish","type":"post","link":"https:\/\/www.encuentrosconlosutil.com\/?p=853","title":{"rendered":"DESCANSO ESTIVAL."},"content":{"rendered":"<p><a href=\"http:\/\/www.encuentrosconlosutil.com\/wp-content\/uploads\/2014\/06\/arbol.jpg\"><img loading=\"lazy\" class=\"size-full wp-image-854 aligncenter\" alt=\"arbol\" src=\"http:\/\/www.encuentrosconlosutil.com\/wp-content\/uploads\/2014\/06\/arbol.jpg\" width=\"503\" height=\"403\" srcset=\"https:\/\/www.encuentrosconlosutil.com\/wp-content\/uploads\/2014\/06\/arbol.jpg 503w, https:\/\/www.encuentrosconlosutil.com\/wp-content\/uploads\/2014\/06\/arbol-300x240.jpg 300w\" sizes=\"(max-width: 503px) 100vw, 503px\" \/><\/a><\/p>\n<p style=\"text-align: justify;\">Por segundo a\u00f1o consecutivo, llegamos al descanso veraniego en nuestros Encuentros. Nuestro ciclo se ha convertido en <a href=\"http:\/\/www.periodistadigital.com\/periodismo\/prensa\/2014\/05\/06\/eduardo-nolla-repensar-la-democracia-de-un-modo-sutil.shtml\" target=\"_blank\">el ciclo m\u00e1s frecuentado en Madrid en 2013 y lleva camino de serlo tambi\u00e9n en 2014.<\/a> Hemos superado las 5.000 presencias a lo largo de 25 conferencias, entrevistas, talleres y conciertos. En el peque\u00f1o tiempo, nuestra comunidad echa ra\u00edces y ramas, acompa\u00f1ados por la estampa de un roble que ha cumplido nada m\u00e1s y nada menos que 1.500 a\u00f1os.<\/p>\n<p style=\"text-align: justify;\">Agradecemos vuestra presencia y ayuda . Del mismo modo, agradecemos tambi\u00e9n la disposici\u00f3n de los nuevos responsables del Centro Conde Duque \u00a0para \u00a0que el ciclo prosiga.<\/p>\n<p style=\"text-align: justify;\">A lo largo de estas semanas, iremos colgando algunas grabaciones de conferencias anteriores para que pod\u00e1is visualizarlas.<\/p>\n<p style=\"text-align: justify;\">Hasta que nos volvamos a ver, pasad un buen verano.<\/p>\n<p style=\"text-align: justify;\">Esta poderosa imagen de la vida y la naturaleza \u00a0despide nuestras reuniones.<\/p>\n<p style=\"text-align: justify;\">Javier Esteban<\/p>\n<p style=\"text-align: justify;\">\n<p>&nbsp;<\/p>\n<p>&nbsp;<\/p>\n<p>&nbsp;<\/p>\n","protected":false},"excerpt":{"rendered":"<p>Por segundo a\u00f1o consecutivo, llegamos al descanso veraniego en nuestros Encuentros. Nuestro ciclo se ha convertido en el ciclo m\u00e1s frecuentado en Madrid en 2013 y lleva camino de serlo tambi\u00e9n en 2014. Hemos superado las 5.000 presencias a lo largo de 25 conferencias, entrevistas, talleres y conciertos. En el peque\u00f1o tiempo, nuestra comunidad echa [&hellip;]<\/p>\n","protected":false},"author":1,"featured_media":0,"comment_status":"open","ping_status":"open","sticky":false,"template":"","format":"standard","meta":[],"categories":[1],"tags":[],"_links":{"self":[{"href":"https:\/\/www.encuentrosconlosutil.com\/index.php?rest_route=\/wp\/v2\/posts\/853"}],"collection":[{"href":"https:\/\/www.encuentrosconlosutil.com\/index.php?rest_route=\/wp\/v2\/posts"}],"about":[{"href":"https:\/\/www.encuentrosconlosutil.com\/index.php?rest_route=\/wp\/v2\/types\/post"}],"author":[{"embeddable":true,"href":"https:\/\/www.encuentrosconlosutil.com\/index.php?rest_route=\/wp\/v2\/users\/1"}],"replies":[{"embeddable":true,"href":"https:\/\/www.encuentrosconlosutil.com\/index.php?rest_route=%2Fwp%2Fv2%2Fcomments&post=853"}],"version-history":[{"count":7,"href":"https:\/\/www.encuentrosconlosutil.com\/index.php?rest_route=\/wp\/v2\/posts\/853\/revisions"}],"predecessor-version":[{"id":867,"href":"https:\/\/www.encuentrosconlosutil.com\/index.php?rest_route=\/wp\/v2\/posts\/853\/revisions\/867"}],"wp:attachment":[{"href":"https:\/\/www.encuentrosconlosutil.com\/index.php?rest_route=%2Fwp%2Fv2%2Fmedia&parent=853"}],"wp:term":[{"taxonomy":"category","embeddable":true,"href":"https:\/\/www.encuentrosconlosutil.com\/index.php?rest_route=%2Fwp%2Fv2%2Fcategories&post=853"},{"taxonomy":"post_tag","embeddable":true,"href":"https:\/\/www.encuentrosconlosutil.com\/index.php?rest_route=%2Fwp%2Fv2%2Ftags&post=853"}],"curies":[{"name":"wp","href":"https:\/\/api.w.org\/{rel}","templated":true}]}}