{"id":790,"date":"2014-04-11T11:47:53","date_gmt":"2014-04-11T11:47:53","guid":{"rendered":"http:\/\/www.encuentrosconlosutil.com\/?p=790"},"modified":"2014-09-11T10:12:25","modified_gmt":"2014-09-11T10:12:25","slug":"musicoterapia-y-salud","status":"publish","type":"post","link":"https:\/\/www.encuentrosconlosutil.com\/?p=790","title":{"rendered":"MUSICOTERAPIA Y SALUD"},"content":{"rendered":"<p><strong>Encuentros Con Lo Sutil#23<\/strong><\/p>\n<p>&nbsp;<\/p>\n<p><a href=\"http:\/\/www.encuentrosconlosutil.com\/wp-content\/uploads\/2014\/04\/music-therapy.jpg\"><img loading=\"lazy\" class=\"alignnone size-full wp-image-791 aligncenter\" alt=\"music therapy\" src=\"http:\/\/www.encuentrosconlosutil.com\/wp-content\/uploads\/2014\/04\/music-therapy.jpg\" width=\"360\" height=\"328\" srcset=\"https:\/\/www.encuentrosconlosutil.com\/wp-content\/uploads\/2014\/04\/music-therapy.jpg 360w, https:\/\/www.encuentrosconlosutil.com\/wp-content\/uploads\/2014\/04\/music-therapy-300x273.jpg 300w\" sizes=\"(max-width: 360px) 100vw, 360px\" \/><\/a><\/p>\n<p>&nbsp;<\/p>\n<p>&nbsp;<\/p>\n<p style=\"text-align: justify;\"><i>La dificultad de expresar emociones y sentimientos aumenta los niveles de estr\u00e9s , lo que afecta al sistema inmunol\u00f3gico e influye negativamente en el desarrollo de la enfermedad, ya que debilita la autoestima y contribuye a la aparici\u00f3n de estados depresivos<\/i><\/p>\n<p style=\"text-align: justify;\" align=\"right\"><b><i>\u00a0\u00a0Marta Marconi<\/i><\/b><\/p>\n<p style=\"text-align: justify;\"><i>La risa, el optimismo y la felicidad disminuyen la angustia y\u00a0 el dolor, fortalecen el sistema inmunitario e, incluso, aumentan la supervivencia en personas con c\u00e1ncer.<\/i><\/p>\n<p style=\"text-align: justify;\" align=\"right\"><b><i>M. Lupiani\u00a0<\/i><\/b><\/p>\n<p style=\"text-align: justify;\">\n<p style=\"text-align: justify;\"><i>Considero que la posibilidad de expresar y canalizar los sentimientos a trav\u00e9s de una actividad creadora como es la m\u00fasica, es fundamental como estrategia con fines terap\u00e9uticos, ya que \u00a0permite a los pacientes liberarse del estr\u00e9s acumulado y potenciar en ellos un mayor estado de calma y armon\u00eda, as\u00ed como un mejor afrontamiento de la enfermedad.<\/i><\/p>\n<p style=\"text-align: justify;\"><i>\u00a0<\/i><\/p>\n<p style=\"text-align: justify;\" align=\"right\"><b><i>Alicia Lorenzo<\/i><\/b><\/p>\n<p style=\"text-align: justify;\" align=\"right\">\u00bfPuede sanarnos la m\u00fasica? \u00bfDe qu\u00e9 manera la m\u00fasica puede cambiar nuestro estado de \u00e1nimo? \u00bf C\u00f3mo podemos servirnos de ella para sanar y crecer? \u00bfQu\u00e9 empleo tiene en la medicina?<\/p>\n<p style=\"text-align: justify;\" align=\"right\"><strong>El pr\u00f3ximo jueves 24 de abril a las 20,00 horas<\/strong> tendremos ocasi\u00f3n de asistir a una sesi\u00f3n experiencial de musicoterapia, \u00a0conducida por<strong> Alicia Lorenzo<\/strong>.<\/p>\n<p style=\"text-align: justify;\" align=\"right\">En la introducci\u00f3n de esta \u00a0sesi\u00f3n, Alicia nos explicar\u00e1 las aplicaciones de esta terapia y sus resultados en el medicina actual.<\/p>\n<p style=\"text-align: justify;\" align=\"right\">Nuestra invitada:<\/p>\n<p style=\"text-align: justify;\" align=\"right\"><a href=\"http:\/\/www.encuentrosconlosutil.com\/wp-content\/uploads\/2014\/04\/foto-carnet0002-1.jpg\"><img loading=\"lazy\" class=\"wp-image-793 alignleft\" alt=\"foto carnet0002-1\" src=\"http:\/\/www.encuentrosconlosutil.com\/wp-content\/uploads\/2014\/04\/foto-carnet0002-1.jpg\" width=\"165\" height=\"194\" srcset=\"https:\/\/www.encuentrosconlosutil.com\/wp-content\/uploads\/2014\/04\/foto-carnet0002-1.jpg 275w, https:\/\/www.encuentrosconlosutil.com\/wp-content\/uploads\/2014\/04\/foto-carnet0002-1-255x300.jpg 255w\" sizes=\"(max-width: 165px) 100vw, 165px\" \/><\/a><\/p>\n<p style=\"text-align: justify;\">Alicia Lorenzo es violinista y a lo largo de su carrera, desde 1980 hasta 1995, ha colaborado con diferentes orquestas espa\u00f1olas y extranjeras.<\/p>\n<p style=\"text-align: justify;\">Ha realizado estudios de musicoterapia en la Universidad de Nueva York y tiene una amplia experiencia profesional con el autismo, la par\u00e1lisis cerebral, invidentes, pacientes con alzheimer y casos de oncolog\u00eda y de la unidad del dolor.<\/p>\n<p style=\"text-align: justify;\">Es profesora en diversas universidades y organiza el m\u00e1ster de musicoterapia de la UAM, estando especializada en el m\u00e9todo RBL.<\/p>\n<p style=\"text-align: justify;\">Ha sido creadora y es secretaria general de la Fundaci\u00f3n M\u00fasicoterapia y salud, adem\u00e1s de \u00a0una experimentada conferenciante y congresista.<\/p>\n<p style=\"text-align: justify;\">\n<p style=\"text-align: justify;\">\n<p style=\"text-align: justify;\" align=\"right\"><b>El Arte para mejorar la vida del enfermo<\/b><\/p>\n<p style=\"text-align: justify;\" align=\"right\">Por Alicia Moreno<\/p>\n<p style=\"text-align: justify;\" align=\"right\">[Extracto de art\u00edculo]<\/p>\n<p style=\"text-align: justify;\">En Octubre del 2006\u00a0 presentamos un proyecto de Musicoterapia para pacientes con dolor cr\u00f3nico en La Unidad del Dolor del Hospital Ram\u00f3n y Cajal de Madrid.<\/p>\n<p style=\"text-align: justify;\">De aquella experiencia, pude sacar las siguiente conclusiones:<\/p>\n<p style=\"text-align: justify;\">Cada vez se reconoce m\u00e1s que la soluci\u00f3n al problema del dolor no reside s\u00f3lo en el desarrollo de nuevos f\u00e1rmacos, si no en una \u201corganizaci\u00f3n eficiente\u201d que permita emplear adecuadamente tanto estos f\u00e1rmacos como otras t\u00e9cnicas disponibles ( Mu\u00f1oz-Ram\u00f3n, 2001).<\/p>\n<p style=\"text-align: justify;\">El poder trabajar el tema del dolor desde un enfoque multidisciplinar es b\u00e1sico y fundamental.<\/p>\n<p style=\"text-align: justify;\">En cuanto al empleo de la Musicoterapia propiamente dicha, es bastante aconsejable en este campo por su nivel de eficacia, como ha sido constatado con este tipo de pacientes:<\/p>\n<p style=\"text-align: justify;\"><b><i>\u00a0&#8211;<\/i><\/b>La percepci\u00f3n del dolor se puede reducir con t\u00e9cnicas instrumentales (tambores, gongs, toning y otras t\u00e9cnicas musicales).<\/p>\n<p style=\"text-align: justify;\">&#8211; \u00a0Audiciones musicales, visualizaciones y relajaciones con m\u00fasica pueden alterar tambi\u00e9n \u00a0dicha percepci\u00f3n dolorosa.<\/p>\n<p style=\"text-align: justify;\">&#8211;\u00a0Improvisaciones vocales y\/o instrumentales facilitan otras alternativas no verbales para algunas personas con dificultad de expresar.<\/p>\n<p style=\"text-align: justify;\">&#8211;\u00a0\u00a0El uso de la voz (como el toning ), puede estimular la conexi\u00f3n entre el cuerpo, la respiraci\u00f3n y el estado an\u00edmico.<\/p>\n<p style=\"text-align: justify;\">&#8211;\u00a0\u00a0La composici\u00f3n de canciones ( song-writting ), es muy importante para la elaboraci\u00f3n del proceso de la enfermedad, la toma de conciencia del mismo y la toma de decisiones m\u00e1s sanas y m\u00e1s coherentes con las v\u00edas de recuperaci\u00f3n.<\/p>\n<p style=\"text-align: justify;\">-La percepci\u00f3n y vivencia del dolor tambi\u00e9n cambia cuando las im\u00e1genes, vivencias y pensamientos tambi\u00e9n lo hacen.<\/p>\n<p style=\"text-align: justify;\">El paciente tiene que tomar un actitud m\u00e1s activa y responsable en su proceso de recuperaci\u00f3n.<\/p>\n<h1 style=\"text-align: justify;\"><a href=\"https:\/\/www.ticketea.com\/alicia-lorenzoencuentros-con-lo-sutil-23\/\" target=\"_blank\">\u00a0Si quieres imprimir tu entrada gratuita necesaria para acceder al acto, pincha aqu<\/a>\u00ed<\/h1>\n","protected":false},"excerpt":{"rendered":"<p>Encuentros Con Lo Sutil#23 &nbsp; &nbsp; &nbsp; La dificultad de expresar emociones y sentimientos aumenta los niveles de estr\u00e9s , lo que afecta al sistema inmunol\u00f3gico e influye negativamente en el desarrollo de la enfermedad, ya que debilita la autoestima y contribuye a la aparici\u00f3n de estados depresivos \u00a0\u00a0Marta Marconi La risa, el optimismo y [&hellip;]<\/p>\n","protected":false},"author":1,"featured_media":0,"comment_status":"open","ping_status":"open","sticky":false,"template":"","format":"standard","meta":[],"categories":[1],"tags":[34,90,88,89],"_links":{"self":[{"href":"https:\/\/www.encuentrosconlosutil.com\/index.php?rest_route=\/wp\/v2\/posts\/790"}],"collection":[{"href":"https:\/\/www.encuentrosconlosutil.com\/index.php?rest_route=\/wp\/v2\/posts"}],"about":[{"href":"https:\/\/www.encuentrosconlosutil.com\/index.php?rest_route=\/wp\/v2\/types\/post"}],"author":[{"embeddable":true,"href":"https:\/\/www.encuentrosconlosutil.com\/index.php?rest_route=\/wp\/v2\/users\/1"}],"replies":[{"embeddable":true,"href":"https:\/\/www.encuentrosconlosutil.com\/index.php?rest_route=%2Fwp%2Fv2%2Fcomments&post=790"}],"version-history":[{"count":13,"href":"https:\/\/www.encuentrosconlosutil.com\/index.php?rest_route=\/wp\/v2\/posts\/790\/revisions"}],"predecessor-version":[{"id":870,"href":"https:\/\/www.encuentrosconlosutil.com\/index.php?rest_route=\/wp\/v2\/posts\/790\/revisions\/870"}],"wp:attachment":[{"href":"https:\/\/www.encuentrosconlosutil.com\/index.php?rest_route=%2Fwp%2Fv2%2Fmedia&parent=790"}],"wp:term":[{"taxonomy":"category","embeddable":true,"href":"https:\/\/www.encuentrosconlosutil.com\/index.php?rest_route=%2Fwp%2Fv2%2Fcategories&post=790"},{"taxonomy":"post_tag","embeddable":true,"href":"https:\/\/www.encuentrosconlosutil.com\/index.php?rest_route=%2Fwp%2Fv2%2Ftags&post=790"}],"curies":[{"name":"wp","href":"https:\/\/api.w.org\/{rel}","templated":true}]}}