{"id":744,"date":"2014-03-06T06:03:10","date_gmt":"2014-03-06T06:03:10","guid":{"rendered":"http:\/\/www.encuentrosconlosutil.com\/?p=744"},"modified":"2014-09-11T10:13:44","modified_gmt":"2014-09-11T10:13:44","slug":"encuentro-ensenanza-y-celebracion-con-monjes-tibetanos","status":"publish","type":"post","link":"https:\/\/www.encuentrosconlosutil.com\/?p=744","title":{"rendered":"ENCUENTRO, ENSE\u00d1ANZA Y CELEBRACI\u00d3N CON MONJES TIBETANOS"},"content":{"rendered":"<p>&nbsp;<\/p>\n<p><a href=\"http:\/\/www.encuentrosconlosutil.com\/wp-content\/uploads\/2014\/03\/unnamed.jpg\"><img loading=\"lazy\" class=\"wp-image-745 aligncenter\" alt=\"unnamed\" src=\"http:\/\/www.encuentrosconlosutil.com\/wp-content\/uploads\/2014\/03\/unnamed-1024x576.jpg\" width=\"813\" height=\"456\" srcset=\"https:\/\/www.encuentrosconlosutil.com\/wp-content\/uploads\/2014\/03\/unnamed-1024x576.jpg 1024w, https:\/\/www.encuentrosconlosutil.com\/wp-content\/uploads\/2014\/03\/unnamed-300x168.jpg 300w, https:\/\/www.encuentrosconlosutil.com\/wp-content\/uploads\/2014\/03\/unnamed-624x351.jpg 624w, https:\/\/www.encuentrosconlosutil.com\/wp-content\/uploads\/2014\/03\/unnamed.jpg 1164w\" sizes=\"(max-width: 813px) 100vw, 813px\" \/><\/a><\/p>\n<p style=\"text-align: justify;\"><em><strong>Encuentros con lo Sutil# 21<\/strong><\/em><\/p>\n<p style=\"text-align: justify;\">En pr\u00f3ximo<strong> d\u00eda 20 de Marzo, a las 20.00 horas,<\/strong> nos visitar\u00e1n los maestros y Monjes Budistas Tibetanos Gelupa, del Monasterio Gaden Shartse.\u00a0Recibiremos sus ense\u00f1anzas sobre aprender a\u00a0 vivir, celebraremos una ceremonia y compartiremos con ellos nuestra hospitalidad.<\/p>\n<p style=\"text-align: justify;\">Nuestros invitados pertenecen al linaje del Dalai Lama. Su monasterio, Gaden, fue la primera universidad mon\u00e1stica fundada por Je Tsongkapa en 1409.<\/p>\n<p style=\"text-align: justify;\">Tras la invasi\u00f3n de su pa\u00eds, \u00a0a la que ha seguido una pol\u00edtica de genocidio calculado por parte de las autoridades chinas, los monjes tuvieron que exiliarse perdiendo todo cuanto ten\u00edan. \u00a0Desde de su exilio (1959) los monjes de Gaden refundaron su monasterio en la India, en el estado de Karnataka.<\/p>\n<p style=\"text-align: justify;\">Debido a su condici\u00f3n de exiliados, sus medios de vida son muy limitados y dependen en gran medida de las donaciones y ayudas. Los monjes solicitar\u00e1n nuestra ayuda al final de la ceremonia.<\/p>\n<p style=\"text-align: justify;\">El grupo que nos visita est\u00e1 formado por 5 monjes, dos de ellos venerables maestros, los Geshes Larampa\u00a0Jhampa Choden y Geshes Larampa Lobsang Yishe. Geshe significa maestro espiritual de budismo, y Geshe Larampa \u00a0Maestro de Maestros.<\/p>\n<p style=\"text-align: justify;\">La expulsi\u00f3n de los monjes budistas del Tibet y la llegada a Occidente del Budismo ha supuesto un hecho hist\u00f3rico comparable por su dimensi\u00f3n cultural y espiritual a la ca\u00edda de Constantinopla y la llegada de los sabios a Italia. Es pronto para saber si la expansi\u00f3n del Budismo en Occidente tendr\u00e1 aquella trascendencia, pero\u00a0 no para compartir con estos enviados nuestra hospitalidad y ayuda.<\/p>\n<h4 style=\"text-align: justify;\"><strong><a href=\" https:\/\/www.ticketea.com\/monjes-tibetanos-encuentros-con-lo-suti-l21\/\" target=\"_blank\">P\u00ednche aqu\u00ed para imprimir sus entradas gratuitas para poder acceder al acto.<\/a>\u00a0Si usted no puede imprimirlas, reg\u00edstrese y haga una foto de la pantalla con su m\u00f3vil. S<\/strong>i no pudiera obtener su entrada por estar agotadas, podr\u00e1 acceder al espacio despu\u00e9s de que entren las personas con entrada. Se dejar\u00e1 pasar hasta completar aforo.<\/h4>\n<p style=\"text-align: justify;\">Desarrollo del acto:<\/p>\n<p style=\"text-align: justify;\">Presentaci\u00f3n del grupo de monjes y del programa<\/p>\n<p style=\"text-align: justify;\">Aprender a vivir sin sufrimiento. Ense\u00f1anza y preguntas.<\/p>\n<p style=\"text-align: justify;\">Ceremonia. Puja de Tara, para el \u00c9xito, Prosperidad y Protecci\u00f3n, material y Espiritual.<\/p>\n<p style=\"text-align: justify;\">Presentaci\u00f3n de su monasterio y petici\u00f3n de ayuda.<\/p>\n<p style=\"text-align: justify;\">Agradecemos su colaboraci\u00f3n a la asociaci\u00f3n multicultural Inkarri y \u00a0muy especialmente a Rafael Navarro.<\/p>\n<p style=\"text-align: justify;\">Colabora: Inkarri<\/p>\n<p style=\"text-align: justify;\">Informaci\u00f3n completa de su monasterio en\u00a0<a href=\"http:\/\/www.gadenshartse.net\/\" target=\"_blank\">http:\/\/www.gadenshartse.net\/<\/a><\/p>\n<p style=\"text-align: justify;\">Fotos del acto, donde como suele ocurrir en los Encuentros volvi\u00f3 a colgarse el anuncio de no hay entradas, con cerca de 300 asistentes.<\/p>\n<p><a href=\"http:\/\/www.encuentrosconlosutil.com\/wp-content\/uploads\/2014\/03\/mesa1tibet.jpg\"><img loading=\"lazy\" class=\"alignnone  wp-image-772\" alt=\"mesa1tibet\" src=\"http:\/\/www.encuentrosconlosutil.com\/wp-content\/uploads\/2014\/03\/mesa1tibet-1024x520.jpg\" width=\"550\" height=\"279\" srcset=\"https:\/\/www.encuentrosconlosutil.com\/wp-content\/uploads\/2014\/03\/mesa1tibet-1024x520.jpg 1024w, https:\/\/www.encuentrosconlosutil.com\/wp-content\/uploads\/2014\/03\/mesa1tibet-300x152.jpg 300w, https:\/\/www.encuentrosconlosutil.com\/wp-content\/uploads\/2014\/03\/mesa1tibet-624x316.jpg 624w\" sizes=\"(max-width: 550px) 100vw, 550px\" \/><\/a><\/p>\n<p><a href=\"http:\/\/www.encuentrosconlosutil.com\/wp-content\/uploads\/2014\/03\/publico3.jpg\"><img loading=\"lazy\" class=\"alignnone  wp-image-768\" alt=\"publico3\" src=\"http:\/\/www.encuentrosconlosutil.com\/wp-content\/uploads\/2014\/03\/publico3-1024x768.jpg\" width=\"563\" height=\"421\" srcset=\"https:\/\/www.encuentrosconlosutil.com\/wp-content\/uploads\/2014\/03\/publico3-1024x768.jpg 1024w, https:\/\/www.encuentrosconlosutil.com\/wp-content\/uploads\/2014\/03\/publico3-300x225.jpg 300w, https:\/\/www.encuentrosconlosutil.com\/wp-content\/uploads\/2014\/03\/publico3-624x467.jpg 624w\" sizes=\"(max-width: 563px) 100vw, 563px\" \/><\/a><\/p>\n","protected":false},"excerpt":{"rendered":"<p>&nbsp; Encuentros con lo Sutil# 21 En pr\u00f3ximo d\u00eda 20 de Marzo, a las 20.00 horas, nos visitar\u00e1n los maestros y Monjes Budistas Tibetanos Gelupa, del Monasterio Gaden Shartse.\u00a0Recibiremos sus ense\u00f1anzas sobre aprender a\u00a0 vivir, celebraremos una ceremonia y compartiremos con ellos nuestra hospitalidad. Nuestros invitados pertenecen al linaje del Dalai Lama. Su monasterio, Gaden, [&hellip;]<\/p>\n","protected":false},"author":1,"featured_media":0,"comment_status":"open","ping_status":"open","sticky":false,"template":"","format":"standard","meta":[],"categories":[1],"tags":[95,97,94,96,89],"_links":{"self":[{"href":"https:\/\/www.encuentrosconlosutil.com\/index.php?rest_route=\/wp\/v2\/posts\/744"}],"collection":[{"href":"https:\/\/www.encuentrosconlosutil.com\/index.php?rest_route=\/wp\/v2\/posts"}],"about":[{"href":"https:\/\/www.encuentrosconlosutil.com\/index.php?rest_route=\/wp\/v2\/types\/post"}],"author":[{"embeddable":true,"href":"https:\/\/www.encuentrosconlosutil.com\/index.php?rest_route=\/wp\/v2\/users\/1"}],"replies":[{"embeddable":true,"href":"https:\/\/www.encuentrosconlosutil.com\/index.php?rest_route=%2Fwp%2Fv2%2Fcomments&post=744"}],"version-history":[{"count":11,"href":"https:\/\/www.encuentrosconlosutil.com\/index.php?rest_route=\/wp\/v2\/posts\/744\/revisions"}],"predecessor-version":[{"id":875,"href":"https:\/\/www.encuentrosconlosutil.com\/index.php?rest_route=\/wp\/v2\/posts\/744\/revisions\/875"}],"wp:attachment":[{"href":"https:\/\/www.encuentrosconlosutil.com\/index.php?rest_route=%2Fwp%2Fv2%2Fmedia&parent=744"}],"wp:term":[{"taxonomy":"category","embeddable":true,"href":"https:\/\/www.encuentrosconlosutil.com\/index.php?rest_route=%2Fwp%2Fv2%2Fcategories&post=744"},{"taxonomy":"post_tag","embeddable":true,"href":"https:\/\/www.encuentrosconlosutil.com\/index.php?rest_route=%2Fwp%2Fv2%2Ftags&post=744"}],"curies":[{"name":"wp","href":"https:\/\/api.w.org\/{rel}","templated":true}]}}