{"id":717,"date":"2014-02-26T05:27:33","date_gmt":"2014-02-26T05:27:33","guid":{"rendered":"http:\/\/www.encuentrosconlosutil.com\/?p=717"},"modified":"2014-09-11T10:14:25","modified_gmt":"2014-09-11T10:14:25","slug":"la-aventura-del-silencio-charla-y-coloquio-con-pablo-dors","status":"publish","type":"post","link":"https:\/\/www.encuentrosconlosutil.com\/?p=717","title":{"rendered":"El camino del silencio. Charla y coloquio con Pablo d\u00b4Ors"},"content":{"rendered":"<p><strong>\u00a0<\/strong><\/p>\n<h6><a href=\"http:\/\/www.encuentrosconlosutil.com\/wp-content\/uploads\/2014\/02\/10.jpg\"><img loading=\"lazy\" class=\"alignnone  wp-image-722\" alt=\"10\" src=\"http:\/\/www.encuentrosconlosutil.com\/wp-content\/uploads\/2014\/02\/10-300x200.jpg\" width=\"725\" height=\"483\" srcset=\"https:\/\/www.encuentrosconlosutil.com\/wp-content\/uploads\/2014\/02\/10-300x200.jpg 300w, https:\/\/www.encuentrosconlosutil.com\/wp-content\/uploads\/2014\/02\/10-624x417.jpg 624w\" sizes=\"(max-width: 725px) 100vw, 725px\" \/><\/a>fotograf\u00eda de <a href=\"http:\/\/www.manueluzcanga.eu\/\" target=\"_blank\">Manuel Uzkanga<\/a><\/h6>\n<p style=\"text-align: left;\"><em><strong>Encuentros Con Lo Sutil# 20.<\/strong><\/em><\/p>\n<p style=\"text-align: right;\"><em>Ser consciente consiste en contemplar los pensamientos. La conciencia es la unidad consigo mismo.<\/em><\/p>\n<p style=\"text-align: right;\"><strong>Pablo d\u00b4Ors<\/strong><\/p>\n<p style=\"text-align: justify;\"><strong>Pablo d\u00b4Ors,\u00a0<\/strong>nuestro pr\u00f3ximo invitado, no se presenta como un maestro sino como un disc\u00edpulo. Su conocimiento de la meditaci\u00f3n comienza siendo autodidacta, para terminar dando sus frutos y ense\u00f1anzas tras un camino interesante lleno de reflexiones y experiencias. El relato personal de su aventura da vida a <em>Biograf\u00eda del Silencio:<\/em> una gu\u00eda reflexiva de quien se conoce por medio\u00a0 de la meditaci\u00f3n.<\/p>\n<p style=\"text-align: justify;\">Acostumbrados a recibir maestros, la experiencia de Pablo sin duda ser\u00e1 \u00fatil para\u00a0 todos aquellos peatones que buscamos respuestas.\u00a0 Con Pablo charlaremos de su experiencia personal a partir del descubrimiento de la meditaci\u00f3n. Su iniciaci\u00f3n, su recorrido y sus frutos.<\/p>\n<p style=\"text-align: justify;\">Brillante escritor, Pablo es tambi\u00e9n un notable orador.<\/p>\n<p style=\"text-align: justify;\">Os esperamos a todos el pr\u00f3ximo<strong> jueves 6 de marzo, a las 20 horas<\/strong>.<\/p>\n<h4><strong><a href=\"http:\/\/encuentrosconlosutil.us4.list-manage.com\/track\/click?u=023f085b10dc6495c8120c73b&amp;id=b21518b6bd&amp;e=4534c0c880\" target=\"_blank\">P\u00ednche aqu\u00ed para imprimir sus entradas gratuitas para poder acceder al acto.<\/a> Si usted no puede imprimirlas, reg\u00edstrese y haga una foto de la pantalla con su m\u00f3vil. S<\/strong>i usted no pudiera obtener su entrada por estar agotadas, podr\u00e1 acceder al espacio despu\u00e9s de que entren las personas con entrada. Se dejar\u00e1 pasar hasta completar aforo.<\/h4>\n<p style=\"text-align: justify;\">Nuestro invitado:<\/p>\n<p style=\"text-align: justify;\"><a href=\"http:\/\/www.encuentrosconlosutil.com\/wp-content\/uploads\/2014\/02\/pablo-dors-Carmen-Ballv\u00e9.jpg\"><img loading=\"lazy\" class=\"wp-image-723 alignleft\" alt=\"pablo-dors-Carmen-Ballv\u00e9\" src=\"http:\/\/www.encuentrosconlosutil.com\/wp-content\/uploads\/2014\/02\/pablo-dors-Carmen-Ballv\u00e9-206x300.jpg\" width=\"220\" height=\"321\" srcset=\"https:\/\/www.encuentrosconlosutil.com\/wp-content\/uploads\/2014\/02\/pablo-dors-Carmen-Ballv\u00e9-206x300.jpg 206w, https:\/\/www.encuentrosconlosutil.com\/wp-content\/uploads\/2014\/02\/pablo-dors-Carmen-Ballv\u00e9.jpg 305w\" sizes=\"(max-width: 220px) 100vw, 220px\" \/><\/a>Pablo d\u00b4Ors nace en Madrid, en 1963, en el seno de una familia de artistas y se forma en un ambiente cultural alem\u00e1n. Es nieto del ensayista y cr\u00edtico de arte Eugenio d&#8217;Ors, hijo de una fil\u00f3loga y de un m\u00e9dico dibujante, y disc\u00edpulo del monje y te\u00f3logo Elmar Salmann.<\/p>\n<p style=\"text-align: justify;\">Tras graduarse en Nueva York y estudiar Filosof\u00eda y Teolog\u00eda en Roma, Praga y Viena \u2013donde se especializa en german\u00edstica-, se doctora, bajo la direcci\u00f3n de su maestro Elmar Salmann, con una tesis titulada <i>Teopo\u00e9tica. Teolog\u00eda de la experiencia literaria<\/i>. Es ordenado sacerdote en 1991 y es destinado a la misi\u00f3n claretiana de Honduras, donde despliega una labor evangelizadora y social. De vuelta a Espa\u00f1a, compagina su trabajo pastoral -como coadjutor parroquial primero y como capell\u00e1n universitario despu\u00e9s- con una labor docente como profesor de Dramaturgia y de Est\u00e9tica Teol\u00f3gica en diversos centros superiores de Espa\u00f1a y de Argentina. En 2004, por su postura cr\u00edtica y abierta, es relevado de sus cargos en la universidad.<\/p>\n<p style=\"text-align: justify;\">Su trayectoria como novelista comienza en 2000, resultando finalista del premio Herralde e inaugurando su inconfundible estilo, c\u00f3mico y l\u00edrico a un tiempo, espiritual y sensorial. Entre 2001 y 2007 compatibiliza su tarea creativa con la cr\u00edtica literaria en el suplemento cultural del diario ABC. Su nouvelle <i>Andanzas del impresor Zollinger<\/i> es adaptada al teatro y representada en 2011 en Italia por el famoso actor y director Roberto Abbiati. Todas sus obras, emparentadas principalmente con la literatura de Franz Kafka, Hermann Hesse y Milan Kundera, han tenido una excelente acogida por la cr\u00edtica. El reconocimiento del p\u00fablico le llega con su \u00abTrilog\u00eda del silencio\u00bb, conformada por \u00abEl amigo del desierto\u00bb (Anagrama, 2009), la aclamada \u00abBiograf\u00eda dle silencio\u00bb (Siruela, 2012), que ha alcanzado siete ediciones en poco m\u00e1s de un a\u00f1o, y \u00abEl olvido de s\u00ed\u00bb (Pre-textos, 2013), un homenaje a quien considera su padre espiritual: Charles de Foucauld.<\/p>\n<p style=\"text-align: justify;\">En la actualidad, adem\u00e1s de animar en el Centro Abierto de la Fundaci\u00f3n Tomillo un seminario de entrenamiento espiritual, llamado <i>Buscadores de la Monta\u00f1a<\/i>, un curso de Iniciaci\u00f3n a la Contemplaci\u00f3n y un taller de lectura bajko el t\u00edtulo \u00abLa sabidur\u00eda de los cuentos\u00bb, Pablo d\u00b4Ors atiende espiritualmente a los enfermos y moribundos en un hospital de su ciudad natal.<\/p>\n<p style=\"text-align: justify;\"><strong>Entrevista a Pablo d\u00b4Ors, por Javier Rubio. El confidencial.<\/strong><\/p>\n<p style=\"text-align: justify;\">Escritor, sacerdote, doctor en teolog\u00eda y fil\u00f3sofo, <strong>Pablo d&#8217;Ors <\/strong>(Madrid, 1963) est\u00e1 protagonizando un curioso fen\u00f3meno editorial. Su libro dedicado a la meditaci\u00f3n, <em>Biograf\u00eda del silencio <\/em>(Ediciones Siruela) <strong>ha agotado sus cuatro primeras ediciones\u00a0a trav\u00e9s de la recomendaci\u00f3n de quienes lo han le\u00eddo previamente.<\/strong> Desde su amplio bagaje intelectual y su experiencia como religioso,\u00a0el nieto de<strong> Eugenio D\u00b4Ors<\/strong> habla para <em>El Confidencial<\/em>\u00a0de su vivencia directa al margen de cualquier misticismo, y de c\u00f3mo la pr\u00e1ctica de la meditaci\u00f3n puede ayudarnos a todos en nuestra vida cotidiana.<\/p>\n<p style=\"text-align: justify;\"><strong>Defina en sus propias palabras, por favor, que es <em>Biograf\u00eda del Silencio<\/em>\u2026<\/strong><\/p>\n<p style=\"text-align: justify;\">Este libro nace de una pr\u00e1ctica continuada de meditaci\u00f3n. Lleg\u00f3 un momento en el que decid\u00ed escribir un peque\u00f1o diario de mis pr\u00e1cticas de silencio y, ley\u00e9ndolo, me di cuenta de que mi experiencia pod\u00eda ayudar a otros.<\/p>\n<p style=\"text-align: justify;\"><strong>Empez\u00f3 a meditar, seg\u00fan cuenta, por la necesidad de superar la angustia, la ansiedad o la\u00a0 insatisfacci\u00f3n por la proyecci\u00f3n de su carrera literaria. \u00bfLe explot\u00f3, digamos, una bomba en las manos y cogi\u00f3 mayor ambici\u00f3n espiritual o personal?<\/strong><\/p>\n<p style=\"text-align: justify;\">(Piensa mucho la respuesta).\u00a0La vida del hombre puede estar planteada en t\u00e9rminos de suma o de resta. En mi caso personal, hasta los cuarenta a\u00f1os me plante\u00e9 la vida en clave de suma, es decir, intent\u00e9 construir mi identidad sumando experiencias, lecturas, viajes, relaciones&#8230; Desde la resta, en cambio, la cosa es bien distinta, porque no se trata de agregar cosas, sino de quitarlas para descubrir qui\u00e9n eres en realidad. La identidad no es entonces una conquista, sino un descubrimiento.<\/p>\n<p style=\"text-align: justify;\">Somos bastante incapaces de estar con nosotros mismos, en silencio interior. Nos ponemos nerviosos porque enseguida salen a relucir todos nuestros fantasmasCuando empec\u00e9 a meditar, sospechaba que estaba dando un cambio sustancial en este sentido. El descubrimiento esencial fue el de que el silencio es, fundamentalmente, una nostalgia, un p\u00e1nico y una revelaci\u00f3n, por este orden.<\/p>\n<p style=\"text-align: justify;\">Nostalgia porque todos, en mayor o menor medida, decimos que nos gustar\u00eda tener m\u00e1s tiempo de silencio, porque en teor\u00eda lo apreciamos y buscamos. Pero ese deseo suele quedarse ah\u00ed en el noventa y nueve por ciento de los casos, y eso genera nostalgia. P\u00e1nico porque cuando por fin nos atrevemos a hacer silencio, lo primero que descubrimos es que tenemos miedo. Somos bastante incapaces de estar con nosotros mismos, en silencio interior. Nos ponemos nerviosos porque enseguida salen a relucir todos nuestros fantasmas. Pero si superamos ese p\u00e1nico, se produce algo as\u00ed como una revelaci\u00f3n: descubrimos qui\u00e9nes somos y a qu\u00e9 estamos llamados. Es as\u00ed como el silencio nos va educando a estar con nosotros mismos, a conocernos y a aceptarnos. A mi modo de ver, este es el \u00fanico camino para tener una vida decente.<\/p>\n<p style=\"text-align: justify;\"><strong>En un mundo que se acelera irremediablemente, y desde un punto de vista eminentemente pr\u00e1ctico \u00bfLa meditaci\u00f3n es una terapia para evitar el exceso de informaci\u00f3n, de ruido, para superar la sobreestimulaci\u00f3n t\u00edpica de nuestra cultura?<\/strong><\/p>\n<p style=\"text-align: justify;\">S\u00ed, es una terapia. Y no solamente urgente, sino esencial. Urgente es llamar al fontanero cuando en tu casa tienes una gotera, por ejemplo. Pero esencial es dedicar tiempo a la amistad, a la naturaleza, a Dios si se es creyente&#8230;. El principal problema del hombre contempor\u00e1neo es la dispersi\u00f3n; la meditaci\u00f3n fomenta la capacidad de atenci\u00f3n y de concentraci\u00f3n. Y lo cierto es que solamente cuando estamos atentos vivimos de verdad.<\/p>\n<p style=\"text-align: justify;\"><strong>Nuestro sistema educativo nos forma\u00a0para el mejor conocimiento interior. Ejercicio f\u00edsico, alimentaci\u00f3n, conciencia social..,\u00a0pero no contamos con una tradici\u00f3n de formaci\u00f3n de nuestra vida interior.\u00a0<\/strong><strong>\u00bfEs la meditaci\u00f3n una herramienta para ello?<\/strong><\/p>\n<p style=\"text-align: justify;\">Tienes toda la raz\u00f3n. Para m\u00ed este es el gran drama. Hoy no s\u00f3lo se exige una gran determinaci\u00f3n para emprender este camino, que es muy solitario. Es que resulta muy dif\u00edcil encontrar maestros o verdaderos gu\u00edas. Existen, por supuesto, pero son pocos y no es f\u00e1cil encontrarlos. Adem\u00e1s, hace falta una extraordinaria humildad para seguirles.<\/p>\n<p style=\"text-align: justify;\"><strong>Pero usted en este sentido, puede ser un maestro\u2026<\/strong><\/p>\n<p style=\"text-align: justify;\">No, no soy ning\u00fan maestro. Soy un simple buscador que ha escrito su experiencia.<\/p>\n<p style=\"text-align: justify;\"><strong>S\u00ed, pero lleva andado un camino\u2026 Entonces, \u00bfc\u00f3mo y por qu\u00e9 recomendar\u00eda la meditaci\u00f3n al ejecutivo agresivo, al conductor de autobuses, a la madre con hijos y un trabajo&#8230;\u00a0a cualquiera? \u00bfLes va a aportar algo a su vida cotidiana?<\/strong><\/p>\n<p style=\"text-align: justify;\">Les dir\u00eda lo siguiente: vivimos mucho, pero tenemos poca experiencia de la vida. Porque yo diferencio vivencia de experiencia. Vivencia es aquello que nos sucede y experiencia, en cambio, es permitir que eso que nos ha sucedido se pose y nos configure, que nos conforme. Sin la capacidad de parar para acoger, para dar cauce a la receptividad, todas esas vivencias no se har\u00e1n aut\u00e9ntica experiencia en nosotros.<\/p>\n<p style=\"text-align: justify;\"><strong>El hecho de que uno concentre su atenci\u00f3n con semejante intensidad, \u00bfNos ayudar\u00e1 en nuestro quehacer cotidiano, en el d\u00eda a d\u00eda?<\/strong><\/p>\n<p style=\"text-align: justify;\">No veo nada m\u00e1s pr\u00e1ctico. Si caminamos por la calle reconcentrados en nuestros pensamientos, no vemos la realidad. La meditaci\u00f3n te ayuda a salir de ese ensimismamiento que, poco a poco, nos va amargando y minando. Suelo poner un ejemplo que me resulta muy claro. Lev\u00e1ntate una ma\u00f1ana y di en tu interior: \u201cSoy un desastre\u201d; rep\u00edtelo cuantas veces te acuerdes a lo largo de todo el d\u00eda y ver\u00e1s c\u00f3mo llegas a la noche fatal. O, por el contrario, lev\u00e1ntate y comienza a decirte: \u201cSoy una gran persona\u201d, o \u201csoy luz\u201d; ver\u00e1s entonces c\u00f3mo terminar\u00e1s la jornada sinti\u00e9ndote francamente bien.<\/p>\n<p style=\"text-align: justify;\">Puedes tener la peor situaci\u00f3n del mundo, pero si est\u00e1s contento contigo mismo, el asunto es bien distintoEsto significa que el mundo interior, la palabra interior, tiene una capacidad esencial para configurar el propio estado an\u00edmico. La felicidad, por otra parte, no es otra cosa que satisfacci\u00f3n ante la propia imagen. En este sentido, somos bastante responsables de nuestro nivel de satisfacci\u00f3n o insatisfacci\u00f3n. Puedes tener la peor situaci\u00f3n del mundo, pero si est\u00e1s contento contigo mismo, el asunto es bien distinto. Pues esto es, precisamente, lo que proporciona la meditaci\u00f3n.<\/p>\n<p style=\"text-align: justify;\"><strong>Entonces, utilizando una met\u00e1fora, \u00bfLa meditaci\u00f3n podr\u00eda ser para la mente y el alma como la pesa al m\u00fasculo, o las zapatillas a la carrera? Es decir, algo cotidiano con un fin muy pr\u00e1ctico y concreto para nuestra salud integral.<\/strong><\/p>\n<p style=\"text-align: justify;\">As\u00ed es. De hecho, el seminario de entrenamiento espiritual que animo y del soy fundador, \u201cBuscadores de la Monta\u00f1a\u201d se llama, nace precisamente de este planteamiento. Igual que hay gimnasios para el cuerpo f\u00edsico, \u00bfpor qu\u00e9 no plantear un espacio y un tiempo para quienes desean un gimnasio para el esp\u00edritu? S\u00ed, considero que la meditaci\u00f3n podr\u00eda compararse a estas pesas o zapatillas de las que hablas. La met\u00e1fora me parece adecuada.<\/p>\n<p style=\"text-align: justify;\"><strong>Para un gran ejecutivo, por poner un ejemplo, de sectores ultracompetitivos, o para los tiburones financieros? \u00bfNo ser\u00eda la meditaci\u00f3n un torpedo para su forma de funcionar, para su modus operandi? Si meditaran, a lo mejor dejaban su trabajo&#8230;<\/strong><\/p>\n<p style=\"text-align: justify;\">Creo que si las grandes empresas comenzaran una pedagog\u00eda para que sus\u00a0empleados meditaran, en primera instancia se crear\u00eda una gran crisis entre los empleados y la empresa arriesgar\u00eda la quiebra; pero tambi\u00e9n creo que en \u00faltima instancia ser\u00eda de un gran beneficio, puesto que se trabajar\u00eda con mayor plenitud y mayor capacidad de rendimiento. Cuando meditas, tu trabajo es enormemente m\u00e1s eficaz. Si se aumenta en capacidad de concentraci\u00f3n, se realizar\u00e1 el trabajo con mayor eficacia y rapidez. En pocas palabras: si los empleados de una empresa meditasen, mejorar\u00eda el rendimiento de producci\u00f3n, estoy casi seguro.<\/p>\n<p style=\"text-align: justify;\"><strong>\u00bfVivimos entonces una \u00e9poca y un ritmo de vida que, aunque con calidad material,\u00a0es tambi\u00e9n un peligro para la vertiente emocional?<\/strong><\/p>\n<p style=\"text-align: justify;\">Para m\u00ed eso es claro. Si no ponemos remedios contundentes y no perseveramos en su ejecuci\u00f3n, el futuro no es halag\u00fce\u00f1o. Cada vez habr\u00e1 menos personas profundas y ser\u00e1n m\u00e1s uniformes. Los individuos tendr\u00e1n menos personalidad y ser\u00e1n m\u00e1s manipulables. Me preocupa todo esto mucho, y no solo por los dem\u00e1s, sino por m\u00ed mismo, puesto que yo no soy inmune en absoluto.<\/p>\n<p style=\"text-align: justify;\"><strong>La sociedad pide al individuo proactividad, ambici\u00f3n, capacidad para crear tu propio destino, pero la meditaci\u00f3n parece lo opuesto, la aceptaci\u00f3n de la realidad tal y como es.\u00a0\u00bfC\u00f3mo se puede combinar esta dualidad?<\/strong><\/p>\n<p style=\"text-align: justify;\">La meditaci\u00f3n no anula las leg\u00edtimas ambiciones del ser humano, sino que las recoloca. Lo que elimina es la ansiedad a la hora de perseguirlas, as\u00ed como la frustraci\u00f3n si es que no se consigue aquello a lo que se aspira. Yo medito todos los d\u00edas y sigo aspirando a ser un escritor reconocido. A lo que la meditaci\u00f3n me ayuda es a vivir esa aspiraci\u00f3n sin ansiedad; me ayuda a no hacer depender mi felicidad de la consecuci\u00f3n de tal reconocimiento. La felicidad est\u00e1 para m\u00ed ahora m\u00e1s en el camino\u00a0que en la meta.<\/p>\n<p style=\"text-align: justify;\"><strong>Si, como explica, el fruto principal de la meditaci\u00f3n es aceptar la realidad\u2026 \u00a0Ante un enfermedad grave, dificultades duras de la vida, o para los familiares del reciente accidente de Santiago, la realidad es dura\u2026\u00bfPuede ayudarnos su pr\u00e1ctica?<\/strong><\/p>\n<p style=\"text-align: justify;\">Lo que voy a decir ahora es muy gordo y puede ser malinterpretado. El problema radica en que nosotros consideramos que el dolor y el mal no deber\u00edan existir. Por ello, cuando el mal hace su aparici\u00f3n, lo sentimos como una violaci\u00f3n de nuestros derechos, como algo que deber\u00eda ser erradicado de inmediato. La realidad, sin embargo, aunque nos pese, es que el dolor no es antinatural, es natural.<\/p>\n<p style=\"text-align: justify;\">La adversidad puede vivirse como oportunidad y, cuando se vive as\u00ed, sin dejar de ser adversidad, pasa a ser tambi\u00e9n algo constructivo. Pondr\u00e9 un ejemplo. Conozco a muchos enfermos con c\u00e1nceres terminales que lo viven muy mal, con mucha rabia; pero tambi\u00e9n conozco a otros (muchos menos) con los mismos c\u00e1nceres pero con una profunda aceptaci\u00f3n de los mismos. El problema no est\u00e1, por tanto, en el c\u00e1ncer en s\u00ed mismo considerado, sino en la actitud con la que se afronta. Desde determinadas actitudes, lo negativo puede llegar a ser positivo. \u00bfCu\u00e1l es la clave? No huir de la negatividad, del dolor, de la tragedia, sino m\u00e1s bien atravesarla. Y eso es lo que ense\u00f1a la meditaci\u00f3n.<\/p>\n<p style=\"text-align: justify;\">Lo m\u00e1s sensato que cabr\u00eda decir a quien est\u00e1 en medio de una situaci\u00f3n dram\u00e1tica es que la viva, puesto que bien vivida puede aportar una sabidur\u00eda y una plenitud extraordinariasLa quietud propia de la meditaci\u00f3n nos incomoda: enseguida nos pica el cuerpo, por ejemplo, y pronto aparecen pensamientos que agobian. Lo m\u00e1s habitual en esos casos es levantarse y claudicar. Pero si se persevera, si se atraviesa todo eso, lo que se descubre es que dentro de cada uno de nosotros hay algo as\u00ed como un jard\u00edn del Ed\u00e9n, un espacio en el que no hay oscuridad, sino s\u00f3lo\u00a0 luz. En esto que digo no hay nada de esot\u00e9rico. Mucha gente que ha recorrido este camino ha descubierto un reducto en su interioridad donde efectivamente se encuentra bien. Pero eso solo se consigue atravesando la oscuridad.<\/p>\n<p style=\"text-align: justify;\">Por eso,\u00a0a nadie se le debe aconsejar que se escape de su drama. Lo m\u00e1s sensato que cabr\u00eda decir a quien est\u00e1 en medio de una situaci\u00f3n dram\u00e1tica es que la viva, puesto que bien vivida puede aportar una sabidur\u00eda y una plenitud extraordinarias, y ello aunque sea por un camino parad\u00f3jico e incomprensible a nivel racional. Pero no es un camino f\u00e1cil. Es m\u00e1s: cuanto m\u00e1s te adentras en la meditaci\u00f3n, m\u00e1s descubres lo much\u00edsimo que te falta.<\/p>\n<p style=\"text-align: justify;\"><strong>Su experiencia tiene tambi\u00e9n un valor especial porque tambi\u00e9n es un religioso, un sacerdote. \u00bfLa meditaci\u00f3n no pone en evidencia el componente cultural de toda religi\u00f3n, sus dogmas? \u00bfNo se caen muchos \u00eddolos?<\/strong><\/p>\n<p style=\"text-align: justify;\">No solo es que se caigan, sino que deben caerse. Pero no creo que las instituciones sean necesariamente negativas. Lo que s\u00ed son necesariamente es precarias, como todo en nuestra condici\u00f3n humana. Esta tarea\u00a0de desmontaje que se produce cuando hay una pr\u00e1ctica continuada y seria de silencio es necesaria y permite que la pertenencia a una determinada instituci\u00f3n pueda ser m\u00e1s consciente y responsable.<\/p>\n<p style=\"text-align: justify;\"><strong>Con los cambios interiores que se producen cuando meditas \u00bfLa meditaci\u00f3n puede hacer tabla rasa de la religi\u00f3n institucionalizada tal y como la conocemos?<\/strong><\/p>\n<p style=\"text-align: justify;\">(Lo piensa detenidamente) Voy a intentar explicarlo con un ejemplo. Si est\u00e1s casado y meditas, la meditaci\u00f3n puede ayudarte a descubrir los defectos y la relatividad de la persona a la que amas. Pero descubrir esos l\u00edmites o defectos te puede conducir a dos opciones opuestas. Una: pensar que no tiene sentido continuar juntos. Otra: gracias a que conozco los defectos del ser al que amo, puedo amarlo m\u00e1s y mejor. M\u00e1s a\u00fan: es as\u00ed como amo su realidad y no la idea que ten\u00eda de ella. Con la Iglesia o la religi\u00f3n, sucede algo parecido. La meditaci\u00f3n ayuda a descubrir que, en \u00faltimo t\u00e9rmino, t\u00fa mismo eres al menos tan precario como esa instituci\u00f3n a la que perteneces o esa religi\u00f3n que profesas.<\/p>\n<p style=\"text-align: justify;\">La meditaci\u00f3n trabaja uniendo; nos hace comprender que nuestra identidad no se acaba en este cuerpo material, sino que estamos vinculados unos a otrosLa meditaci\u00f3n no te hace un est\u00fapido incapaz de ver lo que hay. Lo negativo existe, es obvio. La meditaci\u00f3n te va limpiando la mirada, eso s\u00ed, y te va haciendo descubrir el lado luminoso y hermoso de todo. Y ello hasta el punto de que quien no tenga esa mirada, pensar\u00e1 no solamente que es ingenua, sino que es idiota. Pero hasta en las realidades m\u00e1s hostiles hay posibilidad de luz.<\/p>\n<p style=\"text-align: justify;\"><strong>En un terreno m\u00e1s metaf\u00edsico o espiritual de la meditaci\u00f3n \u00bfLos profundos estados de conciencia que se alcanzan permiten percibir que exista algo m\u00e1s all\u00e1 de nuestro cuerpo f\u00edsico?<\/strong><\/p>\n<p style=\"text-align: justify;\">Entre quienes meditamos no todos responder\u00edamos de la misma manera a esta pregunta. La meditaci\u00f3n ayuda, entre otras cosas, a darte cuenta de que la definici\u00f3n que has dado de ti mismo es muy pobre. Porque uno no puede definirse simplemente por estar casado o ser soltero, por ser ingeniero o carpintero, tener hijos o no tenerlos, estar en paro o no\u2026 Todo eso son simples circunstancias. Incluso el pensar que eres alegre, t\u00edmido, valiente, entusiasta\u2026 Todo eso es pobre porque nos separa por contraste de los dem\u00e1s. La meditaci\u00f3n trabaja uniendo; nos hace comprender que nuestra identidad no se acaba en este cuerpo material, sino que estamos vinculados unos a otros. Es as\u00ed como empieza uno a sentirse m\u00e1s en conexi\u00f3n o comuni\u00f3n con todos lo dem\u00e1s.<\/p>\n<p style=\"text-align: justify;\">La meditaci\u00f3n te cambia si la amas. S\u00f3lo nos cambia lo que amamosEn este sentido, la meditaci\u00f3n rompe el antropocentrismo y te hace m\u00e1s cosmoc\u00e9ntrico, hasta el punto de hacerte comprender que el materialismo puro no tiene fundamento. Hay multitud de factores que, sin una consistencia material inmediata, te configuran: el amor, la esperanza, la piedad&#8230; Es as\u00ed como puedes llegar a ser una persona m\u00e1s espiritual; pero de ah\u00ed a reconocer que hay un Dios, lo cual es\u00a0un acto de fe, hay ciertamente un trecho.<\/p>\n<p style=\"text-align: justify;\">Meditar es habitar en el anhelo que todos tenemos de una vida mejor. Todos aspiramos a cambiar, a mejorar, a crecer. Existe en el ser humano una clara no conformidad con lo que hay. Mirar interiormente esa no conformidad, ese anhelo, esa aspiraci\u00f3n, eso es meditar. Y eso es lo que nos hace mejores. Para un creyente, yo dir\u00eda que ese anhelo de plenitud es Dios en uno mismo, un Dios que est\u00e1 gritando y pidiendo su espacio y que, en la medida en que se le mira, va ensanch\u00e1ndose m\u00e1s y m\u00e1s.<\/p>\n<p style=\"text-align: justify;\"><strong>En el libro explica c\u00f3mo la meditaci\u00f3n le ha llevado a un determinado estilo de vida\u2026<\/strong><\/p>\n<p style=\"text-align: justify;\">La meditaci\u00f3n te cambia la manera de vivir. Vives con mayor lentitud, por ejemplo. Aprecias m\u00e1s lo esencial, como la naturaleza, la amistad, la oraci\u00f3n, el cuerpo\u2026 La meditaci\u00f3n te cambia si la amas. S\u00f3lo nos cambia lo que amamos.<\/p>\n<p style=\"text-align: center;\"><a href=\"http:\/\/www.encuentrosconlosutil.com\/wp-content\/uploads\/2014\/02\/portada.png\"><img loading=\"lazy\" class=\"size-medium wp-image-726 aligncenter\" alt=\"portada\" src=\"http:\/\/www.encuentrosconlosutil.com\/wp-content\/uploads\/2014\/02\/portada-214x300.png\" width=\"214\" height=\"300\" srcset=\"https:\/\/www.encuentrosconlosutil.com\/wp-content\/uploads\/2014\/02\/portada-214x300.png 214w, https:\/\/www.encuentrosconlosutil.com\/wp-content\/uploads\/2014\/02\/portada.png 305w\" sizes=\"(max-width: 214px) 100vw, 214px\" \/><\/a><\/p>\n<p>&nbsp;<\/p>\n<p><span style=\"color: #ff0000;\">\u00a0ENTRADAS AGOTADAS. SE PERMITIR\u00c1 LA ENTRADA EN LA SALA HASTA COMPLETAR AFORO DEJANDO PASAR PRIMERO A LOS QUE TENGAN ENTRADA,<\/span><\/p>\n<p>&nbsp;<\/p>\n","protected":false},"excerpt":{"rendered":"<p>\u00a0 fotograf\u00eda de Manuel Uzkanga Encuentros Con Lo Sutil# 20. Ser consciente consiste en contemplar los pensamientos. La conciencia es la unidad consigo mismo. Pablo d\u00b4Ors Pablo d\u00b4Ors,\u00a0nuestro pr\u00f3ximo invitado, no se presenta como un maestro sino como un disc\u00edpulo. Su conocimiento de la meditaci\u00f3n comienza siendo autodidacta, para terminar dando sus frutos y ense\u00f1anzas [&hellip;]<\/p>\n","protected":false},"author":1,"featured_media":0,"comment_status":"open","ping_status":"open","sticky":false,"template":"","format":"standard","meta":[],"categories":[1],"tags":[98,100,99],"_links":{"self":[{"href":"https:\/\/www.encuentrosconlosutil.com\/index.php?rest_route=\/wp\/v2\/posts\/717"}],"collection":[{"href":"https:\/\/www.encuentrosconlosutil.com\/index.php?rest_route=\/wp\/v2\/posts"}],"about":[{"href":"https:\/\/www.encuentrosconlosutil.com\/index.php?rest_route=\/wp\/v2\/types\/post"}],"author":[{"embeddable":true,"href":"https:\/\/www.encuentrosconlosutil.com\/index.php?rest_route=\/wp\/v2\/users\/1"}],"replies":[{"embeddable":true,"href":"https:\/\/www.encuentrosconlosutil.com\/index.php?rest_route=%2Fwp%2Fv2%2Fcomments&post=717"}],"version-history":[{"count":15,"href":"https:\/\/www.encuentrosconlosutil.com\/index.php?rest_route=\/wp\/v2\/posts\/717\/revisions"}],"predecessor-version":[{"id":743,"href":"https:\/\/www.encuentrosconlosutil.com\/index.php?rest_route=\/wp\/v2\/posts\/717\/revisions\/743"}],"wp:attachment":[{"href":"https:\/\/www.encuentrosconlosutil.com\/index.php?rest_route=%2Fwp%2Fv2%2Fmedia&parent=717"}],"wp:term":[{"taxonomy":"category","embeddable":true,"href":"https:\/\/www.encuentrosconlosutil.com\/index.php?rest_route=%2Fwp%2Fv2%2Fcategories&post=717"},{"taxonomy":"post_tag","embeddable":true,"href":"https:\/\/www.encuentrosconlosutil.com\/index.php?rest_route=%2Fwp%2Fv2%2Ftags&post=717"}],"curies":[{"name":"wp","href":"https:\/\/api.w.org\/{rel}","templated":true}]}}