{"id":7,"date":"2013-01-19T19:00:13","date_gmt":"2013-01-19T19:00:13","guid":{"rendered":"http:\/\/encuentrosconlosutil.es\/?p=7"},"modified":"2014-02-18T18:11:23","modified_gmt":"2014-02-18T18:11:23","slug":"encuentros-con-lo-sutil-1","status":"publish","type":"post","link":"https:\/\/www.encuentrosconlosutil.com\/?p=7","title":{"rendered":"ABRIMOS NUESTRO CICLO ENCUENTROS CON LO SUTIL CON CLAUDIO NARANJO."},"content":{"rendered":"<div>Por Javier Esteban.<\/div>\n<div>\u00a0<\/div>\n<div><strong>Encuentros con lo sutil #1<\/strong><\/div>\n<div>\u00a0<\/div>\n<div>\u00a0<\/div>\n<div>Inauguramos un nuevo ciclo de conferencias con la presencia de un maestro internacional.\u00a0<\/div>\n<div>Os telegraf\u00edo cu\u00e1l ser\u00e1 la estructura del acto, adem\u00e1s de a\u00f1adir, para quien no lo conozca, algo sobre la vida de Claudio Naranjo.<\/div>\n<div>\u00a0<\/div>\n<div>Contenido del acto:<\/div>\n<div>\u00a0<\/div>\n<div>Charla con Claudio Naranjo sobre sus \u00faltimas obras \u201c Ayahuasca, \u00a0la enredadera celestial\u201d \u00a0y \u201cLa revoluci\u00f3n que esper\u00e1bamos\u201d.<\/div>\n<div>\u00a0<\/div>\n<div>Estreno del documental entrevista \u00a0Claudio Naranjo: la mirada de la integraci\u00f3n.<\/div>\n<div>Actuaci\u00f3n del grupo Ayahuasca tango.<\/div>\n<div>\u00a0<\/div>\n<div>Organiza: Conde Duque.<\/div>\n<div>Colaboran: Fundaci\u00f3n Claudio Naranjo y Librepensamiento Editorial Multimedia. <\/div>\n<div>\u00a0<\/div>\n<div><strong>Fecha: \u00a024- 01- 2013<\/strong><\/div>\n<div><strong>Horario: \u00a019.00- 22.00 horas<\/strong><\/div>\n<div><strong>Contenido: Psicolog\u00eda<\/strong><\/div>\n<div><strong>Formato: \u00a0Charla \/ Concierto\/ Proyecci\u00f3n Documental<\/strong><\/div>\n<div>\u00a0<\/div>\n<div>Desarrollo del acto:<\/div>\n<div>19.00 h Presentaci\u00f3n del Ciclo de conferencias y del conferenciante.<\/div>\n<div>19. 05 \u00a0Concierto de bienvenida a cargo de Ayahuasca Tango.<\/div>\n<div>19.30 Claudio Naranjo charla sobre sus \u00faltimos libros \u201c Ayahuasca, la enredadera celestial\u201d \u00a0y \u201cLa revoluci\u00f3n que esper\u00e1bamos\u201d con el periodista cultural David Barba y con el escritor Javier Esteban, autor del documental Claudio Naranjo, la mirada de la integraci\u00f3n.<\/div>\n<div>21.00 Proyecci\u00f3n de documental.<\/div>\n<div>\u00a0\u00a0<\/div>\n<div>Presentaci\u00f3n del \u00a0invitado:<\/div>\n<div>\u00a0<\/div>\n<div><span style=\"text-decoration: underline;\"><strong>Claudio Naranjo<\/strong><\/span><\/div>\n<div>\u00a0<\/div>\n<div>El <a href=\"http:\/\/encuentrosconlosutil.es\/encuentros-con-lo-sutil-1\/claudio-naranjo-c-fundacia%c2%b3n-claudio-naranjo\/\" rel=\"attachment wp-att-20\"><img loading=\"lazy\" class=\"size-medium wp-image-20 alignleft\" alt=\"Claudio Naranjo (c) Fundaci\u00c3\u00b3n Claudio Naranjo\" src=\"http:\/\/www.encuentrosconlosutil.com\/wp-content\/uploads\/2013\/01\/Claudio-Naranjo-c-Fundaci\u00c3\u00b3n-Claudio-Naranjo-199x300.jpeg\" width=\"199\" height=\"300\" srcset=\"https:\/\/www.encuentrosconlosutil.com\/wp-content\/uploads\/2013\/01\/Claudio-Naranjo-c-Fundaci\u00c3\u00b3n-Claudio-Naranjo-199x300.jpeg 199w, https:\/\/www.encuentrosconlosutil.com\/wp-content\/uploads\/2013\/01\/Claudio-Naranjo-c-Fundaci\u00c3\u00b3n-Claudio-Naranjo.jpeg 225w\" sizes=\"(max-width: 199px) 100vw, 199px\" \/><\/a>doctor Claudio Naranjo, reconocido psiquiatra chileno, escritor, maestro y conferenciante de renombre internacional, es considerado pionero en su trabajo experimental y te\u00f3rico como integrador de la psicoterapia y las tradiciones espirituales. Uno de los primeros investigadores de las plantas psicoactivas y la terapia psicod\u00e9lica y uno de los tres sucesores de Fritz Perls (fundador de la terapia gestalt) en el Instituto Esalen, desarroll\u00f3 posteriormente la psicolog\u00eda de los eneatipos a partir del protoan\u00e1lisis de Ichazo y fund\u00f3 el Instituto SAT (Buscadores de la Verdad [Seekers After Truth]), una escuela de integraci\u00f3n psicoespiritual. Cuando no escribe, viaja por todo el mundo, consagrando su vida a ayudar a los dem\u00e1s en su b\u00fasqueda de la transformaci\u00f3n y tratando de influir en la opini\u00f3n p\u00fablica y las autoridades en la idea de que solo una transformaci\u00f3n radical de la educaci\u00f3n podr\u00e1 cambiar el curso catastr\u00f3fico de la historia.<\/div>\n<div>\u00a0<\/div>\n<div>\u00a0<\/div>\n<div>\u00a0<\/div>\n<div>\u00a0<\/div>\n<div>\u00a0<\/div>\n<div>\u00a0<\/div>\n<div>Trayectoria<\/div>\n<div>\u00a0<\/div>\n<div>Claudio Naranjo naci\u00f3 el 24 de noviembre de 1932, en Valpara\u00edso, Chile. Creci\u00f3 en un ambiente musical y, tras una temprana incursi\u00f3n en el piano, estudi\u00f3 composici\u00f3n musical. Poco despu\u00e9s de entrar en la escuela de medicina, sin embargo, dej\u00f3 de componer y se dedic\u00f3 m\u00e1s a sus intereses filos\u00f3ficos. Importantes influencias de esa \u00e9poca fueron el visionario poeta chileno y escultor T\u00f3tila Albert, el poeta David Rosenman Taub y el fil\u00f3sofo polaco Bogumil Jasinowski.<\/div>\n<div>\u00a0<\/div>\n<div>Tras licenciarse como doctor en medicina, en 1959, fue contratado por la Escuela de Medicina de la Universidad de Chile para formar parte de un pionero centro de estudios en Antropolog\u00eda M\u00e9dica (CEAM), fundado por el profesor Franz Hoffman. Al mismo tiempo, llev\u00f3 a cabo su residencia en psiquiatr\u00eda en la Cl\u00ednica de Psiquiatr\u00eda de la Universidad bajo la direcci\u00f3n de Ignacio Matte-Blanco. Interesado en la investigaci\u00f3n sobre los efectos deshumanizadores de la educaci\u00f3n m\u00e9dica tradicional, viaj\u00f3 brevemente a los Estados Unidos, en una misi\u00f3n asignada por la Universidad de Chile, para explorar el campo del aprendizaje perceptivo y es en ese momento cuando conoce los trabajos del doctor Samuel Renshaw y de Hoyt Sherman, en la Ohio State University.<\/div>\n<div>En 1962 estuvo en Harvard como profesor invitado con una beca Fulbright en el Centro de Estudios de la Personalidad y en el Emerson Hall, donde particip\u00f3 en Seminario de Psicolog\u00eda Social de Gordon Allport. Asimismo, tambi\u00e9n estudi\u00f3 con Paul Tillich. Antes de su regreso a Chile, en 1963, se asoci\u00f3 con el doctor Raymond Cattell, en el IPAT, Instituto de la Personalidad y Capacidad de Prueba, en Champaign (Illinois), y fue invitado a Berkeley (California), para participar en las actividades del Centro de Valoraci\u00f3n e Investigaci\u00f3n de la Personalidad (IPAR). Tras un nuevo periodo en el centro de estudios de antropolog\u00eda m\u00e9dica de la Facultad de Medicina, en la Universidad de Chile, el doctor Naranjo regres\u00f3 una vez m\u00e1s a Berkeley y al IPAR, donde prosigui\u00f3 sus actividades como investigador asociado hasta 1970. Durante esa \u00e9poca se convirti\u00f3 en estudiante de Fritz Perls y en parte de la primera comunidad de la terapia gestalt, y luego comenz\u00f3 a efectuar talleres en el Instituto Esalen. En los a\u00f1os que le llevaron a ser una figura clave en Esalen, el doctor Naranjo tambi\u00e9n recibi\u00f3 entrenamiento adicional y la supervisi\u00f3n de Jim Simkin, en Los \u00c1ngeles, y asisti\u00f3 a talleres de consciencia sensorial con Charlotte Selver. Lleg\u00f3 a ser amigo \u00edntimo de Carlos Castaneda y tambi\u00e9n form\u00f3 parte de la innovadora terapia psicod\u00e9lica de grupo de Leo Zeff (1965-66). Esos encuentros fructificaron en las contribuciones del doctor Naranjo en el uso de harmalina, MDA, iboga\u00edna y otras fenil-isopropil-aminas en el \u00e1mbito de la psicoterapia, descrito parcialmente en su libro The Healing Journey.<\/div>\n<div>\u00a0<\/div>\n<div>En 1969 fue recabado como consultor de pol\u00edtica educativa en el Centro de Investigaci\u00f3n creado por Willis Harman en el Stanford Research Institute (SRI International). Su informe sobre lo que era de aplicaci\u00f3n a la educaci\u00f3n desde el campo de las t\u00e9cnicas psicol\u00f3gicas y espirituales entonces en boga apareci\u00f3 posteriormente en su primer libro, La \u00fanica b\u00fasqueda. Durante ese mismo periodo fue coautor de un libro, con el doctor Robert Ornstein, sobre meditaci\u00f3n (Psicolog\u00eda de la meditaci\u00f3n), y tambi\u00e9n recibi\u00f3 una invitaci\u00f3n de la doctora Ravenna Helson para examinar las diferencias cualitativas entre libros representativos del \u00abmatriarcado\u00bb y el \u00abpatriarcado\u00bb a partir de su<\/div>\n<div>an\u00e1lisis factorial sobre escritores de ficci\u00f3n para ni\u00f1os, lo cual le llev\u00f3 a escribir su libro El ni\u00f1o divino y el h\u00e9roe, que fue publicado mucho despu\u00e9s.<\/div>\n<div>La muerte accidental de su \u00fanico hijo, ocurrida en 1970, marc\u00f3 un punto crucial en la vida de Claudio Naranjo que le llev\u00f3 a emprender un largo peregrinaje, bajo la gu\u00eda de Oscar Ichazo, que incluy\u00f3 un retiro espiritual en el desierto cercano a Arica, Chile. En su opini\u00f3n, este el verdadero principio de su experiencia espiritual, su vida contemplativa y su gu\u00eda interior.<\/div>\n<div>Despu\u00e9s de salir de Arica comenz\u00f3 a ense\u00f1ar a un grupo en Chile, que inclu\u00eda a su madre, alumnos de gestalt y amigos. Este grupo, que comenz\u00f3 de manera m\u00e1s bien improvisada, dio forma a su actividad en Berkeley, durante la d\u00e9cada de los setenta, e hizo posible la creaci\u00f3n de una entidad sin \u00e1nimo de lucro llamada Instituto SAT. Los primeros programas SAT recibieron la visita de una serie de maestros invitados entre los que se contaron el rabino Zalman Schachter, Dhiravamsa, Ch\u2019u Fang Chu (el heredero del \u00faltimo patriarca tao\u00edsta), Sri Harish Johari y Bob Hoffman.<\/div>\n<div>\u00a0<\/div>\n<div>En 1976, el doctor Naranjo fue profesor invitado en el Campus de Santa Cruz, de la Universidad de California, durante dos semestres, y m\u00e1s tarde, de forma intermitente, en el Instituto de Estudios Asi\u00e1ticos de California. Al mismo tiempo, tambi\u00e9n comenz\u00f3 a ofrecer talleres de forma discontinua en Europa. De ese modo, pudo seguir perfeccionando determinados aspectos del mosaico de enfoques contenidos el Programa SAT.<\/div>\n<div>\u00a0<\/div>\n<div>En 1987 lanz\u00f3 un renacido Instituto SAT para el desarrollo personal y profesional en Espa\u00f1a. Desde entonces, el programa SAT se ha extendido con gran \u00e9xito a Italia, Brasil, M\u00e9xico y Argentina y, m\u00e1s recientemente, a Francia, Alemania, Colombia, Gran Breta\u00f1a y Corea del Sur.<\/div>\n<div>Desde finales de los ochenta, el doctor Naranjo ha repartido su agenda anual entre sus actividades en el extranjero y su labor literaria en su casa de Berkeley. Sus numerosas publicaciones incluyen varios libros sobre terapia Gestalt, as\u00ed como una creciente obra sobre las aplicaciones del eneagrama a la personalidad (Car\u00e1cter y neurosis, Autoconocimiento transformador, El eneagrama de la sociedad), un nuevo libro sobre meditaci\u00f3n (Entre meditaci\u00f3n y psicoterapia), y Cantos de despertar, una interpretaci\u00f3n de los grandes libros de Occidente en tanto que expresiones del viaje interior y variaciones del relato del h\u00e9roe. Tambi\u00e9n ha escrito varios libros de contenido sociopol\u00edtico: en La agon\u00eda del patriarcado (el precedente de Sanar la civilizaci\u00f3n y de La mente patriarcal), ofreci\u00f3 por primera vez su interpretaci\u00f3n de la crisis mundial como una expresi\u00f3n de un fen\u00f3meno psicocultural intr\u00ednseco a la misma civilizaci\u00f3n \u2014es decir, la devaluaci\u00f3n de la crianza femenina y el instinto infantil por parte de nuestra cultura guerrera\u2014 y ofreci\u00f3 una posible soluci\u00f3n a esta situaci\u00f3n en el desarrollo arm\u00f3nico de nuestros tres cerebros. En los \u00faltimos tiempos ha coordinado la obra 27 personajes en busca del ser, donde, junto a un equipo de colaboradores del \u00e1mbito de la psicoterapia, escribe sobre el in\u00e9dito asunto de los 27 subtipos de la psicolog\u00eda de los eneatipos; adem\u00e1s, prepara una nueva cosecha de obras sobre eneagrama y otros temas diversos.<\/div>\n<div>\u00a0<\/div>\n<div>Desde finales de los noventa, el doctor Naranjo ha asistido a muchas conferencias sobre educaci\u00f3n y ha tratado de influir en la transformaci\u00f3n del sistema educativo en distintos pa\u00edses. Es su convicci\u00f3n de que \u00abnada es m\u00e1s esperanzador, en t\u00e9rminos de evoluci\u00f3n social, que el fomento colectivo de la sabidur\u00eda, la compasi\u00f3n y la libertad individual\u00bb. A trav\u00e9s de su libro Cambiar la educaci\u00f3n para cambiar el mundo, publicado en 2004, ha tratado de estimular los esfuerzos de los profesores entre los graduados del SAT que comienzan a implicarse en el proyecto SAT Educaci\u00f3n, que ofrece al personal docente y a los estudiantes de las escuelas de educaci\u00f3n un plan de estudios complementario en autoconocimiento, reparaci\u00f3n de relaciones parentales y cultura espiritual y, en general, una \u00abeducaci\u00f3n para los educadores\u00bb. Debido a esas contribuciones, la Universidad de Udine (Italia) le confiri\u00f3, en el a\u00f1o 2005, un Doctorado Honoris Causa en Educaci\u00f3n.<\/div>\n<div>\u00a0<\/div>\n<div>En el a\u00f1o 2006 fue creada la Fundaci\u00f3n Claudio Naranjo para aplicar las propuestas del doctor Naranjo concernientes a la transformaci\u00f3n de la educaci\u00f3n tradicional en una educaci\u00f3n que no descuide el desarrollo humano del que depende, en su opini\u00f3n, nuestra evoluci\u00f3n social.<\/div>\n<div>\u00a0<\/div>\n<div>\u00a0Links<\/div>\n<div>\u00a0<\/div>\n<div>P\u00e1gina web personal: <a href=\"http:\/\/www.claudionaranjo.net\">http:\/\/www.claudionaranjo.net<\/a><\/div>\n<div>Fundaci\u00f3n Claudio Naranjo: <a href=\"http:\/\/www.fundacionclaudionaranjo.com\/\">http:\/\/www.fundacionclaudionaranjo.com\/<\/a><\/div>\n<div>Ediciones La Llave: <a href=\"http:\/\/www.edicioneslallave.com\">http:\/\/www.edicioneslallave.com<\/a><\/div>\n<div>\u00a0<\/div>\n<div>Otros libros de Claudio Naranjo<\/div>\n<div>\u00a0<\/div>\n<div>La vieja y nov\u00edsima gestalt: Actitud y pr\u00e1ctica<\/div>\n<div>La agon\u00eda del patriarcado<\/div>\n<div>La \u00fanica b\u00fasqueda<\/div>\n<div>Gestalt sin fronteras<\/div>\n<div>Car\u00e1cter y neurosis*<\/div>\n<div>Entre meditaci\u00f3n y psicoterapia*<\/div>\n<div>El eneagrama de la sociedad. Males del mundo, males del alma*<\/div>\n<div>Cambiar la educaci\u00f3n para cambiar el mundo*<\/div>\n<div>Cantos del despertar*<\/div>\n<div>Gestalt de vanguardia*<\/div>\n<div>Cosas que vengo diciendo<\/div>\n<div>El ni\u00f1o divino y el h\u00e9roe<\/div>\n<div>Por una gestalt viva*<\/div>\n<div>La mente patriarcal<\/div>\n<div>Sanar la civilizaci\u00f3n*<\/div>\n<div>Autoconocimiento transformador*<\/div>\n<div>27 personajes en busca del ser*<\/div>\n<div>\u00a0<\/div>\n<div>\u00a0<\/div>\n<p>&nbsp;<\/p>\n","protected":false},"excerpt":{"rendered":"<p>Por Javier Esteban. \u00a0 Encuentros con lo sutil #1 \u00a0 \u00a0 Inauguramos un nuevo ciclo de conferencias con la presencia de un maestro internacional.\u00a0 Os telegraf\u00edo cu\u00e1l ser\u00e1 la estructura del acto, adem\u00e1s de a\u00f1adir, para quien no lo conozca, algo sobre la vida de Claudio Naranjo. \u00a0 Contenido del acto: \u00a0 Charla con Claudio [&hellip;]<\/p>\n","protected":false},"author":1,"featured_media":0,"comment_status":"open","ping_status":"open","sticky":false,"template":"","format":"standard","meta":[],"categories":[2],"tags":[3,4,5,9,10],"_links":{"self":[{"href":"https:\/\/www.encuentrosconlosutil.com\/index.php?rest_route=\/wp\/v2\/posts\/7"}],"collection":[{"href":"https:\/\/www.encuentrosconlosutil.com\/index.php?rest_route=\/wp\/v2\/posts"}],"about":[{"href":"https:\/\/www.encuentrosconlosutil.com\/index.php?rest_route=\/wp\/v2\/types\/post"}],"author":[{"embeddable":true,"href":"https:\/\/www.encuentrosconlosutil.com\/index.php?rest_route=\/wp\/v2\/users\/1"}],"replies":[{"embeddable":true,"href":"https:\/\/www.encuentrosconlosutil.com\/index.php?rest_route=%2Fwp%2Fv2%2Fcomments&post=7"}],"version-history":[{"count":1,"href":"https:\/\/www.encuentrosconlosutil.com\/index.php?rest_route=\/wp\/v2\/posts\/7\/revisions"}],"predecessor-version":[{"id":606,"href":"https:\/\/www.encuentrosconlosutil.com\/index.php?rest_route=\/wp\/v2\/posts\/7\/revisions\/606"}],"wp:attachment":[{"href":"https:\/\/www.encuentrosconlosutil.com\/index.php?rest_route=%2Fwp%2Fv2%2Fmedia&parent=7"}],"wp:term":[{"taxonomy":"category","embeddable":true,"href":"https:\/\/www.encuentrosconlosutil.com\/index.php?rest_route=%2Fwp%2Fv2%2Fcategories&post=7"},{"taxonomy":"post_tag","embeddable":true,"href":"https:\/\/www.encuentrosconlosutil.com\/index.php?rest_route=%2Fwp%2Fv2%2Ftags&post=7"}],"curies":[{"name":"wp","href":"https:\/\/api.w.org\/{rel}","templated":true}]}}