{"id":61,"date":"2013-02-11T11:49:00","date_gmt":"2013-02-11T11:49:00","guid":{"rendered":"http:\/\/encuentrosconlosutil.es\/?p=61"},"modified":"2014-02-18T18:11:07","modified_gmt":"2014-02-18T18:11:07","slug":"graciela-figueroa-las-heridas-del-alma-se-curan-bailando","status":"publish","type":"post","link":"https:\/\/www.encuentrosconlosutil.com\/?p=61","title":{"rendered":"Graciela Figueroa: Las heridas del alma se curan bailando."},"content":{"rendered":"<p>\u00a0Por Javier Esteban<\/p>\n<p><strong>\u00a0<\/strong><\/p>\n<p><strong>Encuentros con lo sutil #2<\/strong><\/p>\n<p>&nbsp;<\/p>\n<p>Todos lo hemos observado alguna vez: con el\u00a0 paso del tiempo, nuestras heridas cicatrizan lentamente como las cortezas de un \u00e1rbol que se regenera. El dolor, esa carga intolerable del existir, va alej\u00e1ndose poco a poco. Lo que muchos no sab\u00edamos es que nuestras heridas tambi\u00e9n se curan bailando\u2026\u00a0<\/p>\n<p>Danzar (celebrar) es a veces la mejor forma de aceptar para crecer, colocarnos en nuestro sitio y devolver al mundo. As\u00ed lo hace y as\u00ed lo cuenta Graciela Figueroa, maestra de almas, maestra universal de baile sanador.<\/p>\n<p>&nbsp;<\/p>\n<p>&nbsp;<\/p>\n<p><a href=\"http:\/\/encuentrosconlosutil.es\/graciela-figueroa-las-heridas-del-alma-se-curan-bailando\/attachment\/24716611\/\" rel=\"attachment wp-att-62\"><img loading=\"lazy\" class=\"size-medium wp-image-62 alignright\" alt=\"247166[1](1)\" src=\"http:\/\/www.encuentrosconlosutil.com\/wp-content\/uploads\/2013\/02\/24716611-300x170.jpg\" width=\"300\" height=\"170\" srcset=\"https:\/\/www.encuentrosconlosutil.com\/wp-content\/uploads\/2013\/02\/24716611-300x170.jpg 300w, https:\/\/www.encuentrosconlosutil.com\/wp-content\/uploads\/2013\/02\/24716611.jpg 600w\" sizes=\"(max-width: 300px) 100vw, 300px\" \/><\/a>Si miramos la cara de Graciela intuimos que ha comprendido y que ha vivido y que, por eso, precisamente, trabaja sobre lo sutil. Graciela tiene en su rostro la huella de la sabidur\u00eda. Sobre su don (bailar) parece \u00a0haber encontrado una direcci\u00f3n, el sentido de la vida,\u00a0 el \u00e1ngel que la acompa\u00f1a.\u00a0<\/p>\n<p>A trav\u00e9s de la herramienta del cuerpo- bailando &#8211; movemos nuestras emociones, desatascamos nuestra energ\u00eda, conectamos con nuestro instinto, descargamos nuestra pesada raz\u00f3n, cabalgamos el tigre.\u00a0<\/p>\n<p>Graciela, bienvenida seas. Eres la segunda invitada a nuestros encuentros con lo sutil, el pr\u00f3ximo d\u00eda 20, a las 20 horas.<\/p>\n<p>Contigo nos moveremos y contigo nos emocionaremos. Practicaremos el viejo arte que comunica nuestro cuerpo con nuestra psique, tratando de integrar lo que de verdad somos.<\/p>\n<p>La primera hora la dedicaremos al bailar; la segunda media hora, a platicar contigo.<\/p>\n<p>All\u00ed os esperamos.<\/p>\n<p>&nbsp;<\/p>\n<p>&nbsp;<\/p>\n<p>&nbsp;<\/p>\n<p>Entradas:<\/p>\n<p>&nbsp;<\/p>\n<p><a href=\"http:\/\/www.ticketea.com\/graciela-figueroa-encuentros-con-lo-sutil-2\" target=\"_blank\">http:\/\/www.ticketea.com\/<wbr \/>graciela-figueroa-encuentros-<wbr \/>con-lo-sutil-2<\/a><\/p>\n<p><span style=\"font-size: small;\">\u00a0<\/span><\/p>\n<h1><span style=\"font-size: small;\">GRACIELA FIGUEROA (URUGUAY)<\/span><\/h1>\n<p><span style=\"font-size: small;\">Artista y Terapeuta.<\/span><\/p>\n<p><span style=\"font-size: small;\">Dirige Espacio Movimiento \u2013 R\u00edo Abierto en Espa\u00f1a y Espacio de Desarrollo Arm\u00f3nico \u2013 R\u00edo Abierto y Grupo Espacio de Artes Esc\u00e9nicas en Uruguay. Colabora con el Programa SAT de Psicoterapia Integrativa desde 1987 y con diferentes Centros de Psicoterapia y Desarrollo Personal por toda la geograf\u00eda espa\u00f1ola.<\/span><\/p>\n<p><span style=\"font-size: small;\">Realiza tareas en el \u00e1rea de la Educaci\u00f3n, Salud, Arte y Convivencia en distintos pa\u00edses.<\/span><br \/><span style=\"font-size: small;\"> Reconocida \u201cMaestra de Todos los Tiempos en Danza\u201d por la Fundaci\u00f3n Banco de Boston.<\/span><\/p>\n<p><span style=\"font-size: small;\">Ciudadana Ilustre de la ciudad de Montevideo.<\/span><\/p>\n<p><span style=\"font-size: small;\">La protagonista:<\/span><\/p>\n<p><span style=\"font-size: small;\"><a href=\"http:\/\/www.lavanguardia.com\/lacontra\/20120409\/54283091418\/graciela-figueroa-segun-te-mueves-cambian-tu-mente-y-tus-emociones.html\" target=\"_blank\">http:\/\/www.lavanguardia.com\/lacontra\/20120409\/54283091418\/graciela-figueroa-segun-te-mueves-cambian-tu-mente-y-tus-emociones.html<\/a><\/span><\/p>\n<p>&nbsp;<\/p>\n<p>&nbsp;<\/p>\n<p>&nbsp;<\/p>\n<p>&nbsp;<\/p>\n<p>&nbsp;<\/p>\n<p>&nbsp;<\/p>\n","protected":false},"excerpt":{"rendered":"<p>\u00a0Por Javier Esteban \u00a0 Encuentros con lo sutil #2 &nbsp; Todos lo hemos observado alguna vez: con el\u00a0 paso del tiempo, nuestras heridas cicatrizan lentamente como las cortezas de un \u00e1rbol que se regenera. El dolor, esa carga intolerable del existir, va alej\u00e1ndose poco a poco. Lo que muchos no sab\u00edamos es que nuestras heridas [&hellip;]<\/p>\n","protected":false},"author":1,"featured_media":0,"comment_status":"closed","ping_status":"open","sticky":false,"template":"","format":"standard","meta":[],"categories":[2],"tags":[34,72,11],"_links":{"self":[{"href":"https:\/\/www.encuentrosconlosutil.com\/index.php?rest_route=\/wp\/v2\/posts\/61"}],"collection":[{"href":"https:\/\/www.encuentrosconlosutil.com\/index.php?rest_route=\/wp\/v2\/posts"}],"about":[{"href":"https:\/\/www.encuentrosconlosutil.com\/index.php?rest_route=\/wp\/v2\/types\/post"}],"author":[{"embeddable":true,"href":"https:\/\/www.encuentrosconlosutil.com\/index.php?rest_route=\/wp\/v2\/users\/1"}],"replies":[{"embeddable":true,"href":"https:\/\/www.encuentrosconlosutil.com\/index.php?rest_route=%2Fwp%2Fv2%2Fcomments&post=61"}],"version-history":[{"count":1,"href":"https:\/\/www.encuentrosconlosutil.com\/index.php?rest_route=\/wp\/v2\/posts\/61\/revisions"}],"predecessor-version":[{"id":605,"href":"https:\/\/www.encuentrosconlosutil.com\/index.php?rest_route=\/wp\/v2\/posts\/61\/revisions\/605"}],"wp:attachment":[{"href":"https:\/\/www.encuentrosconlosutil.com\/index.php?rest_route=%2Fwp%2Fv2%2Fmedia&parent=61"}],"wp:term":[{"taxonomy":"category","embeddable":true,"href":"https:\/\/www.encuentrosconlosutil.com\/index.php?rest_route=%2Fwp%2Fv2%2Fcategories&post=61"},{"taxonomy":"post_tag","embeddable":true,"href":"https:\/\/www.encuentrosconlosutil.com\/index.php?rest_route=%2Fwp%2Fv2%2Ftags&post=61"}],"curies":[{"name":"wp","href":"https:\/\/api.w.org\/{rel}","templated":true}]}}