{"id":573,"date":"2014-02-09T01:19:52","date_gmt":"2014-02-09T01:19:52","guid":{"rendered":"http:\/\/www.encuentrosconlosutil.com\/?p=573"},"modified":"2014-09-11T10:14:43","modified_gmt":"2014-09-11T10:14:43","slug":"consciencia-y-transformacion-abriendo-una-brecha-en-el-corazon-de-la-maquina-conferencia-y-dialogo-con-el-dr-manuel-almendro","status":"publish","type":"post","link":"https:\/\/www.encuentrosconlosutil.com\/?p=573","title":{"rendered":"Consciencia y Transformaci\u00f3n: Abriendo una brecha en el coraz\u00f3n de la m\u00e1quina. Charla y coloquio con Dr. Manuel Almendro"},"content":{"rendered":"<p style=\"text-align: justify;\"><strong>Encuentros Con Lo Sutil # 19<\/strong><\/p>\n<p style=\"text-align: justify;\">Por Javier Esteban<\/p>\n<p style=\"text-align: right;\"><em>Un telescopio hacia el interior hoy es posible. Necesitamos recobrar la sabidur\u00eda antigua (intemporal) con las fronteras de la ciencia moderna en un saber de revelaci\u00f3n y \u201crebelaci\u00f3n\u201d.<\/em><br \/>\n<em> La consciencia arcaica, m\u00edtica, racional, integrativa, supramental, parecen abrirse camino y para ello hay herramientas pragm\u00e1ticas entre el bullicio actual, en el que todos estamos inmersos.<\/em><\/p>\n<p style=\"text-align: right;\"><strong>Manuel Almendro<\/strong><\/p>\n<p style=\"text-align: justify;\">Hola a todos: despu\u00e9s de dos meses de descanso y silencio, el pr\u00f3ximo d\u00eda 27 de Febrero, jueves, retomamos el ciclo <strong>Encuentros Con Lo Sutil.<\/strong><\/p>\n<p style=\"text-align: justify;\">En esta ocasi\u00f3n contaremos con la presencia de <strong>Manuel Almendro<\/strong>, eminente psic\u00f3logo e investigador de la consciencia. Con \u00e9l viajaremos desde fuera hacia dentro, con la sugestiva intenci\u00f3n de conocer nuestras herramientas para la transformaci\u00f3n personal.<\/p>\n<p style=\"text-align: justify;\">Manuel responde a nuestra invitaci\u00f3n a conversar, con tres grandes preguntas:<\/p>\n<p style=\"text-align: justify;\">\u00bfEstamos en una crisis de civilizaci\u00f3n sin precedentes?<br \/>\n\u00bfUna crisis no dada en los \u00faltimos 500 a\u00f1os?<br \/>\n\u00bfOtro giro copernicano? \u00bfEsta vez hacia el interior del ser?<\/p>\n<p style=\"text-align: justify;\">Con Manuel tendremos al ocasi\u00f3n de hablar de la transfromaci\u00f3n personal y colectiva, de lo que nos rodea y c\u00f3mo nos influye,\u00a0 de la psicolog\u00eda transpersonal, la consciencia, lo inconsciente, el caos, la crisis, las herramientas para el cambio, la transformaci\u00f3n, la curaci\u00f3n&#8230; sus experiencias y conocimientos sobre chamanismo.<\/p>\n<p style=\"text-align: justify;\"><a href=\"http:\/\/www.encuentrosconlosutil.com\/wp-content\/uploads\/2014\/02\/CONSCIENCIA.3.jpg\"><img loading=\"lazy\" class=\"wp-image-641 aligncenter\" alt=\"CONSCIENCIA.3\" src=\"http:\/\/www.encuentrosconlosutil.com\/wp-content\/uploads\/2014\/02\/CONSCIENCIA.3-300x224.jpg\" width=\"621\" height=\"464\" \/><\/a><\/p>\n<p style=\"text-align: justify;\">Nuestro invitado:<\/p>\n<p style=\"text-align: justify;\"><b>Manuel Almendro. <\/b><\/p>\n<p style=\"text-align: justify;\">Doctor en Psicolog\u00eda. Psic\u00f3logo Especialista en Psicolog\u00eda Cl\u00ednica. Universidad de Barcelona y Madrid. Miembro de la EFPA (EuropeanFederation of Psychology Association)<b>. <\/b>Psic\u00f3logo certificado en psicolog\u00eda y psicoterapia (Certificado EuroPsyotorgado por la Comunidad Europea).<\/p>\n<p style=\"text-align: justify;\">En la actualidad desarrolla el Proceso Oxigeme como formaci\u00f3n de terapeutas en Europa y Am\u00e9rica, integrando todos los campos transitados durante los 30 a\u00f1os de pr\u00e1ctica cl\u00ednica. La curaci\u00f3n es entendida como un proceso evolutivo.<\/p>\n<p style=\"text-align: justify;\">Integra las perspectivas de la <i>psicolog\u00eda occidental<\/i>habiendo trabajado desde 1978 en Psicoan\u00e1lisis (Freud-Lacan), Bioenerg\u00e9tica, Psicolog\u00eda Humanista, tanto en Europa como en Am\u00e9rica.Las <i>referencias cient\u00edficas<\/i> son <i>las teor\u00edas del caos<\/i>\u00a0 y en particular los <i>procesos disipativos,<\/i> habiendo estado en contacto con Francisco Varela y el Nobel Ilia Prigogine.La perspectiva oriental b\u00e1sicamente en la tradici\u00f3n Zen japonesa, coreana y tailandesa.<\/p>\n<p style=\"text-align: justify;\">En 1980 se hace disc\u00edpulo de Don Patricio Pineda, un <i>ind\u00edgena mazateco<\/i> en M\u00e9xico y posteriormente de varios curanderos Shipibos, Asheninkas, Cocamas (Per\u00fa), con un trabajo de campo intensivo desde entonces.<\/p>\n<p style=\"text-align: justify;\">Ha sido presidente de varios congresos internacionales como presidente fundador de ATRE \u2013Asociaci\u00f3n Transpersonal Espa\u00f1ola-. Miembro de varias asociaciones como la <i>Society for Chaos Theory in Psychology and Life Events<\/i> entre otras, est\u00e1 en la organizaci\u00f3n de publicaciones como el IJTS y el JTR.<\/p>\n<p style=\"text-align: justify;\">Ha publicado varios libros y art\u00edculos en espa\u00f1ol e ingl\u00e9s como \u201cPsicolog\u00eda y Psicoterapia Transpersonal\u201d (1994) 5 ediciones\u201cLa Consciencia Transpersonal\u201d (1998), \u201cQue es la curaci\u00f3n\u201d,(2013). \u201cChamanismo. La v\u00eda de la mente nativa\u201d (2008) (Editorial Kair\u00f3s)<\/p>\n<p style=\"text-align: justify;\">\u201cPsicolog\u00eda del Caos\u201d(2002) \u201cKrisis\u201d(2009) en Ediciones la Llave.Psicolog\u00eda Transpersonal Conceptos Clave (2004). Mez Roca (Planeta)<\/p>\n<p style=\"text-align: justify;\">Chaos Psychology&amp;Psychotherapy (Texas, USA)(2013)<\/p>\n<p style=\"text-align: justify;\">Trabaja en Madrid y Barcelona y ofrece seminarios y conferencias por Espa\u00f1a y Am\u00e9rica.<\/p>\n<p style=\"text-align: justify;\">El objetivo principal en estos momentos es crear un centro en plena naturaleza en donde se desarrollar\u00e1 el proceso OXIGEME, con formaci\u00f3n y cl\u00ednica, ambulatoria y de internamiento.<\/p>\n<p style=\"text-align: justify;\"><a href=\"http:\/\/www.encuentrosconlosutil.com\/wp-content\/uploads\/2014\/02\/almendro.jpg\"><img loading=\"lazy\" class=\"alignnone size-medium wp-image-648\" alt=\"almendro\" src=\"http:\/\/www.encuentrosconlosutil.com\/wp-content\/uploads\/2014\/02\/almendro-300x225.jpg\" width=\"300\" height=\"225\" srcset=\"https:\/\/www.encuentrosconlosutil.com\/wp-content\/uploads\/2014\/02\/almendro-300x225.jpg 300w, https:\/\/www.encuentrosconlosutil.com\/wp-content\/uploads\/2014\/02\/almendro-624x468.jpg 624w, https:\/\/www.encuentrosconlosutil.com\/wp-content\/uploads\/2014\/02\/almendro.jpg 640w\" sizes=\"(max-width: 300px) 100vw, 300px\" \/><\/a><\/p>\n<h1 style=\"text-align: justify;\"><a href=\"https:\/\/www.ticketea.com\/manuel-almendro-encuentros-con-lo-sutil-19\/\" target=\"_blank\">DESCARGA TUS ENTRADAS GRATUITAS PINCHANDO EN ESTE LINK<\/a><\/h1>\n<p><span style=\"color: #ff0000;\">\u00a0ENTRADAS AGOTADAS. SE PERMITIR\u00c1 LA ENTRADA EN LA SALA HASTA COMPLETAR AFORO DEJANDO PASAR PRIMERO A LOS QUE TENGAN ENTRADA,<\/span><\/p>\n<p>&nbsp;<\/p>\n<p style=\"text-align: justify;\"><strong>[ Entrevista al Doctor Almendro. Por Victor Amela. La Vanguardia ]<\/strong><\/p>\n<p style=\"text-align: justify;\"><strong><i>Soy un observador de la niebla\u201d, se autodefine el doctor Almendro: \u201cConstruyo puentes entre lo decible (material) y lo indecible (espiritual), busco resquicios y tiendo escaleras\u201d. Dice el doctor Almendro (obras en las editoriales Kair\u00f3s y La Llave) que cada d\u00eda se dan m\u00e1s crisis ps\u00edquicas: catalogadas como patolog\u00edas, Almendro las ve como grietas que se abren hacia la conciencia, v\u00edas de sanaci\u00f3n de una vida absurda. Desde tal perspectiva aborda la psicolog\u00eda transpersonal estas rampantes crisis, que sostiene que son oportunidades al conocimiento verdadero, a otro encaje en el mundo. Por eso diagnostica el doctor Almendro (<a href=\"http:\/\/www.oxigeme.com\/\" target=\"_blank\">http:\/\/www.oxigeme.com<\/a>) que \u201cel caos se avecina\u201d para generar otro paradigma: igual que hay cambio clim\u00e1tico en la biosfera, as\u00ed lo hay en la psicoesfera.<\/i><\/strong><\/p>\n<p style=\"text-align: justify;\"><strong>&#8211; \u00bfQu\u00e9 es la psicolog\u00eda transpersonal?<\/strong><\/p>\n<p style=\"text-align: justify;\">&#8211; La que entiende que la psique traspasa al individuo, que no est\u00e1 constre\u00f1ida a la personalidad individual, al yo, al ego personal.<\/p>\n<p style=\"text-align: justify;\"><strong>&#8211; \u00bfTengo vida ps\u00edquica m\u00e1s all\u00e1 de mi psique personal? Cuesta de aceptar.<\/strong><\/p>\n<p style=\"text-align: justify;\">&#8211; A Jung tambi\u00e9n le cost\u00f3 aceptarlo, aunque al final lo hizo: \u201cEn la medida en que la psique tiene un aspecto no espacial, puede haber psique fuera del cuerpo\u201d, escribi\u00f3.<\/p>\n<p style=\"text-align: justify;\"><strong>&#8211; \u00bfUna psique impersonal, pues?<\/strong><\/p>\n<p style=\"text-align: justify;\">&#8211; Transpersonal: la psique traspasa el ego. Abraham Maslow ya se\u00f1al\u00f3 que la psicolog\u00eda transpersonal se centra y focaliza en el cosmos, no en el ego encapsulado.<\/p>\n<p style=\"text-align: justify;\"><strong>&#8211; \u00bfQui\u00e9n fue el primero en sostener esto?<\/strong><\/p>\n<p style=\"text-align: justify;\">&#8211; Un viejo texto alqu\u00edmico ya apuntaba: \u201cEl alma s\u00f3lo est\u00e1 confinada al cuerpo parcialmente, al igual que Dios est\u00e1 s\u00f3lo parcialmente confinado al cuerpo de mundo\u201d.<\/p>\n<p style=\"text-align: justify;\"><strong>&#8211; Ah. \u00bfEstamos hablando de psicolog\u00eda\u2026 o de otra cosa distinta?<\/strong><\/p>\n<p style=\"text-align: justify;\">&#8211; De psicolog\u00eda\u2026 transpersonal.<\/p>\n<p style=\"text-align: justify;\"><strong>&#8211; \u00bfQu\u00e9 relaci\u00f3n existe entre mi psique personal y la transpersonal?<\/strong><\/p>\n<p style=\"text-align: justify;\">&#8211; Estamos en un terreno misterioso y fascinante, contemplado en la teor\u00eda del caos, de los fractales y los hologramas: \u00a1cada parte del conjunto contiene el conjunto entero!<\/p>\n<p style=\"text-align: justify;\"><strong>&#8211; \u00bfY qu\u00e9 dice de esto la psicolog\u00eda cl\u00e1sica?<\/strong><\/p>\n<p style=\"text-align: justify;\">&#8211; No lo contempla.<\/p>\n<p style=\"text-align: justify;\"><strong>&#8211; Pero si mi psique palpita m\u00e1s all\u00e1 de m\u00ed\u2026, \u00bfqu\u00e9 soy yo?<\/strong><\/p>\n<p style=\"text-align: justify;\">&#8211; \u00c9sa es una pregunta palanca: \u00a1no deber\u00edamos dejar de formul\u00e1rnosla jam\u00e1s! Y, m\u00e1s que para respond\u00e9rnosla, se trata de no dejar de hac\u00e9rsela, de vivir en ella\u2026<\/p>\n<p style=\"text-align: justify;\"><strong>&#8211; Pero s\u00e9 algo seguro: soy un cuerpo.<\/strong><\/p>\n<p style=\"text-align: justify;\">&#8211; Eres cuerpo, y emociones, y mente\u2026 y conciencia.<\/p>\n<p style=\"text-align: justify;\"><strong>&#8211; \u00bfLa conciencia es un precipitado mental?<\/strong><\/p>\n<p style=\"text-align: justify;\">&#8211; La conciencia est\u00e1 m\u00e1s all\u00e1 de la mente: conoce sin el discurrir de la mente. Y podemos ejercitarnos para ir haci\u00e9ndonos m\u00e1s y m\u00e1s sensibles a la conciencia.<\/p>\n<p style=\"text-align: justify;\"><strong>&#8211; \u00bfC\u00f3mo?<\/strong><\/p>\n<p style=\"text-align: justify;\">&#8211; Partamos del cuerpo, lleguemos a la emoci\u00f3n, subamos a la mente\u2026 y deteng\u00e1mosla.<\/p>\n<p style=\"text-align: justify;\"><strong>&#8211; \u00bfPor qu\u00e9?<\/strong><\/p>\n<p style=\"text-align: justify;\">&#8211; Porque la mente est\u00e1 adaptada para la supervivencia cotidiana, y para eso es muy \u00fatil. Pero te distrae de la conciencia. Si aprendes a detener su actividad a voluntad, modificar\u00e1s tu percepci\u00f3n: aflorar\u00e1 la conciencia.<\/p>\n<p style=\"text-align: justify;\"><strong>&#8211; \u00bfY qu\u00e9 ganar\u00e9, en tal caso?<\/strong><\/p>\n<p style=\"text-align: justify;\">&#8211; Una vivencia curativa, terap\u00e9utica. Ya estamos us\u00e1ndola como psicoterapia: te ayuda a ver m\u00e1s all\u00e1 de tu obviedad material.<\/p>\n<p style=\"text-align: justify;\"><strong>&#8211; \u00bfY qu\u00e9 es lo que se ve?<\/strong><\/p>\n<p style=\"text-align: justify;\">&#8211; La realidad integral. Porque en nuestro estado ordinario tememos a la vida interior\u2026 y por eso nos volcamos en la vida exterior, en los objetos. \u00bfY es eso la realidad? \u00a1No! Hemos llegado al extremo de convertirnos en \u201cmateria mec\u00e1nica rentable\u201d y nada m\u00e1s: \u00a1el hombre es ya s\u00f3lo un producto de supermercado para el hombre\u2026!<\/p>\n<p style=\"text-align: justify;\"><strong>&#8211; \u00bfEstamos apartados de la conciencia?<\/strong><\/p>\n<p style=\"text-align: justify;\">&#8211; S\u00ed, y quiz\u00e1 por ello estamos de parto: veo cada d\u00eda m\u00e1s casos de \u201ccrisis emergente\u201d.<\/p>\n<p style=\"text-align: justify;\"><strong>&#8211; \u00bfQu\u00e9 es eso?<\/strong><\/p>\n<p style=\"text-align: justify;\">&#8211; As\u00ed llamo a un estado de crisis, de desasosiego, de caos personal, de sentirte roto. Me llega cada d\u00eda m\u00e1s gente as\u00ed a la consulta\u2026<\/p>\n<p style=\"text-align: justify;\"><strong>&#8211; \u00bfY qu\u00e9 les ocurre?<\/strong><\/p>\n<p style=\"text-align: justify;\">&#8211; Expresan un desencaje entre esa \u201cvida mec\u00e1nica\u201d que nos han convencido de que es la buena\u2026 y atisbos de conciencia.<\/p>\n<p style=\"text-align: justify;\"><strong>&#8211; \u00bfQu\u00e9 tipo de atisbos?<\/strong><\/p>\n<p style=\"text-align: justify;\">&#8211; Pueden manifestarse como una alucinaci\u00f3n, una vivencia inexplicable\u2026 Y esas personas me vienen a ver aterrorizadas, \u00a1temiendo estar volvi\u00e9ndose locas!<\/p>\n<p style=\"text-align: justify;\"><strong>&#8211; \u00bfY no?<\/strong><\/p>\n<p style=\"text-align: justify;\">&#8211; \u00a1No!<\/p>\n<p style=\"text-align: justify;\"><strong>&#8211; \u00bfY qu\u00e9 hace usted?<\/strong><\/p>\n<p style=\"text-align: justify;\">&#8211; Si te hacen creer que ante ciertas vivencias no ordinarias est\u00e1s volvi\u00e9ndote loco\u2026, \u00a1acabar\u00e1s loco! As\u00ed que, como le dije el otro d\u00eda a un paciente: \u201cNo s\u00f3lo no est\u00e1s loco, sino que est\u00e1s excesivamente cuerdo\u201d.<\/p>\n<p style=\"text-align: justify;\"><strong>&#8211; \u00bfY le sirvi\u00f3 eso de algo?<\/strong><\/p>\n<p style=\"text-align: justify;\">&#8211; Le seren\u00f3.<\/p>\n<p style=\"text-align: justify;\"><strong>&#8211; \u00bfNo debemos temer a la locura, doctor?<\/strong><\/p>\n<p style=\"text-align: justify;\">&#8211; S\u00f3lo debemos temer al miedo. El miedo nos destruye. Mire, deber\u00edamos entender que el mundo cotidiano no es m\u00e1s que una alucinaci\u00f3n\u2026 conveniente. Pero alucinaci\u00f3n, al cabo. La alucinaci\u00f3n en la que vives.<\/p>\n<p style=\"text-align: justify;\"><strong>&#8211; Es una forma de verlo\u2026<\/strong><\/p>\n<p style=\"text-align: justify;\">&#8211; Es que no hay m\u00e1s que eso: formas de ver. Soportamos el rozamiento del mundo gracias a que llegamos aqu\u00ed con una coraza, la coraza de nuestra psicogenealog\u00eda. Y la mayor\u00eda de las personas muere con esa coraza puesta. Pero a otras comienza a apretarles hasta la asfixia\u2026 y necesitan romperla, mudarla por otra m\u00e1s flexible.<\/p>\n<p style=\"text-align: justify;\"><strong>&#8211; Ah, he ah\u00ed su \u201ccrisis emergente\u201d, \u00bfno?<\/strong><\/p>\n<p style=\"text-align: justify;\">&#8211; Aj\u00e1. Tambi\u00e9n se le llama \u201cenfermedad\u201d. Bueno, pues si se trata de una patolog\u00eda, digo que es una \u201cpatolog\u00eda inici\u00e1tica\u201d.<\/p>\n<p style=\"text-align: justify;\"><strong>&#8211; \u00bfInici\u00e1tica en qu\u00e9 sentido?<\/strong><\/p>\n<p style=\"text-align: justify;\">&#8211; Para la psicolog\u00eda transpersonal, todo obst\u00e1culo es palanca. \u00a1Es la ciencia que permite transformar el sufrimiento en dicha!<\/p>\n<p style=\"text-align: justify;\"><strong>&#8211; Vaya, \u00a1menuda piedra filosofal\u2026!<\/strong><\/p>\n<p style=\"text-align: justify;\">&#8211; La ciencia convencional sostiene que el gen, la hormona, la neuroqu\u00edmica, es causa de tal o cual alteraci\u00f3n. \u00bfS\u00ed? Es causa\u2026 \u00bfo es efecto? \u00bfY si\u2026, y si en verdad la conciencia pudiese alterar lo bioqu\u00edmico?<\/p>\n<p style=\"text-align: justify;\"><strong>&#8211; \u00bfPuede?<\/strong><\/p>\n<p style=\"text-align: justify;\">&#8211; Desarrollo ahora un protocolo de investigaci\u00f3n con anatomopat\u00f3logos para testar nuestra capacidad de acceder a nuestra farmacia interior. \u00c9ste es el reto \u00faltimo de la ciencia: hab\u00e9rselas con lo inmaterial.<\/p>\n<p style=\"text-align: justify;\"><strong><i>Entrevista publicada en La Contra de la Vanguardia el 14\/09\/2007, y realizada por V\u00edctor Amela<\/i><\/strong><\/p>\n<p>&nbsp;<\/p>\n","protected":false},"excerpt":{"rendered":"<p>Encuentros Con Lo Sutil # 19 Por Javier Esteban Un telescopio hacia el interior hoy es posible. Necesitamos recobrar la sabidur\u00eda antigua (intemporal) con las fronteras de la ciencia moderna en un saber de revelaci\u00f3n y \u201crebelaci\u00f3n\u201d. La consciencia arcaica, m\u00edtica, racional, integrativa, supramental, parecen abrirse camino y para ello hay herramientas pragm\u00e1ticas entre el [&hellip;]<\/p>\n","protected":false},"author":1,"featured_media":0,"comment_status":"open","ping_status":"open","sticky":false,"template":"","format":"standard","meta":[],"categories":[1],"tags":[19,32,102,101,31],"_links":{"self":[{"href":"https:\/\/www.encuentrosconlosutil.com\/index.php?rest_route=\/wp\/v2\/posts\/573"}],"collection":[{"href":"https:\/\/www.encuentrosconlosutil.com\/index.php?rest_route=\/wp\/v2\/posts"}],"about":[{"href":"https:\/\/www.encuentrosconlosutil.com\/index.php?rest_route=\/wp\/v2\/types\/post"}],"author":[{"embeddable":true,"href":"https:\/\/www.encuentrosconlosutil.com\/index.php?rest_route=\/wp\/v2\/users\/1"}],"replies":[{"embeddable":true,"href":"https:\/\/www.encuentrosconlosutil.com\/index.php?rest_route=%2Fwp%2Fv2%2Fcomments&post=573"}],"version-history":[{"count":19,"href":"https:\/\/www.encuentrosconlosutil.com\/index.php?rest_route=\/wp\/v2\/posts\/573\/revisions"}],"predecessor-version":[{"id":748,"href":"https:\/\/www.encuentrosconlosutil.com\/index.php?rest_route=\/wp\/v2\/posts\/573\/revisions\/748"}],"wp:attachment":[{"href":"https:\/\/www.encuentrosconlosutil.com\/index.php?rest_route=%2Fwp%2Fv2%2Fmedia&parent=573"}],"wp:term":[{"taxonomy":"category","embeddable":true,"href":"https:\/\/www.encuentrosconlosutil.com\/index.php?rest_route=%2Fwp%2Fv2%2Fcategories&post=573"},{"taxonomy":"post_tag","embeddable":true,"href":"https:\/\/www.encuentrosconlosutil.com\/index.php?rest_route=%2Fwp%2Fv2%2Ftags&post=573"}],"curies":[{"name":"wp","href":"https:\/\/api.w.org\/{rel}","templated":true}]}}