{"id":571,"date":"2014-02-09T01:19:12","date_gmt":"2014-02-09T01:19:12","guid":{"rendered":"http:\/\/www.encuentrosconlosutil.com\/?p=571"},"modified":"2014-06-10T11:12:39","modified_gmt":"2014-06-10T11:12:39","slug":"balance-de-encuentros-continuidad-del-ciclo","status":"publish","type":"post","link":"https:\/\/www.encuentrosconlosutil.com\/?p=571","title":{"rendered":"CONTINUIDAD DEL CICLO"},"content":{"rendered":"<p>&nbsp;<\/p>\n<p style=\"text-align: justify;\">Hola a todos, hemos cerrado el a\u00f1o 2013 con un balance muy positivo:<\/p>\n<h2 style=\"text-align: justify;\">18 actos:\u00a0 2 talleres, 2 conciertos, 2 entrevistas, 12 conferencias.<\/h2>\n<h2 style=\"text-align: justify;\">3.256 Presencias<\/h2>\n<h2 style=\"text-align: justify;\">14.567 visitas \u00fanicas a nuestro blog, que ahora contin\u00faa en esta p\u00e1gina.<\/h2>\n<h2 style=\"text-align: justify;\">Quiero daros las gracias a todos los asistentes a este ciclo, el ciclo de actividades m\u00e1s frecuentado en Madrid, 2013<\/h2>\n<h2 style=\"text-align: justify;\">La continuidad del ciclo est\u00e1 debati\u00e9ndose en estos momentos, debido a los recortes y a los cambios en Conde Duque y Madrid Destino.<\/h2>\n<h2 style=\"text-align: justify;\">En las pr\u00f3ximas semanas sabremos si puede encontrarse una soluci\u00f3n, pero contamos con algunas conferencias puente desde aqu\u00ed a finales de mayo.<\/h2>\n<h2 style=\"text-align: justify;\">Os iremos informando en esta direcci\u00f3n.<\/h2>\n<h2 style=\"text-align: justify;\">Un saludo a todos,<\/h2>\n<h2 style=\"text-align: justify;\">Si alguien desea m\u00e1s informaci\u00f3n puede escribir a encuentrosconlosutil@gmail.com<\/h2>\n<p style=\"text-align: justify;\">\n","protected":false},"excerpt":{"rendered":"<p>&nbsp; Hola a todos, hemos cerrado el a\u00f1o 2013 con un balance muy positivo: 18 actos:\u00a0 2 talleres, 2 conciertos, 2 entrevistas, 12 conferencias. 3.256 Presencias 14.567 visitas \u00fanicas a nuestro blog, que ahora contin\u00faa en esta p\u00e1gina. Quiero daros las gracias a todos los asistentes a este ciclo, el ciclo de actividades m\u00e1s frecuentado [&hellip;]<\/p>\n","protected":false},"author":1,"featured_media":0,"comment_status":"open","ping_status":"open","sticky":false,"template":"","format":"standard","meta":[],"categories":[1],"tags":[],"_links":{"self":[{"href":"https:\/\/www.encuentrosconlosutil.com\/index.php?rest_route=\/wp\/v2\/posts\/571"}],"collection":[{"href":"https:\/\/www.encuentrosconlosutil.com\/index.php?rest_route=\/wp\/v2\/posts"}],"about":[{"href":"https:\/\/www.encuentrosconlosutil.com\/index.php?rest_route=\/wp\/v2\/types\/post"}],"author":[{"embeddable":true,"href":"https:\/\/www.encuentrosconlosutil.com\/index.php?rest_route=\/wp\/v2\/users\/1"}],"replies":[{"embeddable":true,"href":"https:\/\/www.encuentrosconlosutil.com\/index.php?rest_route=%2Fwp%2Fv2%2Fcomments&post=571"}],"version-history":[{"count":8,"href":"https:\/\/www.encuentrosconlosutil.com\/index.php?rest_route=\/wp\/v2\/posts\/571\/revisions"}],"predecessor-version":[{"id":864,"href":"https:\/\/www.encuentrosconlosutil.com\/index.php?rest_route=\/wp\/v2\/posts\/571\/revisions\/864"}],"wp:attachment":[{"href":"https:\/\/www.encuentrosconlosutil.com\/index.php?rest_route=%2Fwp%2Fv2%2Fmedia&parent=571"}],"wp:term":[{"taxonomy":"category","embeddable":true,"href":"https:\/\/www.encuentrosconlosutil.com\/index.php?rest_route=%2Fwp%2Fv2%2Fcategories&post=571"},{"taxonomy":"post_tag","embeddable":true,"href":"https:\/\/www.encuentrosconlosutil.com\/index.php?rest_route=%2Fwp%2Fv2%2Ftags&post=571"}],"curies":[{"name":"wp","href":"https:\/\/api.w.org\/{rel}","templated":true}]}}