{"id":570,"date":"2014-01-27T16:41:53","date_gmt":"2014-01-27T16:41:53","guid":{"rendered":"http:\/\/www.javieresteban.info\/encuentrosconlosutil\/?p=570"},"modified":"2015-03-18T16:31:02","modified_gmt":"2015-03-18T16:31:02","slug":"entre-ciencia-y-consciencia-entrevista-al-dr-cacabelos","status":"publish","type":"post","link":"https:\/\/www.encuentrosconlosutil.com\/?p=570","title":{"rendered":"ENTRE CIENCIA Y CONSCIENCIA. ENTREVISTA AL DR. CACABELOS"},"content":{"rendered":"<p><a href=\"http:\/\/www.encuentrosconlosutil.com\/wp-content\/uploads\/2014\/01\/foto-doctor-cacabelos.jpg\"><img loading=\"lazy\" class=\"alignnone  wp-image-731\" src=\"http:\/\/www.encuentrosconlosutil.com\/wp-content\/uploads\/2014\/01\/foto-doctor-cacabelos-300x211.jpg\" alt=\"foto doctor cacabelos\" width=\"583\" height=\"410\" srcset=\"https:\/\/www.encuentrosconlosutil.com\/wp-content\/uploads\/2014\/01\/foto-doctor-cacabelos-300x211.jpg 300w, https:\/\/www.encuentrosconlosutil.com\/wp-content\/uploads\/2014\/01\/foto-doctor-cacabelos-1024x721.jpg 1024w, https:\/\/www.encuentrosconlosutil.com\/wp-content\/uploads\/2014\/01\/foto-doctor-cacabelos-624x439.jpg 624w, https:\/\/www.encuentrosconlosutil.com\/wp-content\/uploads\/2014\/01\/foto-doctor-cacabelos.jpg 1600w\" sizes=\"(max-width: 583px) 100vw, 583px\" \/><\/a><\/p>\n<p><strong><em>Encuentros con lo sutil # 18<\/em><\/strong><\/p>\n<p>Por Javier <span style=\"font-size: medium;\">Esteban<\/span><\/p>\n<p>&nbsp;<\/p>\n<p style=\"text-align: right;\"><span style=\"font-size: medium;\"><em>Un grupo de cient\u00edficos espa\u00f1oles, dirigidos por el doctor Ram\u00f3n Cacabelos, ha dise\u00f1ado la primera vacuna contra el alzheimer capaz de prevenir la enfermedad o revertir sus manifestaciones cuando ya se ha desarrollado, tal y como han evidenciado los ensayos realizados en ratones transg\u00e9nicos.<\/em><\/span><\/p>\n<p style=\"text-align: right;\"><strong>Agencia EFE. Enero de 2013<br \/>\n<\/strong><\/p>\n<p style=\"text-align: right;\"><em><span style=\"font-size: medium;\">Lo importante es no dejar de hacerse preguntas.<\/span><\/em><\/p>\n<p style=\"text-align: right;\"><span style=\"font-size: medium;\"><strong>Albert Einstein.<\/strong><\/span><\/p>\n<p style=\"text-align: right;\"><span style=\"font-size: medium;\"><i>El silencio es el ruido del alma buscando soluciones.<\/i><\/span><\/p>\n<p style=\"text-align: right;\"><span style=\"font-size: medium;\"><strong>Ram\u00f3n Cacabelos.<\/strong><\/span><\/p>\n<p>&nbsp;<\/p>\n<p><span style=\"font-size: medium;\">El pr\u00f3ximo<strong> jueves 19 de diciembre, a las 20.00 horas,<\/strong> clausuraremos el primer a\u00f1o del ciclo Encuentros Con Lo Sutil, en el Centro Cultural Conde Duque.<br \/>\n<\/span><\/p>\n<p><span style=\"font-size: medium;\">Para cerrar nuestro ciclo, contaremos con la presencia del gran investigador y profesor <strong>Dr. Cacabelos, <\/strong>al que entrevistare en p\u00fablico para conocer su visi\u00f3n de la ciencia y la consciencia.<\/span><\/p>\n<p><span style=\"font-size: medium;\"><strong>Ram\u00f3n Cacabelos<\/strong> est\u00e1 considerado uno de los m\u00e1s importantes investigadores espa\u00f1oles por sus aportaciones al conocimiento de la mente humana y de enfermedades como el <em>Alzheimer<\/em><i>,<\/i> pero Ram\u00f3n Cacabelos es adem\u00e1s un hombre de amplia cultura humanista, autor de 14 libros que versan sobre investigaci\u00f3n y ciencia, pero tambi\u00e9n temas sobre relacionados con la consciencia y el sentido de la vida.<\/span><\/p>\n<p><span style=\"font-size: medium;\">Para presentar al doctor contaremos con la presencia de<strong>, don Eduardo Nolla<\/strong>, eminente profesor y polit\u00f3logo, conocido por su estudio sobre la libertad pol\u00edtica y sus trabajos sobre Tocqueville.<\/span><\/p>\n<p><span style=\"font-size: medium;\">De igual modo, contaremos con la presencia de don<strong> Juan Jos\u00e9 Herrera de la Muela<\/strong><\/span><strong>,<\/strong> quien clausurar\u00e1 este primer ciclo de los Encuentros Con Lo Sutil 2013<\/p>\n<p>&nbsp;<\/p>\n<p>&nbsp;<\/p>\n<p><span style=\"font-size: medium;\"><strong>conocimiento@condeduquemadrid.es<\/strong><\/span><\/p>\n<p><span style=\"font-size: medium;\">Los asuntos que hemos planteado, como base de esta entrevista, ser\u00e1n:<\/span><\/p>\n<p><span style=\"font-size: medium;\">La curiosidad y la vocaci\u00f3n investigadora.<\/span><\/p>\n<p><span style=\"font-size: medium;\">Alheimer a identidad. Estado de las investigaciones en curso.<\/span><\/p>\n<p><span style=\"font-size: medium;\">La revoluci\u00f3n cultural en la medicina.<\/span><\/p>\n<p><span style=\"font-size: medium;\">La especie inacabada.<\/span><\/p>\n<p><span style=\"font-size: medium;\">Gen\u00f3mica y prevenci\u00f3n.<\/span><\/p>\n<p><span style=\"font-size: medium;\">El progreso cient\u00edfico y de la especie.<\/span><\/p>\n<p><span style=\"font-size: medium;\">La conciencia y la realidad.<\/span><\/p>\n<p><span style=\"font-size: medium;\">Cosmovision e ideas del Dr. Cacabelos<\/span><\/p>\n<p>&nbsp;<\/p>\n<p><b>Nuestro Invitado:<\/b><\/p>\n<p>&nbsp;<\/p>\n<p>&nbsp;<\/p>\n<p><span style=\"font-size: medium;\">Doctor en Medicina, estudi\u00f3 en la Universidad de Oviedo (1980) y se especializ\u00f3 en neuropsiquiatr\u00eda y enfermedades neurodegenerativas. Hasta 1987 desarroll\u00f3 su carrera en la universidad de Osaka (Jap\u00f3n) en la que ejerci\u00f3 la docencia y fue instructor cient\u00edfico de postgrado y jefe del laboratorio de Psiconeuroendocrinolog\u00eda y Neurocibern\u00e9tica. Desde entonces, ha compaginado la investigaci\u00f3n con la docencia, y ha sido profesor en la Universidad Complutense de Madrid, en la Universidad de Santiago de Compostela, en la Universidad de Navarra y en la Universidad de Nueva York.<\/span><\/p>\n<p><span style=\"font-size: medium;\">Actualmente es catedr\u00e1tico de Biotecnolog\u00eda y Gen\u00f3mica \u00a0y director del Instituto para las Enfermedades del Sistema Nervioso Central de La Coru\u00f1a, presidente de la Asociaci\u00f3n Espa\u00f1ola de Neurogerontolog\u00eda y Neurogeriatr\u00eda, y coordinador de la European Dementia Network. Ha sido el fundador y es presidente del Grupo Euroespes.<\/span><\/p>\n<p><span style=\"font-size: medium;\">Ha dirigido decenas de proyectos de investigaci\u00f3n, es miembro de 24 sociedades cient\u00edficas, ha publicado y ha recibido el reconocimiento internacional con 10 premios e importantes distinciones y galardones cient\u00edficos internacionales.<\/span><\/p>\n<p>&nbsp;<\/p>\n<p><b>RESUMEN CURR\u00cdCULUM VITAE\/RAM\u00d3N CACABELOS, M.D., Ph.D., D.M.Sc.<\/b><\/p>\n<p><b>Educaci\u00f3n<\/b><\/p>\n<p>Licenciado en Medicina y Cirug\u00eda, Facultad de Medicina, Universidad de Oviedo (1980)<\/p>\n<p>Becario Extranjero del Ministerio de Educaci\u00f3n, Ciencia y Cultura de Jap\u00f3n, Departamento de Psiquiatr\u00eda, Facultad de Medicina, Universidad de Osaka, Jap\u00f3n (1981-1983)<\/p>\n<p>Becario Extranjero del Ministerio de Educaci\u00f3n, Ciencia y Cultura de Jap\u00f3n, Postgrado I-IV, Departamento de Psiquiatr\u00eda, Facultad de Medicina, Universidad de Osaka, Jap\u00f3n (1983-1987)<\/p>\n<p>Doctor en Medicina y Cirug\u00eda, Facultad de Medicina, Universidad de Santiago de Compostela (1985)<\/p>\n<p>Doctor en Ciencias M\u00e9dicas\/Medicina Interna\/Psiquiatr\u00eda, Facultad de Medicina, Universidad de Osaka, Jap\u00f3n (1987)<\/p>\n<p>Especialista en Psiquiatr\u00eda, Departamento de Psiquiatr\u00eda, Facultad de Medicina, Universidad de Osaka, Jap\u00f3n (1987)<\/p>\n<p>M\u00e1ster Internacional en Alta Direcci\u00f3n Hospitalaria, Escuela Internacional de Alta Direcci\u00f3n Hospitalaria, Madrid (1996)<\/p>\n<p><b>Puestos desempe\u00f1ados<\/b><\/p>\n<p>Profesor Contratado, Osaka University for Foreign Studies, Osaka, Japan (1985-87)<\/p>\n<p>Instructor Cient\u00edfico de Postgrado, Osaka University Medical School, Osaka, Jap\u00f3n (1985-1987)<\/p>\n<p>Jefe del Laboratorio de Psiconeuroendocrinolog\u00eda y Neurocibern\u00e9tica, Departamento de Psiquiatr\u00eda, Facultad de Medicina, Universidad de Osaka (1985-1987)<\/p>\n<p>Profesor Titular Asociado B-1, Departamento de Psiquiatr\u00eda, Facultad de Medicina, Universidad de Santiago de Compostela (1987-1989)<\/p>\n<p>Profesor Visitante, Departamento de Psiquiatr\u00eda, Universidad de Navarra (1990)<\/p>\n<p>Profesor Visitante, Departamento de Patolog\u00eda, New York University Medical Center, New York, Estados Unidos (1991)<\/p>\n<p>Profesor Titular Numerario, Departamento de Fisiolog\u00eda Humana, Facultad de Medicina, Universidad Complutense, Madrid (1989-1995)(en Excedencia Voluntaria)<\/p>\n<p>Catedr\u00e1tico, C\u00e1tedra EuroEspes de Biotecnolog\u00eda y Gen\u00f3mica, UCJC, Madrid (2003-2013).<\/p>\n<p>Presidente de EuroEspes Biotecnolog\u00eda, S.A. (2001-2013)<\/p>\n<p>Director del Departamento de Neurociencias Cl\u00ednicas del CIBE (1995-2013)<\/p>\n<p>Presidente de la Fundaci\u00f3n EuroEspes (1992-2013)<\/p>\n<p><b>Proyectos de Investigaci\u00f3n<\/b><\/p>\n<p>168 Proyectos de Investigaci\u00f3n dirigidos (Nacionales e Internacionales)<\/p>\n<p><b>Publicaciones y Patentes<\/b><\/p>\n<p>300 Art\u00edculos originales<\/p>\n<p>400 Cap\u00edtulos de libros<\/p>\n<p>22 Libros<\/p>\n<p>655 Abstracts y Comunicaciones a Congresos Nacionales e Internacionales<\/p>\n<p>80 Publicaciones de Divulgaci\u00f3n Cient\u00edfica<\/p>\n<p>Editor-Jefe de ANNALS OF PSYCHIATRY\/BASIC AND CLINICAL NEUROSCIENCES (1990-2000)<\/p>\n<p>Editor-Jefe de Research Reports (1995-)<\/p>\n<p>Editor-Jefe de NEUROGERONTOLOGY &amp; NEUROGERIATRICS (1993-2000)<\/p>\n<p>Editor-Jefe de The EuroEspes Journal, Gen-T (2007-)<\/p>\n<p>Editor-Jefe de The World Guide for Drug Use and Pharmacogenomics (2011-)<\/p>\n<p>7 Patentes<\/p>\n<p><b>Memberships y Boards<\/b><\/p>\n<p>Miembro de 24 Sociedades Cient\u00edficas Nacionales e Internacionales<\/p>\n<p>Referee de 18 Revistas Cient\u00edficas Nacionales e Internacionales<\/p>\n<p>Miembro de 24 Advisory Boards Internacionales<\/p>\n<p><b>Posici\u00f3n Actual<\/b><\/p>\n<p>Presidente de EuroEspes, S.A. (1991-)<\/p>\n<p>Presidente de la Asociaci\u00f3n Espa\u00f1ola de Neurogerontolog\u00eda y Neurogeriatr\u00eda (1994-)<\/p>\n<p>Director General del Centro de Investigaci\u00f3n Biom\u00e9dica EuroEspes (CIBE) (1995-)<\/p>\n<p>Presidente de la Sociedad Espa\u00f1ola de Medicina Gen\u00f3mica (2005-)<\/p>\n<p>Presidente de la World Association of Genomic Medicine (2008-)<\/p>\n<p>Director del Departamento de Ciencias M\u00e9dicas y Medicina Gen\u00f3mica, Centro de Investigaci\u00f3n Biom\u00e9dica EuroEspes, Coru\u00f1a (2013-)<\/p>\n<p>Catedr\u00e1tico, C\u00e1tedra de Medicina Gen\u00f3mica, Ucjc, Madrid (2013-)<\/p>\n<p>Vice-Rector de Investigaci\u00f3n y Ciencia, UCJC, Madrid (2013-)<\/p>\n<p>&nbsp;<\/p>\n<p><span style=\"font-size: xx-large;\">\u00a0<\/span><\/p>\n<p>&nbsp;<\/p>\n<p>&nbsp;<\/p>\n<p>&nbsp;<\/p>\n","protected":false},"excerpt":{"rendered":"<p>Encuentros con lo sutil # 18 Por Javier Esteban &nbsp; Un grupo de cient\u00edficos espa\u00f1oles, dirigidos por el doctor Ram\u00f3n Cacabelos, ha dise\u00f1ado la primera vacuna contra el alzheimer capaz de prevenir la enfermedad o revertir sus manifestaciones cuando ya se ha desarrollado, tal y como han evidenciado los ensayos realizados en ratones transg\u00e9nicos. Agencia [&hellip;]<\/p>\n","protected":false},"author":1,"featured_media":0,"comment_status":"open","ping_status":"open","sticky":false,"template":"","format":"standard","meta":[],"categories":[1],"tags":[15,18,19,20,21,16,17],"_links":{"self":[{"href":"https:\/\/www.encuentrosconlosutil.com\/index.php?rest_route=\/wp\/v2\/posts\/570"}],"collection":[{"href":"https:\/\/www.encuentrosconlosutil.com\/index.php?rest_route=\/wp\/v2\/posts"}],"about":[{"href":"https:\/\/www.encuentrosconlosutil.com\/index.php?rest_route=\/wp\/v2\/types\/post"}],"author":[{"embeddable":true,"href":"https:\/\/www.encuentrosconlosutil.com\/index.php?rest_route=\/wp\/v2\/users\/1"}],"replies":[{"embeddable":true,"href":"https:\/\/www.encuentrosconlosutil.com\/index.php?rest_route=%2Fwp%2Fv2%2Fcomments&post=570"}],"version-history":[{"count":6,"href":"https:\/\/www.encuentrosconlosutil.com\/index.php?rest_route=\/wp\/v2\/posts\/570\/revisions"}],"predecessor-version":[{"id":1131,"href":"https:\/\/www.encuentrosconlosutil.com\/index.php?rest_route=\/wp\/v2\/posts\/570\/revisions\/1131"}],"wp:attachment":[{"href":"https:\/\/www.encuentrosconlosutil.com\/index.php?rest_route=%2Fwp%2Fv2%2Fmedia&parent=570"}],"wp:term":[{"taxonomy":"category","embeddable":true,"href":"https:\/\/www.encuentrosconlosutil.com\/index.php?rest_route=%2Fwp%2Fv2%2Fcategories&post=570"},{"taxonomy":"post_tag","embeddable":true,"href":"https:\/\/www.encuentrosconlosutil.com\/index.php?rest_route=%2Fwp%2Fv2%2Ftags&post=570"}],"curies":[{"name":"wp","href":"https:\/\/api.w.org\/{rel}","templated":true}]}}