{"id":2467,"date":"2022-08-16T06:54:54","date_gmt":"2022-08-16T06:54:54","guid":{"rendered":"http:\/\/www.encuentrosconlosutil.com\/?p=2467"},"modified":"2022-08-16T07:09:15","modified_gmt":"2022-08-16T07:09:15","slug":"lo-sagrado-musica-y-danza-cerca-del-cielo","status":"publish","type":"post","link":"https:\/\/www.encuentrosconlosutil.com\/?p=2467","title":{"rendered":"LO SAGRADO.M\u00daSICA Y DANZA CERCA DEL CIELO."},"content":{"rendered":"\n<figure class=\"wp-block-image size-large\"><a href=\"http:\/\/www.encuentrosconlosutil.com\/wp-content\/uploads\/2022\/08\/093_teletipos_lo-sagrado2.jpg\"><img loading=\"lazy\" width=\"1024\" height=\"561\" src=\"http:\/\/www.encuentrosconlosutil.com\/wp-content\/uploads\/2022\/08\/093_teletipos_lo-sagrado2-1024x561.jpg\" alt=\"\" class=\"wp-image-2468\" srcset=\"https:\/\/www.encuentrosconlosutil.com\/wp-content\/uploads\/2022\/08\/093_teletipos_lo-sagrado2-1024x561.jpg 1024w, https:\/\/www.encuentrosconlosutil.com\/wp-content\/uploads\/2022\/08\/093_teletipos_lo-sagrado2-300x164.jpg 300w, https:\/\/www.encuentrosconlosutil.com\/wp-content\/uploads\/2022\/08\/093_teletipos_lo-sagrado2-768x420.jpg 768w, https:\/\/www.encuentrosconlosutil.com\/wp-content\/uploads\/2022\/08\/093_teletipos_lo-sagrado2-624x342.jpg 624w, https:\/\/www.encuentrosconlosutil.com\/wp-content\/uploads\/2022\/08\/093_teletipos_lo-sagrado2.jpg 1140w\" sizes=\"(max-width: 1024px) 100vw, 1024px\" \/><\/a><\/figure>\n\n\n\n<p>Durante el pr\u00f3ximo mes de septiembre volveremos a tratar de ubicar nuestros encuentros dentro y fuera de la Red.  Os haremos una serie de propuestas interactivas, ahora que los actos masivos vuelven a ser posibles.<\/p>\n\n\n\n<p>Hasta entonces, os enviamos  esta propuesta del festival Sagrado, como actividad recomendada.<\/p>\n\n\n\n<p><strong>Lo Sagrado<\/strong>\u00a0es un festival para los sentidos, que nace con vocaci\u00f3n de continuidad en distintos pueblos de \u00c1vila con caracter\u00edsticas paisaj\u00edsticas y patrimoniales similares,<strong> con aforo limitado 100 personas<\/strong> y entrada libre. En el sugerente enclave abulense, <strong>del 26 al 28 de agosto de 2022,<\/strong> se citar\u00e1 la m\u00fasica medieval del grupo Egeria, la m\u00fasica de guitarra contempor\u00e1nea del D\u00fao Arcadia, el folk de Vanesa Muela y la danza de la Compa\u00f1\u00eda Omos Uno.<\/p>\n\n\n\n<p><strong>Es necesario inscribirse en el link que ver\u00e9is al final del texto, al ser una actividad con aforo limitado<\/strong>.<\/p>\n\n\n\n<p><strong>PROGRAMA<\/strong><\/p>\n\n\n\n<p><strong>M\u00daSICA<\/strong><\/p>\n\n\n\n<p><a rel=\"noreferrer noopener\" href=\"http:\/\/www.duoarcadia.com\/\" target=\"_blank\">D\u00daO ARCADIA<\/a>.<em>\u00a0Spiritualis in Musica.<\/em>\u00a0Avelina Vidal y Pilar Rius. D\u00fao de guitarra espa\u00f1ola contempor\u00e1nea<br>Domingo 27 de agosto. Pases: 12 y 13 horas<br>Duraci\u00f3n: 30 minutos aprox.<br>Lugar: Entorno paisaj\u00edstico y arqueol\u00f3gico del Cerro de la Mesa.<br><\/p>\n\n\n\n<p><em>Spiritualis in Musica<\/em>&nbsp;pretende ser un acercamiento a todos aquellos lenguajes y obras nacidos de la espiritualidad, sea en el \u00e1mbito religioso, filos\u00f3fico, cultural o art\u00edstico, planteado desde los distintos puntos de vista los\/as autores\/as que dan forma al programa y desde la t\u00edmbrica de un instrumento como la guitarra, capaz de aprovechar sus recursos expresivos hasta las \u00faltimas consecuencias.<\/p>\n\n\n\n<p>Obras de Teresa Catal\u00e1n, Carles Guinovart, Diana P\u00e9rez Custodio y Agust\u00edn Castilla-\u00c1vila.<\/p>\n\n\n\n<p><\/p>\n\n\n\n<p><a rel=\"noreferrer noopener\" href=\"http:\/\/www.egeriavoices.com\/\" target=\"_blank\">GRUPO EGERIA<\/a>.\u00a0<em>Ad loca sancta<\/em>. M\u00fasica medieval.<br>Viernes, 26. Pases: 19 y 20 horas<br>Duraci\u00f3n: 30 minutos aprox.<br>Lugar: entorno paisaj\u00edstico y arqueol\u00f3gico del Cerro de la Mesa.<br><\/p>\n\n\n\n<p>EGERIA es un ensemble vocal femenino que demuestra que la m\u00fasica medieval no es cosa del pasado. Propone romper las barreras de un repertorio relegado al olvido y maltratado por la historia, y redescubrirlo para el p\u00fablico del siglo XXI.&nbsp;Con un trabajo especializado en el periodo del Ars Antiqua, EGERIA es el resultado de la iniciativa de Luc\u00eda Mart\u00edn-Maestro Verbo y de Fabiana Sans Arc\u00edlagos, que crearon y dise\u00f1aron el proyecto para hacer un trabajo que pocos se atreven a hacer: recuperar el repertorio medieval desde la base, del manuscrito al escenario, siempre desde un punto de vista contempor\u00e1neo,<\/p>\n\n\n\n<p><\/p>\n\n\n\n<p><a href=\"http:\/\/www.vanesamuela.es\/\" target=\"_blank\" rel=\"noreferrer noopener\">VANESA MUELA<\/a>.&nbsp;<em>De ra\u00edz<\/em>. M\u00fasica tradicional. Voz e instrumentos.<br>S\u00e1bado 27 de agosto. 12 de la noche.<br>Lugar: Plaza de Navarrevisca.<br>Entrada libre.<\/p>\n\n\n\n<p>Vanesa Muela es una de las principales folkloristas de nuestro pa\u00eds. Cantante y multiinstrumentista, bebe directamente de la savia de la tradici\u00f3n, la ra\u00edz y la pureza de las m\u00fasicas de anta\u00f1o. Aborda un rico repertorio de canciones tradicionales como son los romances, jotas, seguidillas, fandangos, cantos de trabajo, de navidad, de carnaval, charros, charradas, agarraos, ligeros, corridos y un variado etc\u00e9tera. Invitada en numerosos festivales internacionales, fue la encargada de inaugurar el festival Ellas Crean en el Museo del Prado de Madrid, con una actuaci\u00f3n posterior en el Museo Arqueol\u00f3gico Nacional.<\/p>\n\n\n\n<p><strong>DANZA<\/strong><\/p>\n\n\n\n<p><a rel=\"noreferrer noopener\" href=\"http:\/\/www.omosuno.com\/\" target=\"_blank\">COMPA\u00d1\u00cdA OMOS UNO<\/a><br><em>Las venas de Draco.\u00a0<\/em>Direcci\u00f3n art\u00edstica: Cristiane Boullosa. Bailarines: Natalia Garc\u00eda Mir, Diana Bonilla, Cristiane Boullosa, Pedro Berdayes. M\u00fasica original: Ivan Pu\u00f1al Garc\u00eda.<br>Estreno absoluto.<br>S\u00e1bado, 27 de agosto: Pases: 19 y 20 horas<br>Duraci\u00f3n: 30 minutos aprox.<br>Lugar: Entorno paisaj\u00edstico y arqueol\u00f3gico del Cerro de la Mesa.<br><\/p>\n\n\n\n<p><em>\u201cNo quiero saber lo que pasa entre t\u00fa yo.<\/em><br><em>M\u00e1s vale ser monta\u00f1a para as\u00ed recoger las palabras del universo.<\/em><br><em>Estoy de pie y como el agua, caigo una y otra vez\u2026<\/em><br><em>Sigo as\u00ed durante largo tiempo.<\/em><br><em>Observo como mis ojos se cierran, como mis o\u00eddos dejan de escuchar. Siento mi piel dejar de respirar y mis huesos descomponerse lentamente.<\/em><br><em>Solo entonces me doy cuenta de que la muerte me ha estado acompa\u00f1ando durante todo este tiempo de viaje.<\/em><br><em>Me tranquilizo y por fin vuelvo la cabeza al cielo para sentir como las nubes me susurran, sigues aqu\u00ed, sigues aqu\u00ed, sigues\u2026\u201d<\/em><\/p>\n\n\n\n<p>Desde su nacimiento la Cia. Omos Uno busca reafirmar el car\u00e1cter ef\u00edmero de la danza como valor art\u00edstico. La trayectoria de investigaci\u00f3n que la compa\u00f1\u00eda lleva realizando m\u00e1s de doce a\u00f1os a trav\u00e9s de la improvisaci\u00f3n, composici\u00f3n a tiempo real y su relaci\u00f3n con la coreograf\u00eda, ha derivado en el desarrollo de un lenguaje propio en el que el imaginario cin\u00e9tico es el principal foco de la narrativa esc\u00e9nica. <\/p>\n\n\n\n<p style=\"font-size:21px\"><strong>En el siguiente link puedes inscribirte&nbsp; para acceder a las actividades gratuitas, con aforo limitado.&nbsp;<\/strong><\/p>\n\n\n\n<p style=\"font-size:21px\"><a rel=\"noreferrer noopener\" href=\"http:\/\/www.navarrevisca.es\/index.php\/festival-lo-sagrado\/\" target=\"_blank\"><span class=\"has-inline-color has-vivid-cyan-blue-color\">http:\/\/www.navarrevisca.es\/index.php\/festival-lo-sagrado\/<\/span><\/a><\/p>\n\n\n\n<p><\/p>\n\n\n\n<p>(Fuente: Festival Lo Sagrado)<\/p>\n","protected":false},"excerpt":{"rendered":"<p>Durante el pr\u00f3ximo mes de septiembre volveremos a tratar de ubicar nuestros encuentros dentro y fuera de la Red. Os haremos una serie de propuestas interactivas, ahora que los actos masivos vuelven a ser posibles. Hasta entonces, os enviamos esta propuesta del festival Sagrado, como actividad recomendada. Lo Sagrado\u00a0es un festival para los sentidos, que [&hellip;]<\/p>\n","protected":false},"author":1,"featured_media":0,"comment_status":"open","ping_status":"open","sticky":false,"template":"","format":"standard","meta":[],"categories":[1],"tags":[],"_links":{"self":[{"href":"https:\/\/www.encuentrosconlosutil.com\/index.php?rest_route=\/wp\/v2\/posts\/2467"}],"collection":[{"href":"https:\/\/www.encuentrosconlosutil.com\/index.php?rest_route=\/wp\/v2\/posts"}],"about":[{"href":"https:\/\/www.encuentrosconlosutil.com\/index.php?rest_route=\/wp\/v2\/types\/post"}],"author":[{"embeddable":true,"href":"https:\/\/www.encuentrosconlosutil.com\/index.php?rest_route=\/wp\/v2\/users\/1"}],"replies":[{"embeddable":true,"href":"https:\/\/www.encuentrosconlosutil.com\/index.php?rest_route=%2Fwp%2Fv2%2Fcomments&post=2467"}],"version-history":[{"count":4,"href":"https:\/\/www.encuentrosconlosutil.com\/index.php?rest_route=\/wp\/v2\/posts\/2467\/revisions"}],"predecessor-version":[{"id":2475,"href":"https:\/\/www.encuentrosconlosutil.com\/index.php?rest_route=\/wp\/v2\/posts\/2467\/revisions\/2475"}],"wp:attachment":[{"href":"https:\/\/www.encuentrosconlosutil.com\/index.php?rest_route=%2Fwp%2Fv2%2Fmedia&parent=2467"}],"wp:term":[{"taxonomy":"category","embeddable":true,"href":"https:\/\/www.encuentrosconlosutil.com\/index.php?rest_route=%2Fwp%2Fv2%2Fcategories&post=2467"},{"taxonomy":"post_tag","embeddable":true,"href":"https:\/\/www.encuentrosconlosutil.com\/index.php?rest_route=%2Fwp%2Fv2%2Ftags&post=2467"}],"curies":[{"name":"wp","href":"https:\/\/api.w.org\/{rel}","templated":true}]}}