{"id":1932,"date":"2018-11-29T18:39:39","date_gmt":"2018-11-29T18:39:39","guid":{"rendered":"http:\/\/www.encuentrosconlosutil.com\/?p=1932"},"modified":"2018-12-10T10:59:06","modified_gmt":"2018-12-10T10:59:06","slug":"taller-de-movimiento-expresivo-la-fiesta-de","status":"publish","type":"post","link":"https:\/\/www.encuentrosconlosutil.com\/?p=1932","title":{"rendered":"CHARLA-TALLER DE MOVIMIENTO EXPRESIVO R\u00cdO ABIERTO"},"content":{"rendered":"<p class=\"m_-5526178762459896826ydp9ef01853MsoNormal\"><a href=\"http:\/\/www.encuentrosconlosutil.com\/wp-content\/uploads\/2018\/11\/TALLERMOV.jpg\"><img loading=\"lazy\" class=\"alignnone size-large wp-image-1935\" src=\"http:\/\/www.encuentrosconlosutil.com\/wp-content\/uploads\/2018\/11\/TALLERMOV-1024x582.jpg\" alt=\"TALLERMOV\" width=\"625\" height=\"355\" srcset=\"https:\/\/www.encuentrosconlosutil.com\/wp-content\/uploads\/2018\/11\/TALLERMOV-1024x582.jpg 1024w, https:\/\/www.encuentrosconlosutil.com\/wp-content\/uploads\/2018\/11\/TALLERMOV-300x170.jpg 300w, https:\/\/www.encuentrosconlosutil.com\/wp-content\/uploads\/2018\/11\/TALLERMOV-624x355.jpg 624w\" sizes=\"(max-width: 625px) 100vw, 625px\" \/><\/a><\/p>\n<div class=\"gs\">\n<div class=\"\">\n<div id=\":36v\" class=\"ii gt\">\n<div id=\":36u\" class=\"a3s aXjCH \">\n<div class=\"m_5960412779116809727ydp4e734c43yahoo-style-wrap\">\n<div>\n<div class=\"m_5960412779116809727ydpa3473873jb_0 m_5960412779116809727ydpa3473873X_6MGW m_5960412779116809727ydpa3473873N_6Fd5 adL\">\n<div class=\"gs\">\n<div class=\"\">\n<div id=\":36v\" class=\"ii gt\">\n<div id=\":36u\" class=\"a3s aXjCH \">\n<div class=\"m_5960412779116809727ydp4e734c43yahoo-style-wrap\">\n<div>\n<div class=\"m_5960412779116809727ydpa3473873msg-body m_5960412779116809727ydpa3473873P_wpofO m_5960412779116809727ydpa3473873iy_A\">\n<div class=\"yj6qo\">\n<p>&nbsp;<\/p>\n<p><strong>El mi\u00e9rcoles 12 de diciembre, a las 20 horas, en el Auditorio del Centro Conde Duque de Madrid\u00a0<\/strong>celebramos un taller de Movimiento Expresivo y Desarrollo Arm\u00f3nico, a cargo del terapeuta corporal\u00a0<strong>Armando Garc\u00eda N\u00fa\u00f1ez,\u00a0<\/strong>director de la escuela<strong>\u00a0Rio Abierto<\/strong>\u00a0en Espa\u00f1a.<\/p>\n<p>Con este encuentro simbolizamos el cierre del a\u00f1o\u00a0<strong>de un modo festivo<\/strong>\u00a0y tambi\u00e9n con un trabajo grupal y psicocorporal.<\/p>\n<p>En palabras de Armando: \u00ab<em>a\u00a0trav\u00e9s del baile trataremos de Integrar y armonizar los centros energ\u00e9ticos, la liberaci\u00f3n de la voz, el canto, la expresi\u00f3n art\u00edstica, el contacto, la palabra, la relajaci\u00f3n, el silencio&#8230;, pues se trata de cuidar el cuerpo, escuchar al coraz\u00f3n, desplegar el ser.\u00bb<\/em><\/p>\n<p>Para este encuentro<strong>\u00a0necesitamos ropa c\u00f3moda y nos moveremos sin calzado.\u00a0<\/strong>Tambi\u00e9n nuestra actitud ha de ser colaborativa y experimental, por lo que invitamos a todas y a todos los asistentes a participar activamente y sin juicio previo. El espacio del auditorio nos permitir\u00e1 tener una pista de baile pero tambi\u00e9n butacas.<\/p>\n<p><strong>\u00a0<\/strong><strong>El desarrollo de este taller\u00a0<\/strong>contiene diversas partes:\u00a0presentaci\u00f3n, encuentro y charla, movimiento guiado, libre, expresi\u00f3n, contacto, relajaci\u00f3n y silencio. Subida. Recogida de la experiencia \u00a0y preguntas.<\/p>\n<\/div>\n<div class=\"m_5960412779116809727ydpa3473873jb_0 m_5960412779116809727ydpa3473873X_6MGW m_5960412779116809727ydpa3473873N_6Fd5 adL\"><\/div>\n<\/div>\n<div class=\"m_5960412779116809727ydpa3473873jb_0 m_5960412779116809727ydpa3473873X_6MGW m_5960412779116809727ydpa3473873N_6Fd5 adL\"><\/div>\n<\/div>\n<div class=\"m_5960412779116809727ydpa3473873H_7jIs m_5960412779116809727ydpa3473873D_F m_5960412779116809727ydpa3473873ab_C m_5960412779116809727ydpa3473873Q_69H5 m_5960412779116809727ydpa3473873E_36RhU adL\"><\/div>\n<\/div>\n<\/div>\n<\/div>\n<div class=\"hi\"><\/div>\n<\/div>\n<\/div>\n<\/div>\n<\/div>\n<div class=\"m_5960412779116809727ydpa3473873H_7jIs m_5960412779116809727ydpa3473873D_F m_5960412779116809727ydpa3473873ab_C m_5960412779116809727ydpa3473873Q_69H5 m_5960412779116809727ydpa3473873E_36RhU adL\"><\/div>\n<\/div>\n<\/div>\n<\/div>\n<div class=\"hi\"><\/div>\n<\/div>\n<\/div>\n<p class=\"m_-5526178762459896826ydp9ef01853MsoNormal\"><strong>Nuestro invitado:<\/strong><\/p>\n<p class=\"m_-5526178762459896826ydp9ef01853MsoNormal\"><img loading=\"lazy\" class=\"alignnone  wp-image-1936\" src=\"http:\/\/www.encuentrosconlosutil.com\/wp-content\/uploads\/2018\/11\/P1100065-832x1024.jpg\" alt=\"P1100065\" width=\"299\" height=\"368\" srcset=\"https:\/\/www.encuentrosconlosutil.com\/wp-content\/uploads\/2018\/11\/P1100065-832x1024.jpg 832w, https:\/\/www.encuentrosconlosutil.com\/wp-content\/uploads\/2018\/11\/P1100065-244x300.jpg 244w, https:\/\/www.encuentrosconlosutil.com\/wp-content\/uploads\/2018\/11\/P1100065-624x768.jpg 624w\" sizes=\"(max-width: 299px) 100vw, 299px\" \/><\/p>\n<p class=\"m_-5526178762459896826ydp9ef01853MsoNormal\"><strong>Armando Garc\u00eda N\u00fa\u00f1ez<\/strong> es\u00a0terapeuta psicocorporal. Cofundador y docente \u00a0de Rio Abierto Espa\u00f1a. Director de Espacio Rio Abierto Madrid,\u00a0 gestaltista, terapeuta \u00a0de an\u00e1lisis bioenerg\u00e9tico y bi\u00f3logo.<\/p>\n<p style=\"font-weight: 400;\"><strong>\u00a0<\/strong><\/p>\n<h1><span style=\"color: #ff0000;\"><a style=\"color: #ff0000;\" href=\"https:\/\/www.eventbrite.es\/e\/entradas-taller-de-movimiento-expresivo-una-fiesta-terapeutica-53175203465?ref=elink\" target=\"_blank\">DESCARGA AQU\u00cd TUS ENTRADAS<\/a><\/span><\/h1>\n","protected":false},"excerpt":{"rendered":"<p>&nbsp; El mi\u00e9rcoles 12 de diciembre, a las 20 horas, en el Auditorio del Centro Conde Duque de Madrid\u00a0celebramos un taller de Movimiento Expresivo y Desarrollo Arm\u00f3nico, a cargo del terapeuta corporal\u00a0Armando Garc\u00eda N\u00fa\u00f1ez,\u00a0director de la escuela\u00a0Rio Abierto\u00a0en Espa\u00f1a. Con este encuentro simbolizamos el cierre del a\u00f1o\u00a0de un modo festivo\u00a0y tambi\u00e9n con un trabajo grupal [&hellip;]<\/p>\n","protected":false},"author":1,"featured_media":0,"comment_status":"open","ping_status":"open","sticky":false,"template":"","format":"standard","meta":[],"categories":[1],"tags":[],"_links":{"self":[{"href":"https:\/\/www.encuentrosconlosutil.com\/index.php?rest_route=\/wp\/v2\/posts\/1932"}],"collection":[{"href":"https:\/\/www.encuentrosconlosutil.com\/index.php?rest_route=\/wp\/v2\/posts"}],"about":[{"href":"https:\/\/www.encuentrosconlosutil.com\/index.php?rest_route=\/wp\/v2\/types\/post"}],"author":[{"embeddable":true,"href":"https:\/\/www.encuentrosconlosutil.com\/index.php?rest_route=\/wp\/v2\/users\/1"}],"replies":[{"embeddable":true,"href":"https:\/\/www.encuentrosconlosutil.com\/index.php?rest_route=%2Fwp%2Fv2%2Fcomments&post=1932"}],"version-history":[{"count":16,"href":"https:\/\/www.encuentrosconlosutil.com\/index.php?rest_route=\/wp\/v2\/posts\/1932\/revisions"}],"predecessor-version":[{"id":1952,"href":"https:\/\/www.encuentrosconlosutil.com\/index.php?rest_route=\/wp\/v2\/posts\/1932\/revisions\/1952"}],"wp:attachment":[{"href":"https:\/\/www.encuentrosconlosutil.com\/index.php?rest_route=%2Fwp%2Fv2%2Fmedia&parent=1932"}],"wp:term":[{"taxonomy":"category","embeddable":true,"href":"https:\/\/www.encuentrosconlosutil.com\/index.php?rest_route=%2Fwp%2Fv2%2Fcategories&post=1932"},{"taxonomy":"post_tag","embeddable":true,"href":"https:\/\/www.encuentrosconlosutil.com\/index.php?rest_route=%2Fwp%2Fv2%2Ftags&post=1932"}],"curies":[{"name":"wp","href":"https:\/\/api.w.org\/{rel}","templated":true}]}}