{"id":1908,"date":"2018-10-02T11:03:05","date_gmt":"2018-10-02T11:03:05","guid":{"rendered":"http:\/\/www.encuentrosconlosutil.com\/?p=1908"},"modified":"2018-10-05T09:18:38","modified_gmt":"2018-10-05T09:18:38","slug":"memoria-y-emociones-una-mirada-transpersonal-confererencia-taller","status":"publish","type":"post","link":"https:\/\/www.encuentrosconlosutil.com\/?p=1908","title":{"rendered":"MEMORIA Y EMOCIONES: UNA MIRADA TRANSPERSONAL. Confererencia- taller."},"content":{"rendered":"<p style=\"text-align: center;\"><a href=\"http:\/\/www.encuentrosconlosutil.com\/wp-content\/uploads\/2018\/10\/TRANS.jpg\"><img loading=\"lazy\" class=\"alignnone size-full wp-image-1912\" src=\"http:\/\/www.encuentrosconlosutil.com\/wp-content\/uploads\/2018\/10\/TRANS.jpg\" alt=\"TRANS\" width=\"444\" height=\"438\" srcset=\"https:\/\/www.encuentrosconlosutil.com\/wp-content\/uploads\/2018\/10\/TRANS.jpg 444w, https:\/\/www.encuentrosconlosutil.com\/wp-content\/uploads\/2018\/10\/TRANS-300x296.jpg 300w\" sizes=\"(max-width: 444px) 100vw, 444px\" \/><\/a><\/p>\n<p><em><strong>Encuentros con lo sutil 80#<\/strong><\/em><\/p>\n<p>Por Javier Esteban<\/p>\n<p>El pr\u00f3ximo<strong><span style=\"color: #000000;\">\u00a0mi\u00e9rcoles 10 de octubre<\/span>\u00a0<span style=\"color: #ff0000;\"><span style=\"color: #000000;\">en el sal\u00f3n de actos<\/span><\/span><span style=\"color: #000000;\">\u00a0<\/span>del Centro Condeduque\u00a0<\/strong>tendremos\u00a0 la oportunidad de participar en una charla taller sobre las emociones y la memoria vistas desde una mirada transpersonal.<\/p>\n<p>Para ello contaremos con la presencia del psicoterapeuta transpersonal <strong>Iker Puente<\/strong><\/p>\n<p>En palabras de nuestro invitado, \u00ab<em>En\u00a0<\/em><em>esta conferencia profundizaremos en la relaci\u00f3n entre psicolog\u00eda transpersonal,\u00a0<\/em><em>memoria y emociones, mostrando como el trabajo con estados ampliados de\u00a0<\/em><em>consciencia facilita el acceso a memorias inconscientes y la expresi\u00f3n emocional<\/em>.\u00bb<\/p>\n<p>Tal y como nos explica Iker, \u00ab<em>La psicolog\u00eda transpersonal es una escuela de psicolog\u00eda que nace en 1968 a ra\u00edz del inter\u00e9s de un grupo de psic\u00f3logos y psiquiatras en expandir el marco de la<\/em><br \/>\n<em>psicolog\u00eda m\u00e1s all\u00e1 de su centro de atenci\u00f3n sobre el yo individual, para incluir<\/em><br \/>\n<em>el estudio de los denominados estados ampliados de conciencia y reconociendo<\/em><br \/>\n<em>la existencia de una dimensi\u00f3n espiritual en el ser humano.<\/em><br \/>\n<em>A nivel pr\u00e1ctico esta escuela desarrolla e introduce t\u00e9cnicas y herramientas<\/em><br \/>\n<em>capaces de inducir estados ampliados de consciencia en la practica<\/em><br \/>\n<em>psicoterap\u00e9utica, entre las que encontramos el biofeedback, la meditaci\u00f3n y la<\/em><br \/>\n<em>respiraci\u00f3n, que permiten profundizar y acelerar el proceso psicoterap\u00e9utico<\/em>\u00bb<\/p>\n<p>En la segunda parte de la conferencia se realizar\u00e1 una pr\u00e1ctica introductoria de<br \/>\nrespiraci\u00f3n que nos permitir\u00e1 tener una experiencia de primera mano para experimentar c\u00f3mo se trabaja desde este enfoque.<\/p>\n<p>Nuestro invitado:<\/p>\n<p><img loading=\"lazy\" class=\"alignnone size-large wp-image-1909\" src=\"http:\/\/www.encuentrosconlosutil.com\/wp-content\/uploads\/2018\/10\/PUENTE_IKER-819x1024.jpg\" alt=\"PUENTE_IKER\" width=\"225\" height=\"350\" \/><\/p>\n<p><strong>Iker Puente <\/strong>es\u00a0doctor en psicolog\u00eda por la Universidad Aut\u00f3noma de Barcelona (UAB). Experto en psicolog\u00eda transpersonal, estados expandidos de consciencia, e investigaci\u00f3n con psicod\u00e9licos. Investigador y ex profesor del Departamento de Psicolog\u00eda Evolutiva y de la Educaci\u00f3n de la UAB. Psicoterapeuta de orientaci\u00f3n transpersonal y humanista, se ha formado en Psicoterapia Transpersonal y Respiraci\u00f3n Holotr\u00f3pica, Terapia Gestalt y TCI. Actualmente trabaja como psicoterapeuta en Barcelona, facilita talleres de Respiraci\u00f3n Transpersonal, y organiza charlas y seminarios sobre psicolog\u00eda transpersonal y psicoterapia con psicod\u00e9licos. Adem\u00e1s dirige y coordina la formaci\u00f3n en \u02ddPsicolog\u00eda Transpersonal Integrativa\u02dd en el Institut Gestalt en Barcelona. Ha publicado numerosos art\u00edculos cient\u00edficos y de divulgaci\u00f3n, y ha coordinado los monogr\u00e1ficos \u00abRespiraci\u00f3n Holotr\u00f3pica y otras t\u00e9cnicas de respiraci\u00f3n\u00bb e \u00abInvestigaci\u00f3n con Psicod\u00e9licos\u00bb en la Journal of Transpersonal Research. Recientemente ha publicado su primer libro \u201cInvestigaci\u00f3n y psicoterapia con psicod\u00e9licos. Pasado, presente y futuro\u201d.<\/p>\n<p><a href=\"http:\/\/www.ikerpuente.com\">www.ikerpuente.com<\/a><\/p>\n<p><a href=\"https:\/\/www.institutgestalt.com\/producte\/formacion-en-psicologia-transpersonal-integrativa-nivel-basico\/\">https:\/\/www.institutgestalt.com\/producte\/formacion-en-psicologia-transpersonal-integrativa-nivel-basico\/<\/a><\/p>\n<p><span style=\"color: #ff6600;\">DESCARGUE SUS ENTRADAS. SI EST\u00c1N AGOTADAS SE DEJAR\u00c1 PASAR HASTA COMPLETAR AFORO<\/span><\/p>\n<div id=\"eventbrite-widget-container-51027189698\"><\/div>\n<p><script src=\"https:\/\/www.eventbrite.es\/static\/widgets\/eb_widgets.js\"><\/script><script type=\"text\/javascript\">\/\/ <![CDATA[\n    var exampleCallback = function() {\n        console.log('Order complete!');\n    };\n\n    window.EBWidgets.createWidget({\n        \/\/ Required\n        widgetType: 'checkout',\n        eventId: '51027189698',\n        iframeContainerId: 'eventbrite-widget-container-51027189698',\n\n        \/\/ Optional\n        iframeContainerHeight: 425,  \/\/ Widget height in pixels. Defaults to a minimum of 425px if not provided\n        onOrderComplete: exampleCallback  \/\/ Method called when an order has successfully completed\n    });\n\/\/ ]]><\/script><\/p>\n","protected":false},"excerpt":{"rendered":"<p>Encuentros con lo sutil 80# Por Javier Esteban El pr\u00f3ximo\u00a0mi\u00e9rcoles 10 de octubre\u00a0en el sal\u00f3n de actos\u00a0del Centro Condeduque\u00a0tendremos\u00a0 la oportunidad de participar en una charla taller sobre las emociones y la memoria vistas desde una mirada transpersonal. Para ello contaremos con la presencia del psicoterapeuta transpersonal Iker Puente En palabras de nuestro invitado, \u00abEn\u00a0esta [&hellip;]<\/p>\n","protected":false},"author":1,"featured_media":0,"comment_status":"open","ping_status":"open","sticky":false,"template":"","format":"standard","meta":[],"categories":[1],"tags":[],"_links":{"self":[{"href":"https:\/\/www.encuentrosconlosutil.com\/index.php?rest_route=\/wp\/v2\/posts\/1908"}],"collection":[{"href":"https:\/\/www.encuentrosconlosutil.com\/index.php?rest_route=\/wp\/v2\/posts"}],"about":[{"href":"https:\/\/www.encuentrosconlosutil.com\/index.php?rest_route=\/wp\/v2\/types\/post"}],"author":[{"embeddable":true,"href":"https:\/\/www.encuentrosconlosutil.com\/index.php?rest_route=\/wp\/v2\/users\/1"}],"replies":[{"embeddable":true,"href":"https:\/\/www.encuentrosconlosutil.com\/index.php?rest_route=%2Fwp%2Fv2%2Fcomments&post=1908"}],"version-history":[{"count":10,"href":"https:\/\/www.encuentrosconlosutil.com\/index.php?rest_route=\/wp\/v2\/posts\/1908\/revisions"}],"predecessor-version":[{"id":1920,"href":"https:\/\/www.encuentrosconlosutil.com\/index.php?rest_route=\/wp\/v2\/posts\/1908\/revisions\/1920"}],"wp:attachment":[{"href":"https:\/\/www.encuentrosconlosutil.com\/index.php?rest_route=%2Fwp%2Fv2%2Fmedia&parent=1908"}],"wp:term":[{"taxonomy":"category","embeddable":true,"href":"https:\/\/www.encuentrosconlosutil.com\/index.php?rest_route=%2Fwp%2Fv2%2Fcategories&post=1908"},{"taxonomy":"post_tag","embeddable":true,"href":"https:\/\/www.encuentrosconlosutil.com\/index.php?rest_route=%2Fwp%2Fv2%2Ftags&post=1908"}],"curies":[{"name":"wp","href":"https:\/\/api.w.org\/{rel}","templated":true}]}}