{"id":1886,"date":"2018-09-04T10:09:46","date_gmt":"2018-09-04T10:09:46","guid":{"rendered":"http:\/\/www.encuentrosconlosutil.com\/?p=1886"},"modified":"2018-09-13T09:34:59","modified_gmt":"2018-09-13T09:34:59","slug":"inteligencia-vegetal-y-plantas-medicinales","status":"publish","type":"post","link":"https:\/\/www.encuentrosconlosutil.com\/?p=1886","title":{"rendered":"INTELIGENCIA VEGETAL Y PLANTAS MEDICINALES."},"content":{"rendered":"<p><span style=\"color: #ff6600;\"><strong>INICIO DE UNA NUEVA EDICI\u00d3N DE ENCUENTROS CON LO SUTIL<\/strong><\/span><\/p>\n<p><strong>Estimados amigos<\/strong>, volvemos en nuestra quinta edici\u00f3n con nuevas propuestas, relatos y espacios para el ciclo de conferencias Encuentro con lo Sutil.<\/p>\n<p>Este a\u00f1o desarrollaremos nuestro trabajo en nuevos espacios, con un enfoque experiencial y multidisciplinario. Ser\u00e1 un placer poder compartir nuestra b\u00fasqueda y experiencias con vosotros de nuevo,<\/p>\n<p>En los primeros d\u00edas de Octubre os remitiremos un correo en el que os invitaremos a seguir recibiendo la informaci\u00f3n de los Encuentros, pues sin vuestro permiso no podremos seguir\u00a0 comunicando\u00a0 con vosotros.<\/p>\n<p>Tambi\u00e9n en esta edici\u00f3n organziremos algunos encuentros conjuntos con otros ciclos por lo que en estos casos, como ocurrir\u00e1 en el pr\u00f3ximo acto, las entradas servir\u00e1n para tener un puesto hasta que se llene el aforo.<\/p>\n<p>Esperamos veros pronto.<\/p>\n<p><strong>Javier Esteban.\u00a0<\/strong>Comisario de Encuentros Con Lo Sutil.<\/p>\n<p>&nbsp;<\/p>\n<p><strong><span style=\"color: #ff6600;\">\u00a0PR\u00d3XIMA CONVOCATORIA<\/span><\/strong><\/p>\n<p><strong><img loading=\"lazy\" class=\"alignnone size-full wp-image-1895\" src=\"http:\/\/www.encuentrosconlosutil.com\/wp-content\/uploads\/2018\/09\/water-plaent-821293_1280-795x447.jpeg\" alt=\"water-plaent-821293_1280-795x447\" width=\"795\" height=\"447\" srcset=\"https:\/\/www.encuentrosconlosutil.com\/wp-content\/uploads\/2018\/09\/water-plaent-821293_1280-795x447.jpeg 795w, https:\/\/www.encuentrosconlosutil.com\/wp-content\/uploads\/2018\/09\/water-plaent-821293_1280-795x447-300x169.jpeg 300w, https:\/\/www.encuentrosconlosutil.com\/wp-content\/uploads\/2018\/09\/water-plaent-821293_1280-795x447-624x351.jpeg 624w\" sizes=\"(max-width: 795px) 100vw, 795px\" \/><\/strong><\/p>\n<p style=\"text-align: right;\"><em>&lt;&lt;Las plantas son, adem\u00e1s, seres conscientes y sociales. Perciben tanto su propio ser como todo aquello que las rodea. No s\u00f3lo comparten datos o crean alianzas con otros organismos vegetales, tambi\u00e9n lo hacen con animales. Emiten, por ejemplo, mol\u00e9culas llamadas COVB, unos compuestos vol\u00e1tiles de origen biog\u00e9nico, que usan como forma de comunicaci\u00f3n.&gt;&gt;<\/em><\/p>\n<p style=\"text-align: right;\"><strong>Stefano Mancuso. Neurobi\u00f3logo.<\/strong><\/p>\n<p>&nbsp;<\/p>\n<p><strong><span style=\"color: #ff6600;\"><em>Encuentros con lo sutil 79#<\/em><\/span><\/strong><\/p>\n<p>El pr\u00f3ximo<strong><span style=\"color: #000000;\">\u00a0jueves<\/span>\u00a0 13 de septiembre\u00a0<\/strong><strong>a las 20 horas<span style=\"color: #ff0000;\">\u00a0<span style=\"color: #000000;\">en el Teatro del centro\u00a0Condeduque<\/span>\u00a0<\/span><\/strong>tendremos\u00a0 la oportunidad de asistir a un di\u00e1logo sobre <strong><em>la inteligencia sanadora de las plantas<\/em>\u00a0<\/strong>con la farmac\u00e9utica naturista\u00a0<strong>Palmira Pozuelo.<\/strong><\/p>\n<p>El evento se celebrar\u00e1 en colaboraci\u00f3n con el evento <a href=\"http:\/\/https:\/\/www.condeduquemadrid.es\/programacion\/garden-state-jueves-13\"><strong>Garden State<\/strong>\u00a0<\/a>y tendr\u00e1 como marco <strong>un sorprendente jard\u00edn colectivo en <span style=\"color: #ff6600;\">el Teatro del Centro<\/span> <\/strong>(no en el sal\u00f3n de actos).<\/p>\n<p>Las\u00a0palabras de Palmira avanzan el interesante tema de su disertaci\u00f3n:\u00a0<em>\u00abEl ser vegetal que recubre el planeta de vida posee una incre\u00edble inteligencia que le ha permitido subsistir desde mucho antes de la aparici\u00f3n del ser humano.\u00a0\u00a0<\/em><em>El reino vegetal es el soporte de la vida animal y humana en la Tierra, pero hay mucho m\u00e1s ya que en gran parte de los vegetales se generan mol\u00e9culas protectoras y curativas que el hombre ha venido utilizando desde tiempos ancestrales&#8230;<\/em><em>Existe una relaci\u00f3n profunda y complementaria entre vegetales y humanos. Conocer estas relaciones es formar parte del proceso sanador que mantiene la vida en la Tierra y en el interior de nuestro organismo.\u00bb<\/em><\/p>\n<p>Un tema apasionante que contar\u00e1 con un escenario \u00fanico, un jard\u00edn vivo donde se realizar\u00e1n diversas actividades.<\/p>\n<p><strong><span style=\"color: #ff6600;\">Al ser un acto compartido con otro evento las entradas descargadas permitir\u00e1n el acceso hasta completar el aforo solamente<\/span>.<\/strong> Por ello se recomienda puntualidad.<\/p>\n<p><strong>Nuestra invitada:<\/strong><\/p>\n<p><strong>Palmira Pozuelo<\/strong><\/p>\n<p><a href=\"http:\/\/www.encuentrosconlosutil.com\/wp-content\/uploads\/2018\/09\/PalmiraPozueloPropo\u0301sito.jpg\"><img loading=\"lazy\" class=\"alignnone size-full wp-image-1887\" src=\"http:\/\/www.encuentrosconlosutil.com\/wp-content\/uploads\/2018\/09\/PalmiraPozueloPropo\u0301sito.jpg\" alt=\"PalmiraPozueloPropo\u0301sito\" width=\"300\" height=\"400\" \/><\/a><\/p>\n<p>Mi \u00e1rea de experiencia profesional y vital, se ha dirigido hacia la b\u00fasqueda y mantenimiento de la salud a trav\u00e9s de los remedios naturales.<\/p>\n<p>Desde muy peque\u00f1a mostr\u00e9 inter\u00e9s en los remedios curativos, me gustaba observar junto a mi abuelo su libro de medicina natural y los dibujos de plantas y remedios, as\u00ed como observarlo recogiendo plantas y haci\u00e9ndose infusiones.<\/p>\n<p><strong>Estudios Farmacia: Curar sin agredir<\/strong><br \/>\nMe decid\u00ed a realizar estudios de Farmacia, donde aprend\u00ed en profundidad sobre los medicamentos, y no tanto sobre remedios naturales. En clases de Historia de la Farmacia, escuche una frase que me impacto y cambi\u00f3 mi orientaci\u00f3n profesional. Fu\u00e9 cuando nos hablaban del m\u00e9dico griego Hip\u00f3crates, cuya m\u00e1xima era \u201cCurar sin agredir\u201d e \u201cIr a la causa de las causas\u201d, palabras que resonaron en mi interior y me hicieron darme cuenta de que lo que yo estaba estudiando generalmente produc\u00eda agresi\u00f3n y no se dirig\u00eda a curar las verdaderas causas de las enfermedades. Cuando se da un antiinflamatorio para un dolor de rodilla, se trata un s\u00edntoma, no la causa que gener\u00f3 esa inflamaci\u00f3n y se da\u00f1a a otros \u00f3rganos como el sistema gastrointestinal.<\/p>\n<p><strong>Las Plantas como alternativa a los remedios qu\u00edmicos<\/strong><br \/>\nAs\u00ed que me decid\u00ed a ampliar mi formaci\u00f3n y as\u00ed realic\u00e9 estudios de Medicina Natural y Naturopat\u00eda. Profundic\u00e9 en el estudio de la Fitoterapia primero (Plantas en lugar de medicamentos) y m\u00e1s tarde en la Nutrici\u00f3n, pues otra frase atribuida a Hip\u00f3crates era: \u201cQue tus alimentos sean tu \u00fanico medicamento\u201d. Es decir una prioridad, en el hecho que realizamos cada d\u00eda al comer, y que este acto sea curativo y no causa de enfermedad.<br \/>\nSeg\u00fan iba estudiando iba poniendo en pr\u00e1ctica estas propuestas y en mi misma comprob\u00e9 como se mejoraban muchas de los problemas de salud que ya con 23 a\u00f1os ten\u00eda, tales como colon irritable, dismenorrea, Rinitis al\u00e9rgica, catarros frecuentes y acn\u00e9.<\/p>\n<p><strong>La alimentaci\u00f3n: Que tu alimento sea tu \u00fanico medicamento. La nutrici\u00f3n es primero<\/strong><\/p>\n<p><strong>Experiencia profesional<\/strong><br \/>\nDurante 10 a\u00f1os estuve al frente de una farmacia rural en un peque\u00f1o pueblo de Madrid y con el contacto cercano de la gente fui conociendo sus problemas, f\u00edsicos y emocionales. Puede ver muchos efectos adversos causados por medicamentos. Hay tratamientos farmacol\u00f3gicos imprescindibles y eficaces, pero tambi\u00e9n hay mucha automedicaci\u00f3n para s\u00edntomas cotidianos que podr\u00edamos prevenir. Tambi\u00e9n vi que no era f\u00e1cil cambiar h\u00e1bitos, que la poblaci\u00f3n estaba acostumbrada a tomar p\u00edldoras que eliminen s\u00edntomas, lo cual es muy c\u00f3modo, pero no trata la causa, a\u00fan as\u00ed a trav\u00e9s de consejos sobre mejora nutricional y el uso de las plantas medicinales, pude comprobar como mejoraban de sus problemas muchos de ellos.<\/p>\n<p><span style=\"color: #ff0000;\">SE DEJAR\u00c1 ENTRAR HASTA COMPLETAR AFORO,\u00a0\u00a0<\/span><\/p>\n<p><a href=\"https:\/\/www.eventbrite.es\/e\/entradas-inteligencia-vegetal-y-plantas-medicinales-49884389552?ref=ebtn\" target=\"_blank\"><img src=\"https:\/\/www.eventbrite.es\/custombutton?eid=49884389552\" alt=\"Eventbrite - INTELIGENCIA VEGETAL Y PLANTAS MEDICINALES\" \/><\/a><\/p>\n<p>&nbsp;<\/p>\n","protected":false},"excerpt":{"rendered":"<p>INICIO DE UNA NUEVA EDICI\u00d3N DE ENCUENTROS CON LO SUTIL Estimados amigos, volvemos en nuestra quinta edici\u00f3n con nuevas propuestas, relatos y espacios para el ciclo de conferencias Encuentro con lo Sutil. Este a\u00f1o desarrollaremos nuestro trabajo en nuevos espacios, con un enfoque experiencial y multidisciplinario. Ser\u00e1 un placer poder compartir nuestra b\u00fasqueda y experiencias [&hellip;]<\/p>\n","protected":false},"author":1,"featured_media":0,"comment_status":"open","ping_status":"open","sticky":false,"template":"","format":"standard","meta":[],"categories":[1],"tags":[],"_links":{"self":[{"href":"https:\/\/www.encuentrosconlosutil.com\/index.php?rest_route=\/wp\/v2\/posts\/1886"}],"collection":[{"href":"https:\/\/www.encuentrosconlosutil.com\/index.php?rest_route=\/wp\/v2\/posts"}],"about":[{"href":"https:\/\/www.encuentrosconlosutil.com\/index.php?rest_route=\/wp\/v2\/types\/post"}],"author":[{"embeddable":true,"href":"https:\/\/www.encuentrosconlosutil.com\/index.php?rest_route=\/wp\/v2\/users\/1"}],"replies":[{"embeddable":true,"href":"https:\/\/www.encuentrosconlosutil.com\/index.php?rest_route=%2Fwp%2Fv2%2Fcomments&post=1886"}],"version-history":[{"count":17,"href":"https:\/\/www.encuentrosconlosutil.com\/index.php?rest_route=\/wp\/v2\/posts\/1886\/revisions"}],"predecessor-version":[{"id":1906,"href":"https:\/\/www.encuentrosconlosutil.com\/index.php?rest_route=\/wp\/v2\/posts\/1886\/revisions\/1906"}],"wp:attachment":[{"href":"https:\/\/www.encuentrosconlosutil.com\/index.php?rest_route=%2Fwp%2Fv2%2Fmedia&parent=1886"}],"wp:term":[{"taxonomy":"category","embeddable":true,"href":"https:\/\/www.encuentrosconlosutil.com\/index.php?rest_route=%2Fwp%2Fv2%2Fcategories&post=1886"},{"taxonomy":"post_tag","embeddable":true,"href":"https:\/\/www.encuentrosconlosutil.com\/index.php?rest_route=%2Fwp%2Fv2%2Ftags&post=1886"}],"curies":[{"name":"wp","href":"https:\/\/api.w.org\/{rel}","templated":true}]}}