{"id":1876,"date":"2018-05-30T09:49:54","date_gmt":"2018-05-30T09:49:54","guid":{"rendered":"http:\/\/www.encuentrosconlosutil.com\/?p=1876"},"modified":"2018-05-30T10:39:35","modified_gmt":"2018-05-30T10:39:35","slug":"el-viaje-de-la-vida-plantas-maestras-y-chamanismo-amazonico-charla-y-proyeccion-documental","status":"publish","type":"post","link":"https:\/\/www.encuentrosconlosutil.com\/?p=1876","title":{"rendered":"PLANTAS MAESTRAS Y CHAMANISMO AMAZ\u00d3NICO. DOCUMENTAL y CHARLA"},"content":{"rendered":"<p><a href=\"http:\/\/www.encuentrosconlosutil.com\/wp-content\/uploads\/2018\/05\/Poster-Serpiente-V.4-e1527673447923.jpg\"><img loading=\"lazy\" class=\"alignnone size-large wp-image-1877\" src=\"http:\/\/www.encuentrosconlosutil.com\/wp-content\/uploads\/2018\/05\/Poster-Serpiente-V.4-768x1024.jpg\" alt=\"Poster-Serpiente-V.4\" width=\"625\" height=\"833\" \/><\/a><\/p>\n<p><em><strong>Encuentros con lo sutil 78#<\/strong><\/em><\/p>\n<p>El pr\u00f3ximo<strong><span style=\"color: #000000;\">\u00a0martes<\/span>\u00a0 5 de junio a las 20 horas<span style=\"color: #ff0000;\">\u00a0<span style=\"color: #000000;\">en el sal\u00f3n de actos<\/span><\/span><span style=\"color: #000000;\">\u00a0<\/span>del Centro Condeduque\u00a0<\/strong>tendremos\u00a0 la oportunidad de asistir a una proyecci\u00f3n documental y a una charla sobre las plantas maestras y el chamanismo en la Amazon\u00eda.<\/p>\n<p>Para ello contaremos con la presencia del periodista , escritor y documentalista\u00a0\u00a0<strong>Alfonso Domingo,<\/strong> autor del documental\u00a0<strong><em>La serpiente l\u00edquida.<\/em><\/strong><\/p>\n<p>En palabras de nuestro invitado, \u00ab<em>Muchos viajes pueden hacerse a trav\u00e9s de la cuenca del r\u00edo Amazonas, esa serpiente l\u00edquida de m\u00e1s de siete mil kil\u00f3metros donde nada es lo que parece. Un mundo cambiante donde reina el agua y uno siente el poder de las plantas que le envuelven. Un viaje exterior pero sobre todo un viaje interno, donde los hitos los marcan los chamanes y las sustancias enteog\u00e9nicas, y el tiempo entra en otra dimensi\u00f3n.<\/em><\/p>\n<p>Realizado con materiales rodados desde 1986 hasta la actualidad, a trav\u00e9s de 30 a\u00f1os, este documental es un tesoro antropol\u00f3gico muy bien narrado que testimonia sobre el camino del conocimiento de los chamanes, al tiempo que reflexiona sobre el sentido de la vida.<\/p>\n<p>En palabras de su autor, la serpiente l\u00edquida es \u00ab<em>una invitaci\u00f3n a viajar a trav\u00e9s de las cuencas Amaz\u00f3nicas de Per\u00fa, Colombia y Brasil y a viajar asimismo en el tiempo, a trav\u00e9s de los ritos y mitos que se pierden en el origen de su historia y su cultura. Un periplo por las culturas y las plantas de poder utilizadas por los chamanes o curanderos en las ceremonias ind\u00edgenas a lo largo del Gran R\u00edo, sobre todo de la Ayahuasca, \u201cLa soga de los muertos\u201d o \u201cel vino de los esp\u00edritus\u201d.\u00a0<\/em><\/p>\n<p>Os esperamos a todos.\u00a0<strong> Se ruega puntualidad porque la proyecci\u00f3n comenzar\u00e1 puntual. <\/strong>Despu\u00e9s tendremos una charla con nuestro invitado.<\/p>\n<p><a href=\"https:\/\/www.eventbrite.es\/e\/entradas-plantas-maestras-y-chamanismo-amazonico-documental-y-charla-46563379321?ref=ebtn\" target=\"_blank\"><img src=\"https:\/\/www.eventbrite.es\/custombutton?eid=46563379321\" alt=\"Eventbrite - PLANTAS MAESTRAS Y CHAMANISMO AMAZ\u00d3NICO. DOCUMENTAL Y CHARLA\" \/><\/a><\/p>\n<p>&nbsp;<\/p>\n<p><iframe loading=\"lazy\" src=\"https:\/\/player.vimeo.com\/video\/220279241?autoplay=1\" width=\"640\" height=\"360\" frameborder=\"0\" allowfullscreen=\"allowfullscreen\"><\/iframe><\/p>\n<p><strong>Nuestro invitado:<\/strong><\/p>\n<p><a href=\"http:\/\/www.encuentrosconlosutil.com\/wp-content\/uploads\/2018\/05\/C9D0002f-1.jpg\"><img loading=\"lazy\" class=\"alignnone  wp-image-1881\" src=\"http:\/\/www.encuentrosconlosutil.com\/wp-content\/uploads\/2018\/05\/C9D0002f-1-683x1024.jpg\" alt=\"_C9D0002f (1)\" width=\"311\" height=\"466\" srcset=\"https:\/\/www.encuentrosconlosutil.com\/wp-content\/uploads\/2018\/05\/C9D0002f-1-683x1024.jpg 683w, https:\/\/www.encuentrosconlosutil.com\/wp-content\/uploads\/2018\/05\/C9D0002f-1-200x300.jpg 200w, https:\/\/www.encuentrosconlosutil.com\/wp-content\/uploads\/2018\/05\/C9D0002f-1-624x936.jpg 624w, https:\/\/www.encuentrosconlosutil.com\/wp-content\/uploads\/2018\/05\/C9D0002f-1.jpg 802w\" sizes=\"(max-width: 311px) 100vw, 311px\" \/><\/a><\/p>\n<p><strong>Alfonso Domingo<\/strong> (Tur\u00e9gano, Segovia, 1955), ha trabajado en prensa escrita, radio y televisi\u00f3n. Periodista especializado en informaci\u00f3n internacional y reportero de guerra, como director de documentales es asimismo autor de catorce series: en total m\u00e1s de cien trabajos, algunos doblemente galardonados. Ha viajado por multitud de pa\u00edses de todos los continentes, cubriendo algunos de los aconteci\u00admientos m\u00e1s importantes de las \u00faltimas d\u00e9cadas. Ha entrevis\u00adtado a una veintena de hombres de Estado, l\u00edderes pol\u00edticos y ha vivido varias veces el infierno de la guerra (L\u00edbano, Nicaragua, El Salvador, Panam\u00e1, Libia, Bosnia, S\u00e1hara, C\u00e1ucaso). En su haber figuran cuatro novelas premiadas y varios libros de ensayo, relatos y viaje.<\/p>\n<p>Impulsor, coordinador y codirector de la pel\u00edcula <em>Madrid 11-M: todos \u00edbamos en ese tren<\/em> (112\u00b4, 2004) promovida por DocusMadrid. En 2006 dirigi\u00f3 \u00abLa memoria recobrada\u00bb \u2013coproducci\u00f3n con TVE-, una serie documental de cinco cap\u00edtulos sobre la guerra civil espa\u00f1ola con la participaci\u00f3n de Manuel Guti\u00e9rrez Arag\u00f3n, Manuel Rivas, Pedro Guerra, Luis Pastor y Juan Madrid. \u00a0Codirigi\u00f3 \u201cAlmas sin Fronteras\u201d, la historia de la Brigada Lincoln, (Diagrama Producciones y TVE). Dirigi\u00f3 en 2009 \u201cSahel, nuestra ribera\u201d (Mali, Senegal y Burkina Faso, 3&#215;60\u00b4, Argonauta Producciones). \u201cBajo Todas las banderas\u201d (118\u00b4), Espa\u00f1oles en la II Guerra Mundial, coproducido por TVE, Canal de la Historia, Argonauta y TVG. En 2012 codirigi\u00f3 <em>Dorm\u00edamos, despertamos<\/em>, sobre el movimiento 15-M con otros cuatro cineastas espa\u00f1oles. En 2015 codirigi\u00f3 \u201cH\u00e9roes invisibles, afroamericanos en la guerra de Espa\u00f1a\u201d. Tambi\u00e9n en 2015 dirigi\u00f3 \u201cMelchor Rodr\u00edguez, el \u00e1ngel rojo\u201d galardonado con el segundo premio del concurso Imaginera del Centro de Estudios Andaluces.<\/p>\n<p>Estudioso de la guerra civil espa\u00f1ola y la postguerra, ha publicado ensayos de historia oral como <em>El Canto del b\u00faho <\/em>(2003), <em>Retaguardia<\/em> (2004), <em>Historia de los Espa\u00f1oles en la II Guerra Mundial<\/em> (2009), as\u00ed como la novela biogr\u00e1fica <em>El \u00e1ngel rojo<\/em> (2009). Es coautor de <em>El vuelo del Cuatro Vientos<\/em> (2003) y autor del libro <em>La serpiente l\u00edquida <\/em>(2005), sobre mitos, ritos y chamanes del Amazonas.<\/p>\n<p>Su primera novela, <em>La Madre<\/em><em> de la Voz en el O\u00eddo<\/em>, sobre las plantas de poder, ambientada en la selva amaz\u00f3nica, gan\u00f3 el <strong>Premio Feria del Libro de Madrid de 1991<\/strong>. <em>La Estrella Solitaria<\/em> (2003) que cuenta la epopeya del espa\u00f1ol Luis G\u00e1lvez Rodr\u00edguez de Arias en las profundidades del Amazonas -donde cre\u00f3 un estado independiente y progresista en Acre a finales del siglo XIX-, obtuvo el <strong>VII Premio de novela Ciudad de Salamanca<\/strong>. Con <em>El espejo negro<\/em> obtuvo el <strong>Premio Ateneo de Sevilla en 2011<\/strong> y con <em>El enigma de Tina<\/em> logr\u00f3 el <strong>Premio Ateneo Ciudad de Valladolid de novela en 2012<\/strong>. En 2014 ha publicado <em>La balada de Billy el Ni\u00f1o<\/em>. En 2018 se reedit\u00f3, actualizado, su libro \u201cLa serpiente liquida\u201d, que tambi\u00e9n tiene su versi\u00f3n documental, en forma de una pel\u00edcula de 84 minutos de duraci\u00f3n.<\/p>\n<p>En lo que respecta a la ense\u00f1anza, ha impartido cursos de Producci\u00f3n, guion y direcci\u00f3n documental en centros como el instituto RTVE, la escuela de san Antonio de los Ba\u00f1os (Cuba), multitud de centros privados espa\u00f1oles y varios festivales (MUCES, FESEK, SOBRAL)<\/p>\n<p>&nbsp;<\/p>\n<p>&nbsp;<\/p>\n<p>&nbsp;<\/p>\n<p>&nbsp;<\/p>\n","protected":false},"excerpt":{"rendered":"<p>Encuentros con lo sutil 78# El pr\u00f3ximo\u00a0martes\u00a0 5 de junio a las 20 horas\u00a0en el sal\u00f3n de actos\u00a0del Centro Condeduque\u00a0tendremos\u00a0 la oportunidad de asistir a una proyecci\u00f3n documental y a una charla sobre las plantas maestras y el chamanismo en la Amazon\u00eda. Para ello contaremos con la presencia del periodista , escritor y documentalista\u00a0\u00a0Alfonso Domingo, [&hellip;]<\/p>\n","protected":false},"author":1,"featured_media":0,"comment_status":"open","ping_status":"open","sticky":false,"template":"","format":"standard","meta":[],"categories":[1],"tags":[],"_links":{"self":[{"href":"https:\/\/www.encuentrosconlosutil.com\/index.php?rest_route=\/wp\/v2\/posts\/1876"}],"collection":[{"href":"https:\/\/www.encuentrosconlosutil.com\/index.php?rest_route=\/wp\/v2\/posts"}],"about":[{"href":"https:\/\/www.encuentrosconlosutil.com\/index.php?rest_route=\/wp\/v2\/types\/post"}],"author":[{"embeddable":true,"href":"https:\/\/www.encuentrosconlosutil.com\/index.php?rest_route=\/wp\/v2\/users\/1"}],"replies":[{"embeddable":true,"href":"https:\/\/www.encuentrosconlosutil.com\/index.php?rest_route=%2Fwp%2Fv2%2Fcomments&post=1876"}],"version-history":[{"count":5,"href":"https:\/\/www.encuentrosconlosutil.com\/index.php?rest_route=\/wp\/v2\/posts\/1876\/revisions"}],"predecessor-version":[{"id":1883,"href":"https:\/\/www.encuentrosconlosutil.com\/index.php?rest_route=\/wp\/v2\/posts\/1876\/revisions\/1883"}],"wp:attachment":[{"href":"https:\/\/www.encuentrosconlosutil.com\/index.php?rest_route=%2Fwp%2Fv2%2Fmedia&parent=1876"}],"wp:term":[{"taxonomy":"category","embeddable":true,"href":"https:\/\/www.encuentrosconlosutil.com\/index.php?rest_route=%2Fwp%2Fv2%2Fcategories&post=1876"},{"taxonomy":"post_tag","embeddable":true,"href":"https:\/\/www.encuentrosconlosutil.com\/index.php?rest_route=%2Fwp%2Fv2%2Ftags&post=1876"}],"curies":[{"name":"wp","href":"https:\/\/api.w.org\/{rel}","templated":true}]}}