{"id":1847,"date":"2018-04-23T20:49:40","date_gmt":"2018-04-23T20:49:40","guid":{"rendered":"http:\/\/www.encuentrosconlosutil.com\/?p=1847"},"modified":"2018-04-24T09:13:45","modified_gmt":"2018-04-24T09:13:45","slug":"las-danzas-de-gurdjieff-concierto-danza-y-conversacion","status":"publish","type":"post","link":"https:\/\/www.encuentrosconlosutil.com\/?p=1847","title":{"rendered":"DANZAS DE GURDJIEFF; M\u00daSICA, MOVIMIENTO E IDEAS."},"content":{"rendered":"<p><a href=\"http:\/\/www.encuentrosconlosutil.com\/wp-content\/uploads\/2018\/04\/49d2a77e54.jpg\"><img loading=\"lazy\" class=\"alignnone size-full wp-image-1848\" src=\"http:\/\/www.encuentrosconlosutil.com\/wp-content\/uploads\/2018\/04\/49d2a77e54.jpg\" alt=\"49d2a77e54\" width=\"705\" height=\"370\" srcset=\"https:\/\/www.encuentrosconlosutil.com\/wp-content\/uploads\/2018\/04\/49d2a77e54.jpg 705w, https:\/\/www.encuentrosconlosutil.com\/wp-content\/uploads\/2018\/04\/49d2a77e54-300x157.jpg 300w, https:\/\/www.encuentrosconlosutil.com\/wp-content\/uploads\/2018\/04\/49d2a77e54-624x327.jpg 624w\" sizes=\"(max-width: 705px) 100vw, 705px\" \/><\/a><\/p>\n<p style=\"text-align: right;\"><em>\u201cEn todo lo que hacemos, la idea subyacente es hacer lo que no se puede hacer autom\u00e1ticamente y sin pensar. Para nosotros, las danzas y los movimientos son un medio para combinar la mente y el sentimiento con los movimientos del cuerpo y manifestarlos juntos, de desarrollar algo que no puede desarrollarse directa o mec\u00e1nicamente\u201d<\/em>.<\/p>\n<p style=\"text-align: right;\"><strong>Gurdjieff<\/strong><\/p>\n<p>&nbsp;<\/p>\n<p><em><strong>Encuentros con lo sutil 76#<\/strong><\/em><\/p>\n<p>El pr\u00f3ximo<strong><span style=\"color: #ff0000;\">\u00a0jueves<\/span>\u00a0 3 de mayo a las 20 horas<span style=\"color: #ff0000;\"> en el auditorio<\/span> del centro Condeduque\u00a0<\/strong>tendremos\u00a0 la ocasi\u00f3n de aproximarnos y disfrutar de una muestra de la ense\u00f1anza viva de Gurdjieff a trav\u00e9s de dos de sus grandes legados: la M\u00fasica y las llamadas Danzas Sagradas.<\/p>\n<p>Para ello contaremos con la presencia de la los interpretes de la <em>Asociaci\u00f3n para el Desarrollo Arm\u00f3nico<\/em> y con\u00a0<strong>I\u00f1igo Postlethwaite,\u00a0<\/strong>\u00a0fundador de la misma.\u00a0 Adem\u00e1s nos acompa\u00f1ar\u00e1n dos m\u00fasicas:\u00a0\u00a0<strong>Ofelia Cabello Sanz <\/strong>al piano\u00a0y <strong>Melissa Castillo <\/strong>al viol\u00edn<strong>.<\/strong><\/p>\n<p>Como nos adelanta I\u00f1igo \u00ab<em>Las Danzas Sagradas o Movimientos tienen un doble prop\u00f3sito. Por un lado contienen y transmiten un cierto conocimiento a trav\u00e9s del cuerpo y del lenguaje simb\u00f3lico gestual. Al mismo tiempo sirven como un medio para alcanzar un estado arm\u00f3nico, En un primer estadio los Movimientos son medicina, no para el alma, \u201cel alma no necesita medicina\u201d dec\u00eda Gurdjieff, sino para la mente. La mente aprende a estar al servicio, aprende a seguir una direcci\u00f3n y a cumplir su funci\u00f3n&#8230; Mira hacia \u201cabajo\u201d, hacia el cuerpo, con quien establece una relaci\u00f3n olvidada durante toda una vida&#8230;\u00a0Dos hermanos que se perdieron. Y cuando esta relaci\u00f3n est\u00e1 sanada y el cuerpo se relaja, un sentimiento nuevo florece. As\u00ed es como tres se convierten en uno y ocurre el retorno de la multiplicidad a la unidad. Las combinaciones de estos movimientos evocan sensaciones diferentes, producen diferentes grados de concentraci\u00f3n del pensamiento, requieren esfuerzos especiales en diversas funciones y muestran los l\u00edmites posibles de la fuerza individual. \u00ab<\/em><\/p>\n<p>Con \u00e9l conversaremos sobre la sabidur\u00eda de estas danzas y sobre su origen y nos deleitaremos con la m\u00fasica y el movimiento.<\/p>\n<p>&nbsp;<\/p>\n<p><strong>Nuestros inviados:<\/strong><\/p>\n<p><a href=\"http:\/\/www.encuentrosconlosutil.com\/wp-content\/uploads\/2018\/04\/FullSizeRender-3.jpg\"><img loading=\"lazy\" class=\"alignnone size-full wp-image-1849\" src=\"http:\/\/www.encuentrosconlosutil.com\/wp-content\/uploads\/2018\/04\/FullSizeRender-3.jpg\" alt=\"FullSizeRender (3)\" width=\"188\" height=\"221\" \/><\/a><\/p>\n<p><strong>I\u00f1igo Postlethwaite,<\/strong>\u00a0economista y consultor, cofundador de Asombras Teatro y de ADAH. Entra en contacto con el Cuarto Camino de Gurdjieff en 1998 y trabaja con diferentes grupos y maestros. En 2007 establece un grupo regular de Gurdjieff en Madrid. Funda junto con otros buscadores ADAH &#8211; Asociaci\u00f3n para el Desarrollo Arm\u00f3nico del Hombre \u2013de la que es presidente. En 2015 inauguran el centro La Colmena, sede de ADAH en Madrid<\/p>\n<p><strong>ADAH<\/strong><strong>\u00a0<\/strong><\/p>\n<p>La Asociaci\u00f3n para el Desarrollo Arm\u00f3nico est\u00e1 centrada en el estudio y pr\u00e1ctica regular de las ense\u00f1anzas, m\u00fasica y Danzas legadas por Gurdjieff, As\u00ed mismo realizan actividades abiertas de divulgaci\u00f3n como publicaciones, muestras y conciertos y cursos introductorios en La Colmena para acercarse a esta rica y completa ense\u00f1anza.<\/p>\n<p><strong>\u00a0Referencia cultural:<\/strong><\/p>\n<p><strong>G.I. Gurdjieff<\/strong>, (Alexandropol, Imperio Ruso, 1866 \u2013 Neuilly-sur-Seine, Francia,\u00a01949) fue un controvertido maestro espiritual, escritor y compositor armenio, quien se autodenominaba como\u00a0un simple Maestro de Danzas. Una personalidad misteriosa y carism\u00e1tica, con un agudo sentido cr\u00edtico, y una elevada cultura tradicional, que acapar\u00f3 la atenci\u00f3n de muchos, gui\u00e1ndolos hacia una posible evoluci\u00f3n espiritual y humanitaria.<\/p>\n<p>&nbsp;<\/p>\n<p>Descargue su entrada gratuita. Esta entrada le permitir\u00e1 entrar hasta completar aforo.<\/p>\n<p><a href=\"https:\/\/www.eventbrite.es\/e\/entradas-danzas-de-gurdjieff-45466286888?ref=ebtn\" target=\"_blank\"><img src=\"https:\/\/www.eventbrite.es\/custombutton?eid=45466286888\" alt=\"Eventbrite - DANZAS DE GURDJIEFF\" \/><\/a><\/p>\n<p>&nbsp;<\/p>\n<p>&nbsp;<\/p>\n<p><iframe loading=\"lazy\" src=\"https:\/\/www.youtube.com\/embed\/SDqJRairC9o\" width=\"560\" height=\"315\" frameborder=\"0\" allowfullscreen=\"allowfullscreen\"><\/iframe><\/p>\n<p>&nbsp;<\/p>\n<p>&nbsp;<\/p>\n<p>&nbsp;<\/p>\n<p>&nbsp;<\/p>\n<p>&nbsp;<\/p>\n<p>&nbsp;<\/p>\n","protected":false},"excerpt":{"rendered":"<p>\u201cEn todo lo que hacemos, la idea subyacente es hacer lo que no se puede hacer autom\u00e1ticamente y sin pensar. Para nosotros, las danzas y los movimientos son un medio para combinar la mente y el sentimiento con los movimientos del cuerpo y manifestarlos juntos, de desarrollar algo que no puede desarrollarse directa o mec\u00e1nicamente\u201d. [&hellip;]<\/p>\n","protected":false},"author":1,"featured_media":0,"comment_status":"open","ping_status":"open","sticky":false,"template":"","format":"standard","meta":[],"categories":[1],"tags":[],"_links":{"self":[{"href":"https:\/\/www.encuentrosconlosutil.com\/index.php?rest_route=\/wp\/v2\/posts\/1847"}],"collection":[{"href":"https:\/\/www.encuentrosconlosutil.com\/index.php?rest_route=\/wp\/v2\/posts"}],"about":[{"href":"https:\/\/www.encuentrosconlosutil.com\/index.php?rest_route=\/wp\/v2\/types\/post"}],"author":[{"embeddable":true,"href":"https:\/\/www.encuentrosconlosutil.com\/index.php?rest_route=\/wp\/v2\/users\/1"}],"replies":[{"embeddable":true,"href":"https:\/\/www.encuentrosconlosutil.com\/index.php?rest_route=%2Fwp%2Fv2%2Fcomments&post=1847"}],"version-history":[{"count":7,"href":"https:\/\/www.encuentrosconlosutil.com\/index.php?rest_route=\/wp\/v2\/posts\/1847\/revisions"}],"predecessor-version":[{"id":1857,"href":"https:\/\/www.encuentrosconlosutil.com\/index.php?rest_route=\/wp\/v2\/posts\/1847\/revisions\/1857"}],"wp:attachment":[{"href":"https:\/\/www.encuentrosconlosutil.com\/index.php?rest_route=%2Fwp%2Fv2%2Fmedia&parent=1847"}],"wp:term":[{"taxonomy":"category","embeddable":true,"href":"https:\/\/www.encuentrosconlosutil.com\/index.php?rest_route=%2Fwp%2Fv2%2Fcategories&post=1847"},{"taxonomy":"post_tag","embeddable":true,"href":"https:\/\/www.encuentrosconlosutil.com\/index.php?rest_route=%2Fwp%2Fv2%2Ftags&post=1847"}],"curies":[{"name":"wp","href":"https:\/\/api.w.org\/{rel}","templated":true}]}}