{"id":1815,"date":"2018-03-05T18:46:23","date_gmt":"2018-03-05T18:46:23","guid":{"rendered":"http:\/\/www.encuentrosconlosutil.com\/?p=1815"},"modified":"2018-03-13T12:21:47","modified_gmt":"2018-03-13T12:21:47","slug":"el-humor-como-llave-de-la-conciencia-charla-taller-con-miguel-brieva","status":"publish","type":"post","link":"https:\/\/www.encuentrosconlosutil.com\/?p=1815","title":{"rendered":"EL HUMOR COMO LLAVE DE LA CONSCIENCIA. CHARLA TALLER CON MIGUEL BRIEVA"},"content":{"rendered":"<p><a href=\"http:\/\/www.encuentrosconlosutil.com\/wp-content\/uploads\/2018\/03\/chabola-hiperseguridad.jpg\"><img loading=\"lazy\" class=\"alignnone size-large wp-image-1821\" src=\"http:\/\/www.encuentrosconlosutil.com\/wp-content\/uploads\/2018\/03\/chabola-hiperseguridad-740x1024.jpg\" alt=\"chabola-hiperseguridad\" width=\"625\" height=\"865\" srcset=\"https:\/\/www.encuentrosconlosutil.com\/wp-content\/uploads\/2018\/03\/chabola-hiperseguridad-740x1024.jpg 740w, https:\/\/www.encuentrosconlosutil.com\/wp-content\/uploads\/2018\/03\/chabola-hiperseguridad-217x300.jpg 217w, https:\/\/www.encuentrosconlosutil.com\/wp-content\/uploads\/2018\/03\/chabola-hiperseguridad-624x864.jpg 624w\" sizes=\"(max-width: 625px) 100vw, 625px\" \/><\/a><\/p>\n<p><em><strong>Encuentros con lo sutil 74#<\/strong><\/em><\/p>\n<p><strong>\u00a0<\/strong>\u00bfPor qu\u00e9 nos libera el humor? \u00a0\u00bfQu\u00e9 relaci\u00f3n tienen el humor y lo inconsciente? \u00bfPueden los imaginarios y la consciencia transformarse a trav\u00e9s del humor? \u00bfQu\u00e9 funci\u00f3n tiene la cr\u00edtica social a trav\u00e9s del humor?<\/p>\n<p>El pr\u00f3ximo<strong> martes 13 de marzo a las 20 horas <\/strong>tendremos ocasi\u00f3n de vernos en un nuevo encuentro con lo sutil en Centro Conde Duque con el dibujante y agitador de conciencias <strong>Miguel Brieva<\/strong>.<\/p>\n<p>Con Miguel realizaremos un taller sobre su trabajo con vi\u00f1etas en el cual podr\u00e9is intervenir para comentar qu\u00e9 producen en vosotros su creatividad y \u00a0su mirada cr\u00edtica.<\/p>\n<p>Tenemos adem\u00e1s la suerte de que Miguel Brieva ser\u00e1 presentado y acompa\u00f1ado por la escritora y activista por los derechos animales\u00a0<strong>Ruth Toledano<\/strong>.<\/p>\n<p>Miguel nos adelanta que \u201c<em>el universo y todo este traj\u00edn energ\u00e9tico y humano que lo acompa\u00f1a no son sino una colosal broma sin fin de la que bien poco sabemos, una broma sagrada, tal vez, pero no por ello menos jocosa ni inaprensible.<\/em> <em>Es por ello que una actitud desenfadada, desmitificadora y autocr\u00edtica parece ser la m\u00e1s saludable para encarar este galimat\u00edas maravilloso que es la existencia. Y es que gente tan dispar y venerable como los maestros suf\u00eds, los practicantes del zen, S\u00f3crates, los Hermanos Marx o Frank Zappa no pueden estar equivocados.\u201d<\/em><\/p>\n<p><a href=\"http:\/\/www.encuentrosconlosutil.com\/wp-content\/uploads\/2018\/03\/hombre-y-botones.jpg\"><img loading=\"lazy\" class=\"alignnone size-large wp-image-1819\" src=\"http:\/\/www.encuentrosconlosutil.com\/wp-content\/uploads\/2018\/03\/hombre-y-botones-1024x726.jpg\" alt=\"hombre-y-botones\" width=\"625\" height=\"443\" srcset=\"https:\/\/www.encuentrosconlosutil.com\/wp-content\/uploads\/2018\/03\/hombre-y-botones-1024x726.jpg 1024w, https:\/\/www.encuentrosconlosutil.com\/wp-content\/uploads\/2018\/03\/hombre-y-botones-300x213.jpg 300w, https:\/\/www.encuentrosconlosutil.com\/wp-content\/uploads\/2018\/03\/hombre-y-botones-624x443.jpg 624w, https:\/\/www.encuentrosconlosutil.com\/wp-content\/uploads\/2018\/03\/hombre-y-botones.jpg 1831w\" sizes=\"(max-width: 625px) 100vw, 625px\" \/><\/a><\/p>\n<p><strong>\u00a0<\/strong><\/p>\n<p><strong>\u00a0<\/strong><\/p>\n<p><strong>\u00a0Nuestros invitados:<\/strong><\/p>\n<p><strong>\u00a0<a href=\"http:\/\/www.encuentrosconlosutil.com\/wp-content\/uploads\/2018\/03\/miguel.jpg\"><img loading=\"lazy\" class=\"alignnone size-full wp-image-1822\" src=\"http:\/\/www.encuentrosconlosutil.com\/wp-content\/uploads\/2018\/03\/miguel.jpg\" alt=\"miguel\" width=\"398\" height=\"450\" srcset=\"https:\/\/www.encuentrosconlosutil.com\/wp-content\/uploads\/2018\/03\/miguel.jpg 398w, https:\/\/www.encuentrosconlosutil.com\/wp-content\/uploads\/2018\/03\/miguel-265x300.jpg 265w\" sizes=\"(max-width: 398px) 100vw, 398px\" \/><\/a><\/strong><\/p>\n<p><span style=\"color: #000000;\"><strong>Miguel Brieva<\/strong>\u00a0(Sevilla,\u00a01974) es un dibujante y escritor espa\u00f1ol. Su medio de expresi\u00f3n son vi\u00f1etas gr\u00e1ficas y textos cortos que suelen tomar forma de\u00a0historietas,\u00a0aforismos, definiciones, poes\u00eda y\u00a0poes\u00eda visual. Su obra es una llamada a la consciencia desde\u00a0 su mirada perpleja sobre un mundo en decadencia moral y social.<\/span><\/p>\n<p><span style=\"color: #000000;\">Comenz\u00f3 autoedit\u00e1ndose en los primeros a\u00f1os del siglo XXI en la publicaci\u00f3n\u00a0<em>Dinero<\/em>. \u00a0Despu\u00e9s ha trabajado en el peri\u00f3dico\u00a0<em>Diagonal o para publicaciones como\u00a0<\/em><em>Generaci\u00f3n XXI,<\/em>\u00a0<em>El Jueves<\/em>,\u00a0<em>La Vanguardia<\/em>,\u00a0<em>Cineman\u00eda<\/em>,\u00a0<em>Ajoblanco<\/em>,\u00a0<em>Mondo Brutto<\/em>,\u00a0<em>El Pa\u00eds<\/em>\u00a0y\u00a0<em>Rolling Stone<\/em>, entre otros.<\/span><\/p>\n<p><span style=\"color: #000000;\">La editorial Mondadori ha publicado, con licencia Creative Commons, recopilatorios de sus trabajos.<\/span><\/p>\n<p>En sus\u00a0vi\u00f1etas destaca mucho la atenci\u00f3n el desajuste permanente entre la iconograf\u00eda inocente del consumismo prometedor y un texto que lleva ese consumismo hasta extremos contradictorios, absurdos, macabros o irreales.<\/p>\n<p>Su obra reflexiona en torno a cuestiones filos\u00f3ficas y morales de la estructura social, como la estupidez, la desigualdad o la muerte. Una invitaci\u00f3n a la conciencia consciente.<\/p>\n<p>Obra publicada:<\/p>\n<table class=\"sortable wikitable jquery-tablesorter\">\n<thead>\n<tr>\n<th class=\"headerSort\" tabindex=\"0\" title=\"Orden ascendente\">A\u00f1o<\/th>\n<th class=\"headerSort\" tabindex=\"0\" title=\"Orden ascendente\">T\u00edtulo<\/th>\n<th class=\"headerSort\" tabindex=\"0\" title=\"Orden ascendente\">Editorial<\/th>\n<th class=\"headerSort\" tabindex=\"0\" title=\"Orden ascendente\">Tipo<\/th>\n<\/tr>\n<\/thead>\n<tbody>\n<tr>\n<td>2000<\/td>\n<td><i>Propuestas para no hacer<\/i><\/td>\n<td>Ediciones Clism\u00f3n<\/td>\n<td><\/td>\n<\/tr>\n<tr>\n<td>2004<\/td>\n<td><i>La vida \/ La muerte<\/i>\u00a0(como Marcz Doplaci\u00e9)<\/td>\n<td>Ediciones Clism\u00f3n<\/td>\n<td>Poes\u00eda<\/td>\n<\/tr>\n<tr>\n<td>2007<\/td>\n<td><i>Enciclopedia Clism\u00f3n<\/i><\/td>\n<td>Mondadori<\/td>\n<td>Recopilatorio<\/td>\n<\/tr>\n<tr>\n<td>2008<\/td>\n<td><i>Dinero<\/i><\/td>\n<td>Mondadori<\/td>\n<td>Recopilatorio<\/td>\n<\/tr>\n<tr>\n<td>2009<\/td>\n<td><i>El otro mundo<\/i><\/td>\n<td>Mondadori<\/td>\n<td>Recopilatorio<\/td>\n<\/tr>\n<tr>\n<td>2010<\/td>\n<td><i>Al final<\/i>\u00a0(con gui\u00f3n de\u00a0<a title=\"Silvia Nanclares\" href=\"https:\/\/es.wikipedia.org\/wiki\/Silvia_Nanclares\">Silvia Nanclares<\/a>)<\/td>\n<td>K\u00f3kinos<\/td>\n<td>Infantil<\/td>\n<\/tr>\n<tr>\n<td>2012<\/td>\n<td><i>Memorias de la tierra<\/i><\/td>\n<td>Mondadori<\/td>\n<td>Recopilatorio<\/td>\n<\/tr>\n<tr>\n<td>2012<\/td>\n<td><i>Obras incompletas de Marcz Doplacie<\/i><\/td>\n<td>Belleza Infinita<\/td>\n<td>Poes\u00eda<\/td>\n<\/tr>\n<tr>\n<td>2015<\/td>\n<td><i>Lo que me est\u00e1 pasando. Diarios de un joven emperdedor<\/i><\/td>\n<td>Reservoir Books<\/td>\n<td>Novela gr\u00e1fica<\/td>\n<\/tr>\n<tr>\n<td>2017<\/td>\n<td><i>La gran aventura humana\u00a0: pasado, presente y futuro del mono desnudo<\/i><\/td>\n<td>Reservoir Books<\/td>\n<td>Recopilatorio<\/td>\n<\/tr>\n<\/tbody>\n<\/table>\n<p>&nbsp;<\/p>\n<p><strong>\u00a0<\/strong><\/p>\n<p><strong>Ruth Toledano:\u00a0<\/strong><\/p>\n<p><a href=\"http:\/\/www.encuentrosconlosutil.com\/wp-content\/uploads\/2018\/03\/ruth.jpg\"><img loading=\"lazy\" class=\"alignnone size-full wp-image-1823\" src=\"http:\/\/www.encuentrosconlosutil.com\/wp-content\/uploads\/2018\/03\/ruth.jpg\" alt=\"ruth\" width=\"300\" height=\"400\" srcset=\"https:\/\/www.encuentrosconlosutil.com\/wp-content\/uploads\/2018\/03\/ruth.jpg 300w, https:\/\/www.encuentrosconlosutil.com\/wp-content\/uploads\/2018\/03\/ruth-225x300.jpg 225w\" sizes=\"(max-width: 300px) 100vw, 300px\" \/><\/a><\/p>\n<p><span style=\"color: #000000;\"><b>Ruth Gonz\u00e1lez Toledano<\/b>\u00a0(Le\u00f3n, 1963)\u200b es una\u00a0periodista, activista en defensa de los\u00a0derechos de los animales\u00a0y poeta\u00a0espa\u00f1ola. En 2009 se convirti\u00f3 en la primera mujer\u00a0Cronista de la Villa de Madrid, una designaci\u00f3n de car\u00e1cter honor\u00edfico vitalicio que el Ayuntamiento de Madrid realiza desde 1923<\/span><\/p>\n<p><span style=\"color: #000000;\">Afincada desde ni\u00f1a en\u00a0Madrid\u00a0es licenciada en\u00a0Filolog\u00eda Hisp\u00e1nica por la\u00a0Universidad Complutense de Madrid, pertenece a la primera promoci\u00f3n de la\u00a0Escuela de Letras de Madrid. Es columnista habitual de la edici\u00f3n de Madrid del diario\u00a0<i>El Pa\u00eds<\/i>, y autora de dos libros de poes\u00eda,\u00a0<i>Paisaje al fin,<\/i>\u00a0en 1994 y cinco a\u00f1os despu\u00e9s,\u00a0<i>Ojos de qui\u00e9n<\/i>\u00a0adem\u00e1s de coautora de diversas de obras.<\/span><\/p>\n<p><span style=\"color: #000000;\">Es\u00a0Cronista de la Villa de Madrid\u00a0desde enero de\u00a02009, \u00abpor su compromiso c\u00edvico contra la intolerancia, por la igualdad de la mujer, a favor del movimiento gay y en defensa de los animales\u00bb, a propuesta del Grupo Socialista y con los votos del Partido Popular convirti\u00e9ndose en la primera mujer que ocupa el puesto.<\/span><\/p>\n<p><span style=\"color: #000000;\">Creadora y editora del blog\u00a0antiespecista\u00a0<i>El caballo de Nietzsche<\/i>, en\u00a0eldiario.es. En 2014 durante una protesta en defensa de los animales durante los festejos del\u00a0Torneo del toro de la Vega\u00a0result\u00f3 agredida.<\/span><\/p>\n<p><span style=\"color: #000000;\">Es tambi\u00e9n creadora e impulsora de \u00abCapital Animal\u00bb, proyecto de arte, cultura y\u00a0animalismo, cuya primera edici\u00f3n tuvo lugar en Madrid en 2016.<\/span><sup id=\"cite_ref-5\" class=\"reference separada\"><\/sup><\/p>\n<p>DESCARGUE AQU\u00cd SUS ENTRADAS GRATUITAS<\/p>\n<p>&nbsp;<\/p>\n<p><a href=\"https:\/\/www.eventbrite.es\/e\/entradas-el-humor-como-llave-de-la-consciencia-charla-taller-con-miguel-brieva-43856765767?ref=ebtn\" target=\"_blank\"><img src=\"https:\/\/www.eventbrite.es\/custombutton?eid=43856765767\" alt=\"Eventbrite - EL HUMOR COMO LLAVE DE LA CONSCIENCIA. CHARLA TALLER CON MIGUEL BRIEVA\" \/><\/a><\/p>\n<p>&nbsp;<\/p>\n<p><span style=\"color: #ff0000;\">ENTRADAS AGOTADAS, SE DEJAR\u00c1 PASAR HASTA COMPLETAR AFORO<\/span><\/p>\n","protected":false},"excerpt":{"rendered":"<p>Encuentros con lo sutil 74# \u00a0\u00bfPor qu\u00e9 nos libera el humor? \u00a0\u00bfQu\u00e9 relaci\u00f3n tienen el humor y lo inconsciente? \u00bfPueden los imaginarios y la consciencia transformarse a trav\u00e9s del humor? \u00bfQu\u00e9 funci\u00f3n tiene la cr\u00edtica social a trav\u00e9s del humor? El pr\u00f3ximo martes 13 de marzo a las 20 horas tendremos ocasi\u00f3n de vernos en [&hellip;]<\/p>\n","protected":false},"author":1,"featured_media":0,"comment_status":"open","ping_status":"open","sticky":false,"template":"","format":"standard","meta":[],"categories":[1],"tags":[],"_links":{"self":[{"href":"https:\/\/www.encuentrosconlosutil.com\/index.php?rest_route=\/wp\/v2\/posts\/1815"}],"collection":[{"href":"https:\/\/www.encuentrosconlosutil.com\/index.php?rest_route=\/wp\/v2\/posts"}],"about":[{"href":"https:\/\/www.encuentrosconlosutil.com\/index.php?rest_route=\/wp\/v2\/types\/post"}],"author":[{"embeddable":true,"href":"https:\/\/www.encuentrosconlosutil.com\/index.php?rest_route=\/wp\/v2\/users\/1"}],"replies":[{"embeddable":true,"href":"https:\/\/www.encuentrosconlosutil.com\/index.php?rest_route=%2Fwp%2Fv2%2Fcomments&post=1815"}],"version-history":[{"count":10,"href":"https:\/\/www.encuentrosconlosutil.com\/index.php?rest_route=\/wp\/v2\/posts\/1815\/revisions"}],"predecessor-version":[{"id":1832,"href":"https:\/\/www.encuentrosconlosutil.com\/index.php?rest_route=\/wp\/v2\/posts\/1815\/revisions\/1832"}],"wp:attachment":[{"href":"https:\/\/www.encuentrosconlosutil.com\/index.php?rest_route=%2Fwp%2Fv2%2Fmedia&parent=1815"}],"wp:term":[{"taxonomy":"category","embeddable":true,"href":"https:\/\/www.encuentrosconlosutil.com\/index.php?rest_route=%2Fwp%2Fv2%2Fcategories&post=1815"},{"taxonomy":"post_tag","embeddable":true,"href":"https:\/\/www.encuentrosconlosutil.com\/index.php?rest_route=%2Fwp%2Fv2%2Ftags&post=1815"}],"curies":[{"name":"wp","href":"https:\/\/api.w.org\/{rel}","templated":true}]}}