{"id":1802,"date":"2018-02-13T10:21:41","date_gmt":"2018-02-13T10:21:41","guid":{"rendered":"http:\/\/www.encuentrosconlosutil.com\/?p=1802"},"modified":"2018-02-23T03:41:13","modified_gmt":"2018-02-23T03:41:13","slug":"taller-de-voz-y-estados-de-conciencia","status":"publish","type":"post","link":"https:\/\/www.encuentrosconlosutil.com\/?p=1802","title":{"rendered":"TALLER DE VOZ Y ESTADOS DE CONSCIENCIA."},"content":{"rendered":"<p><strong><em>Encuentros con lo Sutil 73#<\/em><\/strong><\/p>\n<p>\u00bfQu\u00e9 expresa nuestra voz? \u00bfC\u00f3mo podemos trabajarla? \u00bf Se puede liberar nuestra voz de bloqueos psicol\u00f3gicos? \u00bfQu\u00e9 relaci\u00f3n tiene nuestra voz con nuestros estados de consciencia?<\/p>\n<p>El pr\u00f3ximo martes<strong>\u00a027 de Febrero, a las 20 horas,<\/strong>\u00a0tendremos la oportunidad de realizar un taller de voz para responder a\u00a0 estas preguntas&#8230; mediante la experiencia.<\/p>\n<p>Para ello contaremos con la presencia de <strong>Radia Moraleda,<\/strong>\u00a0 m\u00fasica y profesora de canto y voz. Radia nos hablar\u00e1 desde su aprendizaje y nos mostrar\u00e1 parte de su trabajo para liberar nuestra voz de bloqueos personales y culturales&#8230; La voz entendida como expresi\u00f3n de nuestra naturaleza y como herramienta de autoconocimiento.\u00a0 En palabras de nuestra invitada, \u00bb <em>la\u00a0voz expresa quien eres: por eso es tan importante permitir que seas quien seas, suene.\u00bb<\/em><\/p>\n<p>De igual modo, Radia nos deleitar\u00e1 con alguno de sus temas, m\u00fasicas del mundo de inspiraci\u00f3n m\u00edstica .<\/p>\n<p><strong>Nuestra invitada<\/strong><\/p>\n<p><a href=\"http:\/\/www.encuentrosconlosutil.com\/wp-content\/uploads\/2018\/02\/Foto-Radia-1-1.jpg\"><img loading=\"lazy\" class=\"alignnone size-full wp-image-1803\" src=\"http:\/\/www.encuentrosconlosutil.com\/wp-content\/uploads\/2018\/02\/Foto-Radia-1-1.jpg\" alt=\"Foto Radia \" width=\"518\" height=\"778\" srcset=\"https:\/\/www.encuentrosconlosutil.com\/wp-content\/uploads\/2018\/02\/Foto-Radia-1-1.jpg 518w, https:\/\/www.encuentrosconlosutil.com\/wp-content\/uploads\/2018\/02\/Foto-Radia-1-1-200x300.jpg 200w\" sizes=\"(max-width: 518px) 100vw, 518px\" \/><\/a><\/p>\n<p><strong>Radia Moraleda<\/strong><\/p>\n<p dir=\"auto\">M\u00fasica (voz, frame drum, jews arp, tampura y tanbur kurdo).<\/p>\n<p dir=\"auto\">Es m\u00fasica, compositora y profesora de canto con formaci\u00f3n terap\u00e9utica y psicol\u00f3gica, especializada en m\u00fasicas del mundo y canto arm\u00f3nico.\u00a0 A lo largo de su carrera ha formado parte de varias bandas actuando por Europa y \u00e1frica junto a <strong><em>Firdaus Ensemble<\/em><\/strong>, <strong><em>Taiga<\/em><\/strong> y <em><strong>Radiant Arcadia.\u00a0<\/strong><\/em><\/p>\n<p dir=\"auto\">Sac\u00f3 su primer trabajo en 2016,<strong><em> Semillas de Eternidad,<\/em><\/strong> un disco libro \u00edntimo con poemas propios y versiones de inspiraci\u00f3n m\u00edstica suf\u00ed con una gran variedad de instrumentos orientales.<\/p>\n<p dir=\"auto\">Con m\u00e1s de 12 a\u00f1os de docencia ha impartido talleres de voz por toda Europa, explicando la importancia de la voz en nuestra vida diaria como herramienta de autoconocimiento y crecimiento personal.<\/p>\n<p dir=\"auto\">En esta ocasi\u00f3n, Radia vendr\u00e1 acompa\u00f1ada de <strong>Antonio Mart\u00ednez Fern\u00e1ndez<\/strong>\u00a0int\u00e9rprete especializado en m\u00fasica persa, Ney, Setar y Daf.<\/p>\n<p><iframe loading=\"lazy\" src=\"https:\/\/www.youtube.com\/embed\/jWhNM6VNs70\" width=\"560\" height=\"315\" frameborder=\"0\" allowfullscreen=\"allowfullscreen\"><\/iframe><\/p>\n<p><a href=\"https:\/\/www.eventbrite.es\/e\/entradas-taller-de-voz-y-estados-modificados-de-consciencia-43164509209?ref=ebtn\" target=\"_blank\"><img src=\"https:\/\/www.eventbrite.es\/custombutton?eid=43164509209\" alt=\"Eventbrite - TALLER DE VOZ Y ESTADOS MODIFICADOS DE CONSCIENCIA\" \/><\/a><\/p>\n<p>&nbsp;<\/p>\n<p><strong><span style=\"color: #ff0000;\">ENTRADAS AGOTADAS, SE DEJAR\u00c1 PASAR HASTA COMPLETAR AFORO<\/span><\/strong><\/p>\n","protected":false},"excerpt":{"rendered":"<p>Encuentros con lo Sutil 73# \u00bfQu\u00e9 expresa nuestra voz? \u00bfC\u00f3mo podemos trabajarla? \u00bf Se puede liberar nuestra voz de bloqueos psicol\u00f3gicos? \u00bfQu\u00e9 relaci\u00f3n tiene nuestra voz con nuestros estados de consciencia? El pr\u00f3ximo martes\u00a027 de Febrero, a las 20 horas,\u00a0tendremos la oportunidad de realizar un taller de voz para responder a\u00a0 estas preguntas&#8230; mediante la [&hellip;]<\/p>\n","protected":false},"author":1,"featured_media":0,"comment_status":"open","ping_status":"open","sticky":false,"template":"","format":"standard","meta":[],"categories":[1],"tags":[],"_links":{"self":[{"href":"https:\/\/www.encuentrosconlosutil.com\/index.php?rest_route=\/wp\/v2\/posts\/1802"}],"collection":[{"href":"https:\/\/www.encuentrosconlosutil.com\/index.php?rest_route=\/wp\/v2\/posts"}],"about":[{"href":"https:\/\/www.encuentrosconlosutil.com\/index.php?rest_route=\/wp\/v2\/types\/post"}],"author":[{"embeddable":true,"href":"https:\/\/www.encuentrosconlosutil.com\/index.php?rest_route=\/wp\/v2\/users\/1"}],"replies":[{"embeddable":true,"href":"https:\/\/www.encuentrosconlosutil.com\/index.php?rest_route=%2Fwp%2Fv2%2Fcomments&post=1802"}],"version-history":[{"count":9,"href":"https:\/\/www.encuentrosconlosutil.com\/index.php?rest_route=\/wp\/v2\/posts\/1802\/revisions"}],"predecessor-version":[{"id":1813,"href":"https:\/\/www.encuentrosconlosutil.com\/index.php?rest_route=\/wp\/v2\/posts\/1802\/revisions\/1813"}],"wp:attachment":[{"href":"https:\/\/www.encuentrosconlosutil.com\/index.php?rest_route=%2Fwp%2Fv2%2Fmedia&parent=1802"}],"wp:term":[{"taxonomy":"category","embeddable":true,"href":"https:\/\/www.encuentrosconlosutil.com\/index.php?rest_route=%2Fwp%2Fv2%2Fcategories&post=1802"},{"taxonomy":"post_tag","embeddable":true,"href":"https:\/\/www.encuentrosconlosutil.com\/index.php?rest_route=%2Fwp%2Fv2%2Ftags&post=1802"}],"curies":[{"name":"wp","href":"https:\/\/api.w.org\/{rel}","templated":true}]}}