{"id":1788,"date":"2018-01-29T21:31:42","date_gmt":"2018-01-29T21:31:42","guid":{"rendered":"http:\/\/www.encuentrosconlosutil.com\/?p=1788"},"modified":"2018-02-13T10:23:23","modified_gmt":"2018-02-13T10:23:23","slug":"encuentro-con-paco-penarrubia","status":"publish","type":"post","link":"https:\/\/www.encuentrosconlosutil.com\/?p=1788","title":{"rendered":"ENCUENTRO CON PACO PE\u00d1ARRUBIA. \u00bfPARA QUE NOS SIRVE LA PSICOLOG\u00cdA?"},"content":{"rendered":"<p><strong><em>Encuentros con lo Sutil 72#<\/em><\/strong><\/p>\n<p>\u00bfCu\u00e1l es la relaci\u00f3n entre nuestro car\u00e1cter y nuestras\u00a0 limitaciones? \u00bf Hasta d\u00f3nde marca\u00a0 el desarrollo de nuestra personalidad el v\u00ednculo con nuestros padres? \u00bf De qu\u00e9 manera podemos\u00a0 vivir aqu\u00ed y ahora de un modo\u00a0 m\u00e1s coherente? \u00bfCu\u00e1l es la relaci\u00f3n entre nuestro autoconocimiento y eso que llamamos espiritualidad?<\/p>\n<p>El pr\u00f3ximo martes<strong> 6 de febrero, a las 20 horas,<\/strong> tendremos la oportunidad de trasladar estas preguntas y otras muchas a <strong>Paco Pe\u00f1arrubia, <\/strong>uno de los m\u00e1s destacados psic\u00f3logos en nuestro pa\u00eds.<\/p>\n<p>Aprovechando la publicaci\u00f3n de su \u00faltimo libro<em>\u00a0-La relaci\u00f3n hurtada. En busca del padre-\u00a0 \u00a0<\/em><strong>Javier Esteban<\/strong> conversar\u00e1 con <strong>Paco Pe\u00f1arrubi<\/strong>a sobre su trabajo y sobre su \u00faltima obra. Despu\u00e9s, pasaremos a participar en un coloquio abierto. En medio, meditaremos juntos.<\/p>\n<p>Paco nos adelanta que concibe\u00a0la gestalt\u00a0 \u00a0&lt;&lt;<em>como una filosof\u00eda de vida, m\u00e1s all\u00e1 de ser un m\u00e9todo terap\u00e9utico: al estilo californiano del \u00faltimo Perls, con su acento en la intuici\u00f3n, la relaci\u00f3n y la actitud m\u00e1s que en la formulaci\u00f3n te\u00f3rica. Esa gestalt que C.Naranjo define como \u201cun experimentalismo ate\u00f3rico\u201d o \u201cun intuicionismo que se reconoce como tal\u201d, y que Perls formul\u00f3 como \u201cfe en la autorregulaci\u00f3n organ\u00edsmica\u201d, es decir, confiar en la propia orientaci\u00f3n, a la manera del Tao y de tantas otras tradiciones espirituales.&gt;&gt;<\/em><\/p>\n<p>Os esperamos a todos.\u00a0 Se ruega puntualidad.<\/p>\n<p>Nuestro invitado:<\/p>\n<p><a href=\"http:\/\/www.encuentrosconlosutil.com\/wp-content\/uploads\/2018\/01\/791.jpg\"><img loading=\"lazy\" class=\"alignnone size-large wp-image-1789\" src=\"http:\/\/www.encuentrosconlosutil.com\/wp-content\/uploads\/2018\/01\/791-1024x768.jpg\" alt=\"791\" width=\"625\" height=\"469\" srcset=\"https:\/\/www.encuentrosconlosutil.com\/wp-content\/uploads\/2018\/01\/791-1024x768.jpg 1024w, https:\/\/www.encuentrosconlosutil.com\/wp-content\/uploads\/2018\/01\/791-300x225.jpg 300w, https:\/\/www.encuentrosconlosutil.com\/wp-content\/uploads\/2018\/01\/791-624x468.jpg 624w\" sizes=\"(max-width: 625px) 100vw, 625px\" \/><\/a><\/p>\n<p>Pionero de la terapia gestalt en Espa\u00f1a,\u00a0 Paco <strong>Pe\u00f1arrubia<\/strong> es director de la Escuela Madrile\u00f1a de Terapia Gestalt, profesor del Programa SAT y uno de los psic\u00f3logos m\u00e1s relevantes del horizonte terap\u00e9utico espa\u00f1ol contempor\u00e1neo. Desde finales de los a\u00f1os 70 consigui\u00f3 introducir las t\u00e9cnicas y recursos de la terapia humanista en el a\u00fan receloso panorama posfranquista. Disc\u00edpulo y colaborador de Ignacio Mart\u00edn Poyo y de Claudio Naranjo, fue el primer presidente y uno de los miembros fundadores de la Asociaci\u00f3n Espa\u00f1ola de Terapia Gestalt. Exdirector de CIPARH, es autor de obras como<em>\u00a0Integraci\u00f3n Emocional y Psicolog\u00eda Humanista<\/em>\u00a0(1979),\u00a0<em>Psicolog\u00eda Din\u00e1mica Grupal<\/em>\u00a0(1981) y<em>\u00a0Terapia Gestalt. La v\u00eda del vac\u00edo f\u00e9rtil\u00a0<\/em>(1998). Sus talleres terap\u00e9uticos, como \u00abLas cuatro caras del h\u00e9roe\u00bb, son un referente en la gestalt contempor\u00e1nea&#8230;<\/p>\n<p><a href=\"http:\/\/www.encuentrosconlosutil.com\/wp-content\/uploads\/2018\/01\/la-relacion-hurtada-810x456_c.jpg\"><img loading=\"lazy\" class=\"alignnone size-full wp-image-1790\" src=\"http:\/\/www.encuentrosconlosutil.com\/wp-content\/uploads\/2018\/01\/la-relacion-hurtada-810x456_c.jpg\" alt=\"la-relacion-hurtada-810x456_c\" width=\"351\" height=\"456\" srcset=\"https:\/\/www.encuentrosconlosutil.com\/wp-content\/uploads\/2018\/01\/la-relacion-hurtada-810x456_c.jpg 351w, https:\/\/www.encuentrosconlosutil.com\/wp-content\/uploads\/2018\/01\/la-relacion-hurtada-810x456_c-231x300.jpg 231w\" sizes=\"(max-width: 351px) 100vw, 351px\" \/><\/a><\/p>\n<p><span style=\"color: #ff0000;\">Descargad entradas en este bot\u00f3n<\/span>.\u00a0Recordad que si descarg\u00e1is una entrada y no acud\u00eds alguien se quedar\u00e1 sin poder hacerlo. Si se agotan las entradas, se dejar\u00e1 entrar a los que no tengan entrada hasta completar aforo.<br \/>\n<a href=\"https:\/\/www.eventbrite.es\/e\/entradas-encuentro-con-paco-penarrubia-42651150740?ref=ebtn\" target=\"_blank\"><img src=\"https:\/\/www.eventbrite.es\/custombutton?eid=42651150740\" alt=\"Eventbrite -  ENCUENTRO CON PACO PE\u00d1ARRUBIA\" \/><\/a><\/p>\n<p>&nbsp;<\/p>\n<p><span style=\"color: #ff0000;\">ENTRADAS AGOTADAS, SE DEJAR\u00c1 PASAR A LAS PERSONAS QUE NO LLEVEN ENTRADA DESPU\u00c9S DE QUE PASEN AQUELLAS QUE S\u00cd TIENEN ENTRADA, HASTA COMPLETAR AFORO<\/span><\/p>\n","protected":false},"excerpt":{"rendered":"<p>Encuentros con lo Sutil 72# \u00bfCu\u00e1l es la relaci\u00f3n entre nuestro car\u00e1cter y nuestras\u00a0 limitaciones? \u00bf Hasta d\u00f3nde marca\u00a0 el desarrollo de nuestra personalidad el v\u00ednculo con nuestros padres? \u00bf De qu\u00e9 manera podemos\u00a0 vivir aqu\u00ed y ahora de un modo\u00a0 m\u00e1s coherente? \u00bfCu\u00e1l es la relaci\u00f3n entre nuestro autoconocimiento y eso que llamamos espiritualidad? [&hellip;]<\/p>\n","protected":false},"author":1,"featured_media":0,"comment_status":"open","ping_status":"open","sticky":false,"template":"","format":"standard","meta":[],"categories":[1],"tags":[],"_links":{"self":[{"href":"https:\/\/www.encuentrosconlosutil.com\/index.php?rest_route=\/wp\/v2\/posts\/1788"}],"collection":[{"href":"https:\/\/www.encuentrosconlosutil.com\/index.php?rest_route=\/wp\/v2\/posts"}],"about":[{"href":"https:\/\/www.encuentrosconlosutil.com\/index.php?rest_route=\/wp\/v2\/types\/post"}],"author":[{"embeddable":true,"href":"https:\/\/www.encuentrosconlosutil.com\/index.php?rest_route=\/wp\/v2\/users\/1"}],"replies":[{"embeddable":true,"href":"https:\/\/www.encuentrosconlosutil.com\/index.php?rest_route=%2Fwp%2Fv2%2Fcomments&post=1788"}],"version-history":[{"count":9,"href":"https:\/\/www.encuentrosconlosutil.com\/index.php?rest_route=\/wp\/v2\/posts\/1788\/revisions"}],"predecessor-version":[{"id":1801,"href":"https:\/\/www.encuentrosconlosutil.com\/index.php?rest_route=\/wp\/v2\/posts\/1788\/revisions\/1801"}],"wp:attachment":[{"href":"https:\/\/www.encuentrosconlosutil.com\/index.php?rest_route=%2Fwp%2Fv2%2Fmedia&parent=1788"}],"wp:term":[{"taxonomy":"category","embeddable":true,"href":"https:\/\/www.encuentrosconlosutil.com\/index.php?rest_route=%2Fwp%2Fv2%2Fcategories&post=1788"},{"taxonomy":"post_tag","embeddable":true,"href":"https:\/\/www.encuentrosconlosutil.com\/index.php?rest_route=%2Fwp%2Fv2%2Ftags&post=1788"}],"curies":[{"name":"wp","href":"https:\/\/api.w.org\/{rel}","templated":true}]}}