{"id":1771,"date":"2018-01-15T07:58:46","date_gmt":"2018-01-15T07:58:46","guid":{"rendered":"http:\/\/www.encuentrosconlosutil.com\/?p=1771"},"modified":"2018-01-16T07:39:21","modified_gmt":"2018-01-16T07:39:21","slug":"sabiduria-monastica-al-servicio-del-humanismo-integral","status":"publish","type":"post","link":"https:\/\/www.encuentrosconlosutil.com\/?p=1771","title":{"rendered":"SABIDUR\u00cdA MON\u00c1STICA Y CRECIMIENTO PERSONAL"},"content":{"rendered":"<p><a href=\"http:\/\/www.encuentrosconlosutil.com\/wp-content\/uploads\/2018\/01\/CuervosEl\u00edas-1-1024x596.jpg\"><img loading=\"lazy\" class=\"alignnone size-large wp-image-1776\" src=\"http:\/\/www.encuentrosconlosutil.com\/wp-content\/uploads\/2018\/01\/CuervosEl\u00edas-1-1024x596-1024x596.jpg\" alt=\"CuervosEl\u00edas-1-1024x596\" width=\"625\" height=\"364\" srcset=\"https:\/\/www.encuentrosconlosutil.com\/wp-content\/uploads\/2018\/01\/CuervosEl\u00edas-1-1024x596.jpg 1024w, https:\/\/www.encuentrosconlosutil.com\/wp-content\/uploads\/2018\/01\/CuervosEl\u00edas-1-1024x596-300x175.jpg 300w, https:\/\/www.encuentrosconlosutil.com\/wp-content\/uploads\/2018\/01\/CuervosEl\u00edas-1-1024x596-624x363.jpg 624w\" sizes=\"(max-width: 625px) 100vw, 625px\" \/><\/a><\/p>\n<p><strong><em>Encuentros con lo Sutil # 71<\/em><\/strong><\/p>\n<p style=\"text-align: right;\"><em>&lt;&lt;El Monje es un arquetipo, una invariante humana que expresa el deseo de unificaci\u00f3n que todo ser anhela&#8230;&gt;&gt;<\/em><\/p>\n<p style=\"text-align: right;\">Jos\u00e9 Antonio V\u00e1zquez Mosquera.<\/p>\n<p>\u00bfQu\u00e9 puede aportar la sabidur\u00eda mon\u00e1stica a nuestro crecimiento personal?\u00a0 \u00bfC\u00f3mo trasladar a la sociedad los saberes de la m\u00edstica y el monacato? \u00bfDe qu\u00e9 manera y en qu\u00e9 medida podemos inspirarnos en estos conocimientos y formas de vida?<\/p>\n<p>El martes<strong>\u00a0d\u00eda\u00a0<\/strong><strong>23 de enero a las\u00a0 20 horas<\/strong>\u00a0 tendremos la oportunidad de responder estas preguntas con el testimonio de<strong>\u00a0Jos\u00e9 Antonio\u00a0V\u00e1zquez Mosquera,<\/strong>\u00a0ex monje cisterciense, Counsellor y fundador de la fraternidad Cristian\u00eda.<\/p>\n<p>Jos\u00e9 Antonio compartir\u00e1 con nosotros su experiencia y su propuesta, y nos acompa\u00f1ar\u00e1 con una meditaci\u00f3n. Su chala se titular\u00e1 <em>\u00abCristian\u00eda: la sabidur\u00eda mon\u00e1stica al servicio del humanismo integral\u00bb<\/em><\/p>\n<p>Para<strong> Jos\u00e9 Antonio<\/strong>\u00a0 <em>\u00abrecuperar y renovar la m\u00edstica o el monacato, abri\u00e9ndolo a toda persona puede ser una buena aportaci\u00f3n para salir de la fragmentaci\u00f3n personal y social de nuestro tiempo&#8230; \u00ab<\/em><\/p>\n<p>Os esperamos a todos en este nuevo comienzo de ciclo, quinto a\u00f1o de Encuentros con lo Sutil. Sois bienvenidos.<\/p>\n<p><strong>Javier Esteban<\/strong><\/p>\n<p>&nbsp;<\/p>\n<p><strong>Nuestro invitado:<\/strong><\/p>\n<p><a href=\"http:\/\/www.encuentrosconlosutil.com\/wp-content\/uploads\/2018\/01\/jose-antonio.jpg\"><img loading=\"lazy\" class=\"alignnone wp-image-1773 size-medium\" src=\"http:\/\/www.encuentrosconlosutil.com\/wp-content\/uploads\/2018\/01\/jose-antonio-169x300.jpg\" alt=\"jose antonio\" width=\"169\" height=\"300\" srcset=\"https:\/\/www.encuentrosconlosutil.com\/wp-content\/uploads\/2018\/01\/jose-antonio-169x300.jpg 169w, https:\/\/www.encuentrosconlosutil.com\/wp-content\/uploads\/2018\/01\/jose-antonio.jpg 360w\" sizes=\"(max-width: 169px) 100vw, 169px\" \/><\/a><\/p>\n<p><strong>Jose Antonio V\u00e1zquez Mosquera<\/strong>\u00a0 es m\u00e1ster en Counselling, fil\u00f3logo sem\u00edtico y supervisor del Centro de Escucha de Vallecas, de la Asociaci\u00f3n AEMS.\u00a0 Ha sido monje contemplativo durante 16 a\u00f1os, con una larga experiencia personal en la meditaci\u00f3n dentro de la tradici\u00f3n cristiana y Zen; actualmente imparte talleres de espiritualidad y meditaci\u00f3n, a la vez que acompa\u00f1a procesos personales de crecimiento personal y espiritual. Es Fundador de <strong>la<\/strong>\u00a0<strong>Fraternidad Cristian\u00eda,<\/strong> un monacato laico vivido en la ciudad. Cristian\u00eda, es una escuela y un camino de unificaci\u00f3n espiritual y humanismo integral que quiere poner la sabidur\u00eda mon\u00e1stica a disposici\u00f3n de todos.<\/p>\n<p>&nbsp;<\/p>\n<p><a href=\"https:\/\/www.eventbrite.es\/e\/entradas-encuentro-con-la-sabiduria-monacal-42225041235?ref=ebtn\" target=\"_blank\"><img src=\"https:\/\/www.eventbrite.es\/custombutton?eid=42225041235\" alt=\"Eventbrite - ENCUENTRO CON LA SABIDUR\u00cdA MONACAL. \" \/><\/a><\/p>\n","protected":false},"excerpt":{"rendered":"<p>Encuentros con lo Sutil # 71 &lt;&lt;El Monje es un arquetipo, una invariante humana que expresa el deseo de unificaci\u00f3n que todo ser anhela&#8230;&gt;&gt; Jos\u00e9 Antonio V\u00e1zquez Mosquera. \u00bfQu\u00e9 puede aportar la sabidur\u00eda mon\u00e1stica a nuestro crecimiento personal?\u00a0 \u00bfC\u00f3mo trasladar a la sociedad los saberes de la m\u00edstica y el monacato? \u00bfDe qu\u00e9 manera y [&hellip;]<\/p>\n","protected":false},"author":1,"featured_media":0,"comment_status":"open","ping_status":"open","sticky":false,"template":"","format":"standard","meta":[],"categories":[1],"tags":[],"_links":{"self":[{"href":"https:\/\/www.encuentrosconlosutil.com\/index.php?rest_route=\/wp\/v2\/posts\/1771"}],"collection":[{"href":"https:\/\/www.encuentrosconlosutil.com\/index.php?rest_route=\/wp\/v2\/posts"}],"about":[{"href":"https:\/\/www.encuentrosconlosutil.com\/index.php?rest_route=\/wp\/v2\/types\/post"}],"author":[{"embeddable":true,"href":"https:\/\/www.encuentrosconlosutil.com\/index.php?rest_route=\/wp\/v2\/users\/1"}],"replies":[{"embeddable":true,"href":"https:\/\/www.encuentrosconlosutil.com\/index.php?rest_route=%2Fwp%2Fv2%2Fcomments&post=1771"}],"version-history":[{"count":12,"href":"https:\/\/www.encuentrosconlosutil.com\/index.php?rest_route=\/wp\/v2\/posts\/1771\/revisions"}],"predecessor-version":[{"id":1786,"href":"https:\/\/www.encuentrosconlosutil.com\/index.php?rest_route=\/wp\/v2\/posts\/1771\/revisions\/1786"}],"wp:attachment":[{"href":"https:\/\/www.encuentrosconlosutil.com\/index.php?rest_route=%2Fwp%2Fv2%2Fmedia&parent=1771"}],"wp:term":[{"taxonomy":"category","embeddable":true,"href":"https:\/\/www.encuentrosconlosutil.com\/index.php?rest_route=%2Fwp%2Fv2%2Fcategories&post=1771"},{"taxonomy":"post_tag","embeddable":true,"href":"https:\/\/www.encuentrosconlosutil.com\/index.php?rest_route=%2Fwp%2Fv2%2Ftags&post=1771"}],"curies":[{"name":"wp","href":"https:\/\/api.w.org\/{rel}","templated":true}]}}