{"id":1761,"date":"2017-12-03T19:10:40","date_gmt":"2017-12-03T19:10:40","guid":{"rendered":"http:\/\/www.encuentrosconlosutil.com\/?p=1761"},"modified":"2017-12-04T23:34:29","modified_gmt":"2017-12-04T23:34:29","slug":"encuentro-con-joan-garriga-el-viaje-de-la-vida","status":"publish","type":"post","link":"https:\/\/www.encuentrosconlosutil.com\/?p=1761","title":{"rendered":"ENCUENTRO CON JOAN GARRIGA: EL VIAJE DE LA VIDA"},"content":{"rendered":"<p><strong><em>Encuentros con lo Sutil # 70<\/em><\/strong><\/p>\n<p>El martes<strong>\u00a0d\u00eda 12 de diciembre a las\u00a0 20 horas<\/strong>,\u00a0 tendremos la oportunidad de participar en una charla con el psic\u00f3logo humanista <strong>Joan Garriga, <\/strong>que conversar\u00e1 con<strong>\u00a0Javier Esteban <\/strong>y atender\u00e1 las preguntas del p\u00fablico<b id=\"m_-1156519552767371980yiv7696694978yui_3_16_0_ym19_1_1509988769741_4714\">. <\/b>Joan, adem\u00e1s, realizar\u00e1 una meditaci\u00f3n para nosotros.<b id=\"m_-1156519552767371980yiv7696694978yui_3_16_0_ym19_1_1509988769741_4714\">\u00a0<\/b><\/p>\n<p>Conversando sobre el contenido de su charla,<strong> Joan Garriga<\/strong> nos explica que \u00ab<em>una de las mayores dial\u00e9cticas del viaje heroico de la vida se articula entre los deseos de nuestro yo personal, repleto de subidentidades construidas al hervor de nuestra narrativa personal, que parece que nos dan coherencia e identidad, configurando el paisaje de nuestra alma Gregaria, y el deseo o voluntad de la vida. Esta es soberana y parece tener prop\u00f3sitos o planes un tanto distintos de los personales. Cuando la vida nos frustra, duele o simplemente no nos complace a veces se caen ciertas pretensiones y se abre una puerta al Alma Grande o Ser m\u00e1s vac\u00edo o esencia<\/em>l.\u00bb<\/p>\n<p>Y profundizando sobre el viaje de\u00a0 la vida, <strong>Joan<\/strong> nos cuenta que <em>\u00abresultar\u00e1 importante conocer bien las interioridades y pasiones de nuestro yo personal, para que no resulte tir\u00e1nico y poder encauzarlo en la direcci\u00f3n de la vida, y al mismo tiempo resultar\u00e1 crucial saber integrar, asentir, procesar, aquello que la vida trae y hace, aunque sea distinto de nuestros deseos personales. En los grande asuntos del viaje: sexualidad, filiaci\u00f3n, pareja, paternidad, trabajo, salud, soledad, enfermedad, muerte, etc\u00e9tera, se ponen, expresan y concreta esta dial\u00e9ctica. Y en mi opini\u00f3n, son el meollo de las terapias existenciales, tales como la Gestalt y las Constelaciones Familiares&#8230;\u00bb<\/em><\/p>\n<p>Os esperamos a todos en esta ocasi\u00f3n, \u00faltimo acto del ciclo en este a\u00f1o. Sois bienvenidos. Recordad que si se agotan las entradas, se dejar\u00e1 entrar p\u00fablico hasta completar aforo.<\/p>\n<p>Nuestro invitado;<\/p>\n<p><a href=\"http:\/\/www.encuentrosconlosutil.com\/wp-content\/uploads\/2017\/12\/JOAN-GARRIGA.jpg\"><img loading=\"lazy\" class=\"alignnone wp-image-1763 \" src=\"http:\/\/www.encuentrosconlosutil.com\/wp-content\/uploads\/2017\/12\/JOAN-GARRIGA-200x300.jpg\" alt=\"JOAN GARRIGA\" width=\"324\" height=\"486\" srcset=\"https:\/\/www.encuentrosconlosutil.com\/wp-content\/uploads\/2017\/12\/JOAN-GARRIGA-200x300.jpg 200w, https:\/\/www.encuentrosconlosutil.com\/wp-content\/uploads\/2017\/12\/JOAN-GARRIGA-683x1024.jpg 683w, https:\/\/www.encuentrosconlosutil.com\/wp-content\/uploads\/2017\/12\/JOAN-GARRIGA-624x936.jpg 624w, https:\/\/www.encuentrosconlosutil.com\/wp-content\/uploads\/2017\/12\/JOAN-GARRIGA.jpg 1500w\" sizes=\"(max-width: 324px) 100vw, 324px\" \/><\/a><\/p>\n<p><strong>Joan Garriga<\/strong>: Psic\u00f3logo Humanista. Terapeuta Gestalt. Socio Fundador del Institut Gestalt (Barcelona). Formado en PNL, abordaje Ericksoniano y m\u00e9todos esc\u00e9nicos y corporales. Introdujo a Bert Hellinger \u2013creador de las Constelaciones Familiares- en Espa\u00f1a. Imparte Formaci\u00f3n en Constelaciones Familiares. Disc\u00edpulo y Colaborador de Claudio Naranjo. Escritor.<\/p>\n<p class=\"txt-inner\">Naci\u00f3 en Bellpuig (Lleida) en 1957. Curs\u00f3 estudios de Derecho durante tres a\u00f1os y se licenci\u00f3 en Psicolog\u00eda por la Universidad Central de Barcelona. Interesado por la psicoterapia de corte Humanista se form\u00f3 en la misma y se especializ\u00f3 en Terapia Gestalt, PNL, abordaje Ericksoniano, y m\u00e9todos esc\u00e9nicos y corporales.<\/p>\n<p class=\"txt-inner\">En 1985 crea y dirige junto con Vicens Oliv\u00e9 y Mireia Darder el Institut Gestalt de Barcelona, desde donde desarrolla su actividad como terapeuta, formador y supervisor de terapeutas gest\u00e1lticos y especialistas en PNL. M\u00e1s adelante conoce y aprende con Claudio Naranjo, de qui\u00e9n ser\u00e1 disc\u00edpulo y colaborador para sus programas SAT de psicoterapia Integrativa, que incluyen \u2013entre otras- la Psicolog\u00eda de los Eneatipos (Eneagrama) y la meditaci\u00f3n como poderosas herramientas de auto conocimiento y trabajo interior.<\/p>\n<p class=\"txt-inner\">En el a\u00f1o 1999 invita a Bert Hellinger a presentar su trabajo sist\u00e9mico sobre Constelaciones Familiares en Espa\u00f1a; sinti\u00e9ndose empujado a su divulgaci\u00f3n y ense\u00f1anza se ha ido convirtiendo en uno de los principales exponentes de este trabajo en Espa\u00f1a y el mundo hispano parlante. Ha publicado numerosos art\u00edculos sobre psicoterapia y relaci\u00f3n de ayuda en revistas especializadas, y colaborado en el libro \u201cGestalt de vanguardia\u201d de Claudio Naranjo, explicando su manera de trabajar en terapia Gestalt y de integrar los aportes de las Constelaciones Familiares.<\/p>\n<p class=\"txt-inner\">Actualmente reside en Barcelona y sigue dirigiendo, inspirando y dinamizando el trabajo de ayuda, formaci\u00f3n y crecimiento personal que ofrece el Institut Gestalt en sus distintas \u00e1reas. Joan Garriga a\u00fana distintos abordajes en su trabajo y se muestra como un gestaltista integrador, impartiendo talleres terap\u00e9uticos y formativos de Constelaciones aplicadas a diferentes \u00e1mbitos \u2013personas, parejas, familias, organizaciones- en las principales ciudades de Espa\u00f1a y Latinoam\u00e9rica.<\/p>\n<p class=\"txt-inner last\">Es autor de \u00abLa llave de la buena vida.\u00a0<strong>Saber ganar sin perderse a uno mismo y saber perder gan\u00e1ndose a uno mismo\u00bb<\/strong>\u00a0(Ed. Destino), \u00abEl buen amor en la Pareja.\u00a0<strong>Cuando uno y uno suman m\u00e1s que dos\u00bb<\/strong>\u00a0(Ed. Destino), \u00abVivir en el alma:\u00a0<strong>amar lo que es, amar lo que somos y amar a los que son\u00bb<\/strong>\u00a0(Ed. Rigden-Institut Gestalt) y \u00ab\u00bfD\u00f3nde est\u00e1n las monedas?\u00a0<strong>Las claves del v\u00ednculo logrado entre hijos y padres\u00bb<\/strong>. (Ed. Rigden-Institut Gestalt)<\/p>\n<p id=\"m_-1156519552767371980yiv7696694978yui_3_16_0_ym19_1_1509988769741_4715\"><strong>M\u00e1s informaci\u00f3n:\u00a0<\/strong><\/p>\n<p><a href=\"http:\/\/joangarriga.com\/\" target=\"_blank\" data-saferedirecturl=\"https:\/\/www.google.com\/url?hl=es&amp;q=http:\/\/joangarriga.com&amp;source=gmail&amp;ust=1512412893722000&amp;usg=AFQjCNFsHBO7-x3DSuk-hU9boVHSiZ0FUQ\">www.joangarriga.com<\/a><\/p>\n<p>Las entradas pueden descargarse en el siguiente\u00a0 bot\u00f3n:<\/p>\n<p><a href=\"https:\/\/www.eventbrite.es\/e\/entradas-encuentro-con-joan-garriga-el-viaje-de-la-vida-29803097868?ref=ebtn\" target=\"_blank\"><img src=\"https:\/\/www.eventbrite.es\/custombutton?eid=29803097868\" alt=\"Eventbrite - ENCUENTRO CON JOAN GARRIGA: EL VIAJE DE LA VIDA.\" \/><\/a><\/p>\n<p>&nbsp;<\/p>\n<p><strong><span style=\"color: #ff0000;\">ENTRADAS AGOTADAS, SE DEJAR\u00c1 PASAR PRIMERO A LAS PERSONAS CON ENTRADA Y LUEGO A LAS DEM\u00c1S HASTA COMPLETAR AFORO.\u00a0<\/span><\/strong><\/p>\n","protected":false},"excerpt":{"rendered":"<p>Encuentros con lo Sutil # 70 El martes\u00a0d\u00eda 12 de diciembre a las\u00a0 20 horas,\u00a0 tendremos la oportunidad de participar en una charla con el psic\u00f3logo humanista Joan Garriga, que conversar\u00e1 con\u00a0Javier Esteban y atender\u00e1 las preguntas del p\u00fablico. Joan, adem\u00e1s, realizar\u00e1 una meditaci\u00f3n para nosotros.\u00a0 Conversando sobre el contenido de su charla, Joan Garriga [&hellip;]<\/p>\n","protected":false},"author":1,"featured_media":0,"comment_status":"open","ping_status":"open","sticky":false,"template":"","format":"standard","meta":[],"categories":[1],"tags":[],"_links":{"self":[{"href":"https:\/\/www.encuentrosconlosutil.com\/index.php?rest_route=\/wp\/v2\/posts\/1761"}],"collection":[{"href":"https:\/\/www.encuentrosconlosutil.com\/index.php?rest_route=\/wp\/v2\/posts"}],"about":[{"href":"https:\/\/www.encuentrosconlosutil.com\/index.php?rest_route=\/wp\/v2\/types\/post"}],"author":[{"embeddable":true,"href":"https:\/\/www.encuentrosconlosutil.com\/index.php?rest_route=\/wp\/v2\/users\/1"}],"replies":[{"embeddable":true,"href":"https:\/\/www.encuentrosconlosutil.com\/index.php?rest_route=%2Fwp%2Fv2%2Fcomments&post=1761"}],"version-history":[{"count":6,"href":"https:\/\/www.encuentrosconlosutil.com\/index.php?rest_route=\/wp\/v2\/posts\/1761\/revisions"}],"predecessor-version":[{"id":1768,"href":"https:\/\/www.encuentrosconlosutil.com\/index.php?rest_route=\/wp\/v2\/posts\/1761\/revisions\/1768"}],"wp:attachment":[{"href":"https:\/\/www.encuentrosconlosutil.com\/index.php?rest_route=%2Fwp%2Fv2%2Fmedia&parent=1761"}],"wp:term":[{"taxonomy":"category","embeddable":true,"href":"https:\/\/www.encuentrosconlosutil.com\/index.php?rest_route=%2Fwp%2Fv2%2Fcategories&post=1761"},{"taxonomy":"post_tag","embeddable":true,"href":"https:\/\/www.encuentrosconlosutil.com\/index.php?rest_route=%2Fwp%2Fv2%2Ftags&post=1761"}],"curies":[{"name":"wp","href":"https:\/\/api.w.org\/{rel}","templated":true}]}}