{"id":1693,"date":"2017-08-15T09:49:18","date_gmt":"2017-08-15T09:49:18","guid":{"rendered":"http:\/\/www.encuentrosconlosutil.com\/?p=1693"},"modified":"2017-08-28T13:44:16","modified_gmt":"2017-08-28T13:44:16","slug":"locura-cordura-y-mistica","status":"publish","type":"post","link":"https:\/\/www.encuentrosconlosutil.com\/?p=1693","title":{"rendered":"LOCURA, CORDURA Y M\u00cdSTICA."},"content":{"rendered":"<p class=\"m_7034437005682027224m_-6297587662848792921x_MsoNormal\"><a href=\"http:\/\/www.encuentrosconlosutil.com\/wp-content\/uploads\/2017\/08\/Marc_Chagall-Solitude1.jpg\"><img loading=\"lazy\" class=\"alignnone size-large wp-image-1697\" src=\"http:\/\/www.encuentrosconlosutil.com\/wp-content\/uploads\/2017\/08\/Marc_Chagall-Solitude1-1024x678.jpg\" alt=\"Marc_Chagall-Solitude\" width=\"625\" height=\"414\" srcset=\"https:\/\/www.encuentrosconlosutil.com\/wp-content\/uploads\/2017\/08\/Marc_Chagall-Solitude1-1024x678.jpg 1024w, https:\/\/www.encuentrosconlosutil.com\/wp-content\/uploads\/2017\/08\/Marc_Chagall-Solitude1-300x198.jpg 300w, https:\/\/www.encuentrosconlosutil.com\/wp-content\/uploads\/2017\/08\/Marc_Chagall-Solitude1-624x413.jpg 624w, https:\/\/www.encuentrosconlosutil.com\/wp-content\/uploads\/2017\/08\/Marc_Chagall-Solitude1.jpg 1058w\" sizes=\"(max-width: 625px) 100vw, 625px\" \/><\/a><\/p>\n<p class=\"m_7034437005682027224m_-6297587662848792921x_MsoNormal\"><em><strong>Encuentros Con Lo Sutil 66#<\/strong><\/em><\/p>\n<p class=\"m_7034437005682027224m_-6297587662848792921x_MsoNormal\">Queridos amigos, bienvenidos a un nueva temporada de \u00a0nuestros Encuentros Con Lo Sutil.<\/p>\n<p class=\"m_7034437005682027224m_-6297587662848792921x_MsoNormal\">El pr\u00f3ximo<strong> Jueves d\u00eda 7 de septiembre a las 20 horas<\/strong>\u00a0 arrancamos nuestro ciclo con un tema relacionado con la experiencias de conciencia y la m\u00edstica. Para ello contaremos con la presencia de <strong>Maribel Rodr\u00edguez Fern\u00e1ndez,<\/strong> psiquiatra, experta en m\u00edsticismo e investigadora de la consciencia, que impartir\u00e1 una conferencia con el t\u00edtulo de \u00a0<strong>Locura, cordura y m\u00edstica.<\/strong><\/p>\n<p class=\"m_7034437005682027224m_-6297587662848792921x_MsoNormal\">Aprovecharemos la presencia y conocimiento de nuestra invitada para aprender sobre el misticismo y su relaci\u00f3n con estados alterados de conciencia, con ejemplos en diversas tradiciones y personajes.<\/p>\n<p class=\"m_7034437005682027224m_-6297587662848792921x_MsoNormal\">\u00bfEstaban locos Santa Teresa o Rumi? \u00bfSus estados ampliados de consciencia respond\u00edan a alguna patolog\u00eda o son tesoros del saber humano? \u00a0\u00bfEs posible poner cordura en este viejo asunto, apasionante y discutido?<\/p>\n<p class=\"m_7034437005682027224m_-6297587662848792921x_MsoNormal\">Maribel nos adelanta que \u00ab<em> Las experiencias m\u00edsticas son fen\u00f3menos humanos existentes en todas las culturas que con frecuencia son vistas con prejuicios&#8230; pues para muchos el \u201cmisticismo\u201d o ser un \u201cm\u00edstico\u201d tiene un sentido peyorativo&#8230;\u00a0Pero &#8211; Maribel se pregunta- \u00bfsabemos qu\u00e9 es la m\u00edstica? \u00bfY la locura? \u00bfConfundimos lo que nos resulta extra\u00f1o o excepcional con lo an\u00f3malo al no poderlo comprender? \u00bfPodemos distinguir una de otra?\u00bb<\/em><\/p>\n<p class=\"m_7034437005682027224m_-6297587662848792921x_MsoNormal\">La respuestas, el d\u00eda 7 de septiembre a las 20 horas. Os esperamos a todos.<\/p>\n<p class=\"m_7034437005682027224m_-6297587662848792921x_MsoNormal\">A partir del d\u00eda 29 \u00a0de agosto se podr\u00e1n descargar entradas gratuitas en esta web.<\/p>\n<p class=\"m_7034437005682027224m_-6297587662848792921x_MsoNormal\"><strong>Javier Esteban<\/strong><\/p>\n<p class=\"m_7034437005682027224m_-6297587662848792921x_MsoNormal\">Nuestra invitada:<\/p>\n<p><a href=\"http:\/\/www.encuentrosconlosutil.com\/wp-content\/uploads\/2017\/08\/maribel.jpg\"><img loading=\"lazy\" class=\"alignnone wp-image-1694 size-medium\" src=\"http:\/\/www.encuentrosconlosutil.com\/wp-content\/uploads\/2017\/08\/maribel-251x300.jpg\" alt=\"maribel\" width=\"251\" height=\"300\" srcset=\"https:\/\/www.encuentrosconlosutil.com\/wp-content\/uploads\/2017\/08\/maribel-251x300.jpg 251w, https:\/\/www.encuentrosconlosutil.com\/wp-content\/uploads\/2017\/08\/maribel-624x746.jpg 624w, https:\/\/www.encuentrosconlosutil.com\/wp-content\/uploads\/2017\/08\/maribel.jpg 640w\" sizes=\"(max-width: 251px) 100vw, 251px\" \/><\/a><\/p>\n<p><strong>Maribel Rodr\u00edguez Fern\u00e1ndez<\/strong>\u00a0es\u00a0Doctora en Medicina y Cirug\u00eda\u00a0por la Universidad Aut\u00f3noma de Madrid,\u00a0M\u00e9dico Psiquiatra\u00a0y\u00a0Master en Psicoterapia\u00a0. Ha sido profesora en la Facultad de Medicina de la Universidad CEU-San Pablo de Madrid y en\u00a0la Facultad de Ciencias Humanas y Sociales de la\u00a0Universidad Pontificia Comillas\u00a0(sede de Madrid), es\u00a0Directora del\u00a0Centro Engramas de Psicoterapias Integradoras\u00a0de Madrid\u00a0y\u00a0Directora de la C\u00e1tedra Edith Stein, de la\u00a0Universidad de la M\u00edstica de \u00c1vila. Parte de su trabajo de investigaci\u00f3n se ha centrado en la b\u00fasqueda de una perspectiva integral en la que se tenga en cuenta, desde la psicolog\u00eda y la psiquiatr\u00eda, la dimensi\u00f3n espiritual del ser humano, siendo este un \u00e1mbito que ha supuesto la publicaci\u00f3n de diversos art\u00edculos y participaci\u00f3n en libros como:\u00a0<em>Evoluci\u00f3n integral\u00a0<\/em>(Editorial Kair\u00f3s, 2006),\u00a0<em>Acompa\u00f1ar la finitud.\u00a0Optimismo, sentido y trascendencia ante la incertidumbre del dolor, el sufrimiento y la muerte\u00a0<\/em>(San Pablo, 2014)<em>.<\/em>\u00a0Ha dirigido (y participado como coautora en algunos de ellos) los libros\u00a0<em>Integrando la espiritualidad en la Psicolog\u00eda\u00a0<\/em>(Montecarmelo-CITES, 2011),\u00a0<em>Sentido de la vida ante la crisis<\/em>\u00a0(Montecarmelo-CITES, 2012),\u00a0<em>La experiencia m\u00edstica\u00a0<\/em>(Montecarmelo-CITES, 2013),\u00a0<em>Espiritualidad y Salud Integral<\/em>\u00a0(Montecarmelo-CITES, 2014),\u00a0<em>De v\u00edctimas a S\u00faper-vivientes<\/em>\u00a0(Montecarmelo-CITES, 2015),\u00a0<em>Meditaci\u00f3n y contemplaci\u00f3n<\/em>\u00a0(Montecarmelo-CITES, 2016).<\/p>\n<p>M\u00e1s info:<\/p>\n<p><a href=\"http:\/\/www.maribelium.com\/\" data-saferedirecturl=\"https:\/\/www.google.com\/url?hl=es&amp;q=http:\/\/www.maribelium.com&amp;source=gmail&amp;ust=1502874606643000&amp;usg=AFQjCNGJPWaQb3lvbKxX_w8uLGZ5qhap2g\">www.maribelium.com<\/a><\/p>\n<p><strong><span style=\"color: #800000;\">Puedes descargar tus entradas gratuitas en el siguiente formulario:<\/span><\/strong><\/p>\n<p>&nbsp;<\/p>\n<p>&nbsp;<\/p>\n<div style=\"width: 100%; text-align: left;\"><iframe loading=\"lazy\" src=\"\/\/eventbrite.es\/tickets-external?eid=37385682583&amp;ref=etckt\" width=\"100%\" height=\"275\" frameborder=\"0\" marginwidth=\"5\" marginheight=\"5\" scrolling=\"auto\"><\/iframe><\/p>\n<div style=\"font-family: Helvetica, Arial; font-size: 12px; padding: 10px 0 5px; margin: 2px; width: 100%; text-align: left;\"><a class=\"powered-by-eb\" style=\"color: #adb0b6; text-decoration: none;\" href=\"http:\/\/www.eventbrite.es\/\" target=\"_blank\">Con tecnolog\u00eda de Eventbrite<\/a><\/div>\n<\/div>\n","protected":false},"excerpt":{"rendered":"<p>Encuentros Con Lo Sutil 66# Queridos amigos, bienvenidos a un nueva temporada de \u00a0nuestros Encuentros Con Lo Sutil. El pr\u00f3ximo Jueves d\u00eda 7 de septiembre a las 20 horas\u00a0 arrancamos nuestro ciclo con un tema relacionado con la experiencias de conciencia y la m\u00edstica. Para ello contaremos con la presencia de Maribel Rodr\u00edguez Fern\u00e1ndez, psiquiatra, [&hellip;]<\/p>\n","protected":false},"author":1,"featured_media":0,"comment_status":"open","ping_status":"open","sticky":false,"template":"","format":"standard","meta":[],"categories":[1],"tags":[],"_links":{"self":[{"href":"https:\/\/www.encuentrosconlosutil.com\/index.php?rest_route=\/wp\/v2\/posts\/1693"}],"collection":[{"href":"https:\/\/www.encuentrosconlosutil.com\/index.php?rest_route=\/wp\/v2\/posts"}],"about":[{"href":"https:\/\/www.encuentrosconlosutil.com\/index.php?rest_route=\/wp\/v2\/types\/post"}],"author":[{"embeddable":true,"href":"https:\/\/www.encuentrosconlosutil.com\/index.php?rest_route=\/wp\/v2\/users\/1"}],"replies":[{"embeddable":true,"href":"https:\/\/www.encuentrosconlosutil.com\/index.php?rest_route=%2Fwp%2Fv2%2Fcomments&post=1693"}],"version-history":[{"count":9,"href":"https:\/\/www.encuentrosconlosutil.com\/index.php?rest_route=\/wp\/v2\/posts\/1693\/revisions"}],"predecessor-version":[{"id":1706,"href":"https:\/\/www.encuentrosconlosutil.com\/index.php?rest_route=\/wp\/v2\/posts\/1693\/revisions\/1706"}],"wp:attachment":[{"href":"https:\/\/www.encuentrosconlosutil.com\/index.php?rest_route=%2Fwp%2Fv2%2Fmedia&parent=1693"}],"wp:term":[{"taxonomy":"category","embeddable":true,"href":"https:\/\/www.encuentrosconlosutil.com\/index.php?rest_route=%2Fwp%2Fv2%2Fcategories&post=1693"},{"taxonomy":"post_tag","embeddable":true,"href":"https:\/\/www.encuentrosconlosutil.com\/index.php?rest_route=%2Fwp%2Fv2%2Ftags&post=1693"}],"curies":[{"name":"wp","href":"https:\/\/api.w.org\/{rel}","templated":true}]}}