{"id":1679,"date":"2017-05-30T23:02:02","date_gmt":"2017-05-30T23:02:02","guid":{"rendered":"http:\/\/www.encuentrosconlosutil.com\/?p=1679"},"modified":"2017-05-31T07:28:25","modified_gmt":"2017-05-31T07:28:25","slug":"la-fuerza-de-la-compasion-la-mente-serena-meditacion-y-charla-con-marcela-caldumbide-y-gonzalo-brito","status":"publish","type":"post","link":"https:\/\/www.encuentrosconlosutil.com\/?p=1679","title":{"rendered":"LA FUERZA DE LA COMPASI\u00d3N Y LA MENTE SERENA. MEDITACI\u00d3N Y CHARLA CON MARCELA \u00c7ALDUMBIDE Y GONZALO BRITO"},"content":{"rendered":"<p><a href=\"http:\/\/www.encuentrosconlosutil.com\/wp-content\/uploads\/2017\/05\/compsi\u00f3n.jpg\"><img loading=\"lazy\" class=\"alignnone size-large wp-image-1680\" src=\"http:\/\/www.encuentrosconlosutil.com\/wp-content\/uploads\/2017\/05\/compsi\u00f3n-1024x683.jpg\" alt=\"compsi\u00f3n\" width=\"625\" height=\"417\" srcset=\"https:\/\/www.encuentrosconlosutil.com\/wp-content\/uploads\/2017\/05\/compsi\u00f3n-1024x683.jpg 1024w, https:\/\/www.encuentrosconlosutil.com\/wp-content\/uploads\/2017\/05\/compsi\u00f3n-300x200.jpg 300w, https:\/\/www.encuentrosconlosutil.com\/wp-content\/uploads\/2017\/05\/compsi\u00f3n-624x416.jpg 624w\" sizes=\"(max-width: 625px) 100vw, 625px\" \/><\/a><\/p>\n<p><em><strong>Encuentros con lo sutil 65 #<\/strong><\/em><\/p>\n<p>El pr\u00f3ximo <strong>martes 6 de junio a las 20 horas\u00a0<\/strong>tendremos la ocasi\u00f3n de poder meditar con dos expertos en mindfulness \u00a0conocidos por sus trabajos en la educaci\u00f3n y con la compasi\u00f3n.<\/p>\n<p>Tenemos la suerte de que en esta ocasi\u00f3n nos acompa\u00f1en\u00a0<strong>Marcela \u00c7aldumbide y Gonzalo Brito<\/strong>. Con ambos charlaremos sobre la relaci\u00f3n entre serenidad y compasi\u00f3n, adem\u00e1s de practicar dos meditaciones, al comienzo y al final del acto.<\/p>\n<p>Marcela nos explica que <em>\u00bb La sensaci\u00f3n que produce la confianza nos abre a la vida. Nos invita a arriesgar, a aceptar\u00a0 la incertidumbre, a caernos y levantarnos, en definitiva, a danzar \u00a0el cambio. La confianza nos trae el futuro al presente. El miedo por el contrario, nos paraliza, nos trae el pasado al presente, nos impide afrontar retos, oportunidades y nos hace observar el ma\u00f1ana con cierto pesimismo.\u00bb<\/em><\/p>\n<p>Gonzalo \u00a0nos adelanta que la compasi\u00f3n<em> \u00abentendida como la capacidad de conectarnos con el sufrimiento propio y de los dem\u00e1s junto a la motivaci\u00f3n aut\u00e9ntica de aliviarlo y prevenirlo. <\/em>Para nuestro invitado la compasi\u00f3n<em> \u00a0\u00abes instintiva en los seres humanos y en otros mam\u00edferos cuando quien sufre es alguien cercano. Sin embargo, la creciente fragilidad social, econ\u00f3mica y ecol\u00f3gica a nivel global requiere que ampliemos nuestro c\u00edrculo de cuidado y compasi\u00f3n m\u00e1s all\u00e1 del espacio familiar inmediato hacia lo que el XIV Dalai Lama ha llamado \u201ccompasi\u00f3n universal\u201d. <\/em><\/p>\n<p>Adem\u00e1s &#8211; concluye Brito-<em> \u00a0\u00bb investigaciones recientes sugieren que al entrenarnos en la compasi\u00f3n mejora nuestra propia salud f\u00edsica y mental, aumentando nuestra resiliencia frente al sufrimiento propio y ajeno.\u00bb\u00a0<\/em><\/p>\n<p>El trabajo y el cruce de miradas de ambos profesionales ser\u00e1 fruct\u00edfero.<\/p>\n<p>Este ser\u00e1 el \u00faltimo encuentro antes del verano. A la vuelta nos encontraremos el 7 de septiembre.<\/p>\n<p>Gracias por vuestra presencia y hasta muy pronto, amigos.<\/p>\n<p><strong>Javier Esteban<\/strong><\/p>\n<p>&nbsp;<\/p>\n<p><strong>Nuestros invitados:<\/strong><\/p>\n<p><a href=\"http:\/\/www.encuentrosconlosutil.com\/wp-content\/uploads\/2017\/05\/brito.jpg\"><img loading=\"lazy\" class=\"alignnone size-full wp-image-1681\" src=\"http:\/\/www.encuentrosconlosutil.com\/wp-content\/uploads\/2017\/05\/brito.jpg\" alt=\"brito\" width=\"250\" height=\"306\" srcset=\"https:\/\/www.encuentrosconlosutil.com\/wp-content\/uploads\/2017\/05\/brito.jpg 250w, https:\/\/www.encuentrosconlosutil.com\/wp-content\/uploads\/2017\/05\/brito-245x300.jpg 245w\" sizes=\"(max-width: 250px) 100vw, 250px\" \/><\/a><\/p>\n<p>&nbsp;<\/p>\n<p><strong>Gonzalo Brito:<\/strong><\/p>\n<p>Gonzalo Brito es\u00a0Psic\u00f3logo Cl\u00ednico de la Pontificia Universidad Cat\u00f3lica de Chile, especializado en el enfoque sist\u00e9mico-estrat\u00e9gico y experiencial. Luego de trabajar varios a\u00f1os como psicoterapeuta en contextos p\u00fablicos y privados en Chile y Per\u00fa, realiz\u00f3 estudios de master y doctorado en psicolog\u00eda en el Instituto de Psicolog\u00eda Transpersonal (Palo Alto, EE.UU.) centr\u00e1ndose en el estudio de los efectos psicol\u00f3gicos de la meditaci\u00f3n. Gonzalo es practicante de yoga y meditaci\u00f3n desde el a\u00f1o 1999, integrando estas pr\u00e1cticas con la psicoterapia y el trabajo con grupos desde el a\u00f1o 2005.<\/p>\n<p>El a\u00f1o 2008, Gonzalo implementa el primer programa de Reducci\u00f3n del Estr\u00e9s Basado en Mindfulness (MBSR) en Chile, el cual fue ofrecido a trabajadores y pacientes de un hospital p\u00fablico del sur de Chile y el a\u00f1o 2011 realiza un practicum en MBSR con Bob Stahl en El Camino Hospital, California. Luego, cursa un a\u00f1o de formaci\u00f3n en el Centro para la Investigaci\u00f3n y la Educaci\u00f3n en la Compasi\u00f3n y el Altruismo de la Escuela de Medicina de la Universidad de Stanford (CCARE, por sus siglas en ingl\u00e9s), siendo el primer instructor certificado para impartir el programa de Entrenamiento en el Cultivo de la Compasi\u00f3n (ECC). En su tesis doctoral investig\u00f3 los efectos psicol\u00f3gicos y relacionales del Entrenamiento en el \u00a0Cultivo de la Compasi\u00f3n y del Programa de Reducci\u00f3n del Estr\u00e9s Basado en Mindfulness.\u00a0Desde entonces, ha implementado el programa ECC en Estados Unidos, Chile, Argentina y actualmente en Espa\u00f1a, sirviendo adem\u00e1s como supervisor de CCARE para nuevos instructores del programa de Entrenamiento en la Compasi\u00f3n en pa\u00edses de habla hispana.<\/p>\n<p>Gonzalo es co-fundador de la Red Mindfulness (www.redmindfulness.org)\u00a0y colaborador de la Sociedad Mindfulness y Salud (Buenos Aires) y de Nirakara Mindfulness Institute (Madrid).\u00a0 Tambi\u00e9n es co-autor de los libros \u00ab<a title=\"Un fragmento del libro \u201cPresencia Plena: Reflexiones y pr\u00e1cticas para cultivar mindfulness en la vida diaria\u201d\" href=\"http:\/\/181.224.130.181\/~cultivar\/un-fragmento-del-libro-presencia-plena-reflexiones-y-practicas-para-cultivar-mindfulness-en-la-vida-diaria\/\" target=\"_blank\">Presencia Plena: Reflexiones y pr\u00e1cticas para cultivar mindfulness en la vida diaria<\/a>\u00bb (Santiago de Chile, 2014), y prontamente de\u00a0\u00ab<a href=\"http:\/\/www.amazon.com\/The-Mindfulness-Based-Emotional-Balance-Workbook\/dp\/1608828395\" target=\"_blank\">The Mindfulness-Based Emotional Balance Workbook: An Eight Week Program for Improved Emotion Regulation and Resilience<\/a>\u00bb (Oakland, EE.UU., 2015) (\u201cEquilibrio Emocional Basado en Mindfulness: Un programa de 8 semanas para una mayor resiliencia y regulaci\u00f3n emocional\u201d) prologado por Jon Kabat-Zinn.<\/p>\n<p>M\u00e1s info:<\/p>\n<div class=\"m_-480867256801355701mixmax_signature\">\n<div class=\"m_-480867256801355701gmail_signature\" data-smartmail=\"gmail_signature\">\n<div dir=\"ltr\">\n<div class=\"m_-480867256801355701gmail_signature\" data-smartmail=\"gmail_signature\">\n<div dir=\"ltr\">\n<div><a href=\"http:\/\/www.cultivarlamente.com\/\" target=\"_blank\" data-saferedirecturl=\"https:\/\/www.google.com\/url?hl=es&amp;q=http:\/\/www.cultivarlamente.com&amp;source=gmail&amp;ust=1496224880470000&amp;usg=AFQjCNFnkHawvtlKKZIsTTwBp9iAXhAkJA\">www.cultivarlamente.com<\/a><\/div>\n<div><\/div>\n<\/div>\n<\/div>\n<\/div>\n<\/div>\n<\/div>\n<p><a href=\"http:\/\/www.encuentrosconlosutil.com\/wp-content\/uploads\/2017\/05\/marcela.jpg\"><img loading=\"lazy\" class=\"alignnone  wp-image-1682\" src=\"http:\/\/www.encuentrosconlosutil.com\/wp-content\/uploads\/2017\/05\/marcela.jpg\" alt=\"marcela\" width=\"231\" height=\"329\" srcset=\"https:\/\/www.encuentrosconlosutil.com\/wp-content\/uploads\/2017\/05\/marcela.jpg 300w, https:\/\/www.encuentrosconlosutil.com\/wp-content\/uploads\/2017\/05\/marcela-211x300.jpg 211w\" sizes=\"(max-width: 231px) 100vw, 231px\" \/><\/a><\/p>\n<p><strong>Marcela \u00c7aldumbide:\u00a0<\/strong>\u00a0ha desarrollado su carrera profesional como psic\u00f3loga humanista y abogada mediadora especializada en la infancia y la familia.<\/p>\n<p>Su extensa formaci\u00f3n como terapeuta Gestalt se ha completado con numerosos cursos y talleres. Ha realizado un un M\u00e1ster en humanidades y un experto en Mindfulness.<\/p>\n<p>Desde hace a\u00f1os, viene realizando talleres de atenci\u00f3n plena y de autoconocimiento para alumnos de primaria en varios colegios de Madrid. En ellos ha puesto en pr\u00e1ctica su formaci\u00f3n y gran sensibilidad como pedagoga, desarrollando conclusiones y ense\u00f1anzas propias.<\/p>\n<p>Asociada a otros profesionales de la educaci\u00f3n y la psicolog\u00eda, ha fundado <em>El juego de conocerse<\/em>: una asociaci\u00f3n sin \u00e1nimo de lucro especializada en la realizaci\u00f3n de talleres infantiles encaminados a que los alumnos desarrollen su potencial humano, gestionen sus emociones y resuelvan sus conflictos.<\/p>\n<p>Por otra parte, Marcela Caldumbide ejerce como terapeuta especializada en la mediaci\u00f3n entre padres e hijos. Asimismo, imparte formaci\u00f3n para profesores tutores y terapeutas.<br \/>\nComo resultado de todas estas actividades ha desarrollado su propio m\u00e9todo de formaci\u00f3n en Mindfulness para adultos.<\/p>\n<p>Es responsable actualmente de la Comisi\u00f3n de educaci\u00f3n dela escuela de formaci\u00f3n de formaci\u00f3n psicol\u00f3gica humanista Equipo Centro; miembro de la Asociaci\u00f3n Europea de Terapeutas Gest\u00e1lticos y colaboradora de la Fundaci\u00f3n Claudio Naranjo.<\/p>\n<p>Autora de diversos art\u00edculos y ponencias sobre pedagog\u00eda e infancia; su libro <em><strong><a title=\"\u00abEl juego de conocerse\u00bb, de Marcela \u00c7aldumbide (Pr\u00f3logo)\" href=\"http:\/\/www.eljuegodeconocerse.com\/el-juego-de-conocerse-de-marcela-caldumbide\/\" target=\"_blank\">El Juego de Conocerse<\/a><\/strong><\/em> (Ed. Manuscritos, 2012) recoge sus talleres y experiencias con alumnos de primaria.<\/p>\n<p>M\u00e1s info:<\/p>\n<p><a href=\"http:\/\/www.eljuegodeconocerse.com\">www.eljuegodeconocerse.com<\/a><\/p>\n<p>DESCARGUE EN ESTE FORMULARIO SUS ENTRADAS:<\/p>\n<p>&nbsp;<\/p>\n<p>&nbsp;<\/p>\n<div style=\"width: 100%; text-align: left;\"><iframe loading=\"lazy\" src=\"\/\/eventbrite.es\/tickets-external?eid=34992425286&amp;ref=etckt\" width=\"100%\" height=\"275\" frameborder=\"0\" marginwidth=\"5\" marginheight=\"5\" scrolling=\"auto\"><\/iframe><\/p>\n<div style=\"font-family: Helvetica, Arial; font-size: 12px; padding: 10px 0 5px; margin: 2px; width: 100%; text-align: left;\"><a class=\"powered-by-eb\" style=\"color: #adb0b6; text-decoration: none;\" href=\"http:\/\/www.eventbrite.es\/\" target=\"_blank\">Con tecnolog\u00eda de Eventbrite<\/a><\/div>\n<\/div>\n<p>&nbsp;<\/p>\n","protected":false},"excerpt":{"rendered":"<p>Encuentros con lo sutil 65 # El pr\u00f3ximo martes 6 de junio a las 20 horas\u00a0tendremos la ocasi\u00f3n de poder meditar con dos expertos en mindfulness \u00a0conocidos por sus trabajos en la educaci\u00f3n y con la compasi\u00f3n. Tenemos la suerte de que en esta ocasi\u00f3n nos acompa\u00f1en\u00a0Marcela \u00c7aldumbide y Gonzalo Brito. Con ambos charlaremos sobre [&hellip;]<\/p>\n","protected":false},"author":1,"featured_media":0,"comment_status":"open","ping_status":"open","sticky":false,"template":"","format":"standard","meta":[],"categories":[1],"tags":[],"_links":{"self":[{"href":"https:\/\/www.encuentrosconlosutil.com\/index.php?rest_route=\/wp\/v2\/posts\/1679"}],"collection":[{"href":"https:\/\/www.encuentrosconlosutil.com\/index.php?rest_route=\/wp\/v2\/posts"}],"about":[{"href":"https:\/\/www.encuentrosconlosutil.com\/index.php?rest_route=\/wp\/v2\/types\/post"}],"author":[{"embeddable":true,"href":"https:\/\/www.encuentrosconlosutil.com\/index.php?rest_route=\/wp\/v2\/users\/1"}],"replies":[{"embeddable":true,"href":"https:\/\/www.encuentrosconlosutil.com\/index.php?rest_route=%2Fwp%2Fv2%2Fcomments&post=1679"}],"version-history":[{"count":6,"href":"https:\/\/www.encuentrosconlosutil.com\/index.php?rest_route=\/wp\/v2\/posts\/1679\/revisions"}],"predecessor-version":[{"id":1688,"href":"https:\/\/www.encuentrosconlosutil.com\/index.php?rest_route=\/wp\/v2\/posts\/1679\/revisions\/1688"}],"wp:attachment":[{"href":"https:\/\/www.encuentrosconlosutil.com\/index.php?rest_route=%2Fwp%2Fv2%2Fmedia&parent=1679"}],"wp:term":[{"taxonomy":"category","embeddable":true,"href":"https:\/\/www.encuentrosconlosutil.com\/index.php?rest_route=%2Fwp%2Fv2%2Fcategories&post=1679"},{"taxonomy":"post_tag","embeddable":true,"href":"https:\/\/www.encuentrosconlosutil.com\/index.php?rest_route=%2Fwp%2Fv2%2Ftags&post=1679"}],"curies":[{"name":"wp","href":"https:\/\/api.w.org\/{rel}","templated":true}]}}