{"id":1664,"date":"2017-05-22T05:03:44","date_gmt":"2017-05-22T05:03:44","guid":{"rendered":"http:\/\/www.encuentrosconlosutil.com\/?p=1664"},"modified":"2017-05-25T15:56:16","modified_gmt":"2017-05-25T15:56:16","slug":"palabras-y-musica-para-despertar-el-alma","status":"publish","type":"post","link":"https:\/\/www.encuentrosconlosutil.com\/?p=1664","title":{"rendered":"PALABRAS Y M\u00daSICA PARA DESPERTAR EL ALMA"},"content":{"rendered":"<p><a href=\"http:\/\/www.encuentrosconlosutil.com\/wp-content\/uploads\/2017\/05\/PaulHartaMusicAndPoetry.jpg\"><img loading=\"lazy\" class=\"alignnone size-full wp-image-1672\" src=\"http:\/\/www.encuentrosconlosutil.com\/wp-content\/uploads\/2017\/05\/PaulHartaMusicAndPoetry.jpg\" alt=\"PaulHartaMusicAndPoetry\" width=\"525\" height=\"426\" srcset=\"https:\/\/www.encuentrosconlosutil.com\/wp-content\/uploads\/2017\/05\/PaulHartaMusicAndPoetry.jpg 525w, https:\/\/www.encuentrosconlosutil.com\/wp-content\/uploads\/2017\/05\/PaulHartaMusicAndPoetry-300x243.jpg 300w\" sizes=\"(max-width: 525px) 100vw, 525px\" \/><\/a><\/p>\n<p><strong><em>Encuentros con lo Sutil # 64<\/em><\/strong><\/p>\n<p>El pr\u00f3ximo <strong>martes 30 de mayo a las 20 horas<\/strong><i id=\"m_-1636724707454913294yiv4502632349m_-917187689692044735yui_3_16_0_ym19_1_1494755407924_65729\">\u00a0<\/i>os animamos a participar en un viaje musical, literario y espiritual. Un proceso de di\u00e1logo y escucha con el coraz\u00f3n de los asistentes. Para ello contaremos con a la voz y la escritura del poeta, escritor y periodista\u00a0<b id=\"m_-1636724707454913294yiv4502632349m_-917187689692044735yui_3_16_0_ym19_1_1494755407924_65730\">Francisco Javier Exp\u00f3sito Lorenzo<\/b>, con la m\u00fasica creada con la espiritualidad y sencillez del artista<span id=\"m_-1636724707454913294yiv4502632349m_-917187689692044735yui_3_16_0_ym19_1_1494755407924_65731\">\u00a0<\/span><b id=\"m_-1636724707454913294yiv4502632349m_-917187689692044735yui_3_16_0_ym19_1_1494755407924_65732\">Suria Pombo<\/b>, y \u00a0con la delicadeza de la cantante de kirtans, fados y m\u00fasica c\u00e9ltica,<span id=\"m_-1636724707454913294yiv4502632349m_-917187689692044735yui_3_16_0_ym19_1_1494755407924_65733\">\u00a0<\/span><b id=\"m_-1636724707454913294yiv4502632349m_-917187689692044735yui_3_16_0_ym19_1_1494755407924_65734\">Claudia Leyva<\/b>, que cantar\u00e1 e instrumentar\u00e1 varios textos.<\/p>\n<p>En esta ocasi\u00f3n celebramos la fusi\u00f3n de est\u00edmulos para despertar y sanar a trav\u00e9s de la vibraci\u00f3n de la palabra y la m\u00fasica. Una experiencia que os despertar\u00e1 a profundizar en vuestro universo interior y aventuraros hasta donde cada uno desee.\u00a0\u00a0<span id=\"m_-1636724707454913294yiv4502632349m_-917187689692044735yui_3_16_0_ym19_1_1494755407924_65735\">\u00a0<\/span><\/p>\n<p>Sois bienvenidos, este ser\u00e1 el pen\u00faltimo encuentro antes de nuestra parada durante el verano. Aprovechad.<\/p>\n<p><strong>Javier Esteban<\/strong><\/p>\n<p>&nbsp;<\/p>\n<p>Nuestro invitado:<\/p>\n<p>&nbsp;<\/p>\n<p id=\"m_-1636724707454913294yiv4502632349m_-917187689692044735yui_3_16_0_ym19_1_1494755407924_65740\"><b id=\"m_-1636724707454913294yiv4502632349m_-917187689692044735yui_3_16_0_ym19_1_1494755407924_65741\">Francisco Javier Exp\u00f3sito Lorenzo <\/b>(1971, Madrid). Poeta, escritor, periodista y <i id=\"m_-1636724707454913294yiv4502632349m_-917187689692044735yui_3_16_0_ym19_1_1494755407924_65742\">councellor<\/i>. Despertar y sanar el alma y el coraz\u00f3n a trav\u00e9s de la palabra es su vocaci\u00f3n. La literatura y la voz sus instrumentos. En sus obras subyace la l\u00edrica de la espiritualidad m\u00e1s \u00edntima y cotidiana, sea desde el cuento y los universos m\u00e1gicos que nos habitan en \u201cP\u00e1jaros en los bolsillos\u201d (2015), el canto de la luz, la vida y el amor en \u201cM\u00e1s alto que el aire, Breviario para el alma\u201d (2013); o la amalgama de la sabidur\u00eda de los antiguos maestros egipcios desde su propia experiencia en \u201cJuegos de empe\u00f1o y rendici\u00f3n\u201d (2016). Ha realizado una antolog\u00eda de textos in\u00e9ditos de Le\u00f3n Felipe, \u201cCastillo interior\u201d (2015), y el a\u00f1o que viene publicar\u00e1 \u201cCuaderno de Pascua\u201d, que aborda su viaje a la Isla en clave de camino espiritual. Adem\u00e1s, edita la prestigiosa colecci\u00f3n Obra Fundamental, desde la que recupera el alma y el coraz\u00f3n de la literatura de finales del XIX y principios del XX.<\/p>\n<p><a href=\"http:\/\/www.encuentrosconlosutil.com\/wp-content\/uploads\/2017\/05\/Lectura-Tipos-infames-II-1.jpg\"><img loading=\"lazy\" class=\"alignnone wp-image-1665 size-medium\" src=\"http:\/\/www.encuentrosconlosutil.com\/wp-content\/uploads\/2017\/05\/Lectura-Tipos-infames-II-1-200x300.jpg\" alt=\"Lectura Tipos infames II (1)\" width=\"200\" height=\"300\" srcset=\"https:\/\/www.encuentrosconlosutil.com\/wp-content\/uploads\/2017\/05\/Lectura-Tipos-infames-II-1-200x300.jpg 200w, https:\/\/www.encuentrosconlosutil.com\/wp-content\/uploads\/2017\/05\/Lectura-Tipos-infames-II-1-683x1024.jpg 683w, https:\/\/www.encuentrosconlosutil.com\/wp-content\/uploads\/2017\/05\/Lectura-Tipos-infames-II-1-624x936.jpg 624w\" sizes=\"(max-width: 200px) 100vw, 200px\" \/><\/a><\/p>\n<p id=\"m_-1636724707454913294yiv4502632349m_-917187689692044735yui_3_16_0_ym19_1_1494755407924_65745\"><b>M\u00e1s informaci\u00f3n<\/b>:<\/p>\n<p id=\"m_-1636724707454913294yiv4502632349m_-917187689692044735yui_3_16_0_ym19_1_1494755407924_65748\"><a id=\"m_-1636724707454913294yiv4502632349m_-917187689692044735yui_3_16_0_ym19_1_1494755407924_65759\" href=\"http:\/\/www.fjavierexpositolorenzo.es\/\" target=\"_blank\" rel=\"nofollow\" shape=\"rect\" data-saferedirecturl=\"https:\/\/www.google.com\/url?hl=es&amp;q=http:\/\/www.fjavierexpositolorenzo.es\/&amp;source=gmail&amp;ust=1495486999851000&amp;usg=AFQjCNFVnmrT3iwjha4_coRsd-hoFRfxKg\">www.fjavierexpositolorenzo.es<\/a><\/p>\n<p><strong>Entradas para acceder al acto:<\/strong><\/p>\n<p>&nbsp;<\/p>\n<p>&nbsp;<\/p>\n<div style=\"width: 100%; text-align: left;\"><iframe loading=\"lazy\" src=\"\/\/eventbrite.es\/tickets-external?eid=34788477272&amp;ref=etckt\" width=\"100%\" height=\"275\" frameborder=\"0\" marginwidth=\"5\" marginheight=\"5\" scrolling=\"auto\"><\/iframe><\/p>\n<div style=\"font-family: Helvetica, Arial; font-size: 12px; padding: 10px 0 5px; margin: 2px; width: 100%; text-align: left;\"><a class=\"powered-by-eb\" style=\"color: #adb0b6; text-decoration: none;\" href=\"http:\/\/www.eventbrite.es\/\" target=\"_blank\">Con tecnolog\u00eda de Eventbrite<\/a><\/div>\n<\/div>\n","protected":false},"excerpt":{"rendered":"<p>Encuentros con lo Sutil # 64 El pr\u00f3ximo martes 30 de mayo a las 20 horas\u00a0os animamos a participar en un viaje musical, literario y espiritual. Un proceso de di\u00e1logo y escucha con el coraz\u00f3n de los asistentes. Para ello contaremos con a la voz y la escritura del poeta, escritor y periodista\u00a0Francisco Javier Exp\u00f3sito [&hellip;]<\/p>\n","protected":false},"author":1,"featured_media":0,"comment_status":"open","ping_status":"open","sticky":false,"template":"","format":"standard","meta":[],"categories":[1],"tags":[],"_links":{"self":[{"href":"https:\/\/www.encuentrosconlosutil.com\/index.php?rest_route=\/wp\/v2\/posts\/1664"}],"collection":[{"href":"https:\/\/www.encuentrosconlosutil.com\/index.php?rest_route=\/wp\/v2\/posts"}],"about":[{"href":"https:\/\/www.encuentrosconlosutil.com\/index.php?rest_route=\/wp\/v2\/types\/post"}],"author":[{"embeddable":true,"href":"https:\/\/www.encuentrosconlosutil.com\/index.php?rest_route=\/wp\/v2\/users\/1"}],"replies":[{"embeddable":true,"href":"https:\/\/www.encuentrosconlosutil.com\/index.php?rest_route=%2Fwp%2Fv2%2Fcomments&post=1664"}],"version-history":[{"count":8,"href":"https:\/\/www.encuentrosconlosutil.com\/index.php?rest_route=\/wp\/v2\/posts\/1664\/revisions"}],"predecessor-version":[{"id":1676,"href":"https:\/\/www.encuentrosconlosutil.com\/index.php?rest_route=\/wp\/v2\/posts\/1664\/revisions\/1676"}],"wp:attachment":[{"href":"https:\/\/www.encuentrosconlosutil.com\/index.php?rest_route=%2Fwp%2Fv2%2Fmedia&parent=1664"}],"wp:term":[{"taxonomy":"category","embeddable":true,"href":"https:\/\/www.encuentrosconlosutil.com\/index.php?rest_route=%2Fwp%2Fv2%2Fcategories&post=1664"},{"taxonomy":"post_tag","embeddable":true,"href":"https:\/\/www.encuentrosconlosutil.com\/index.php?rest_route=%2Fwp%2Fv2%2Ftags&post=1664"}],"curies":[{"name":"wp","href":"https:\/\/api.w.org\/{rel}","templated":true}]}}