{"id":1615,"date":"2017-03-10T12:23:47","date_gmt":"2017-03-10T12:23:47","guid":{"rendered":"http:\/\/www.encuentrosconlosutil.com\/?p=1615"},"modified":"2017-03-14T09:22:12","modified_gmt":"2017-03-14T09:22:12","slug":"la-ecologia-del-alma-dialogo-con-beatriz-calvo-villoria","status":"publish","type":"post","link":"https:\/\/www.encuentrosconlosutil.com\/?p=1615","title":{"rendered":"ECOLOG\u00cdA DEL ALMA;  CONVERSACI\u00d3N CON BEATRIZ CALVO VILLORIA."},"content":{"rendered":"<p><a href=\"http:\/\/www.encuentrosconlosutil.com\/wp-content\/uploads\/2017\/03\/spring-flowers-3.jpg\"><img loading=\"lazy\" class=\"alignnone size-large wp-image-1617\" src=\"http:\/\/www.encuentrosconlosutil.com\/wp-content\/uploads\/2017\/03\/spring-flowers-3-1024x640.jpg\" alt=\"spring+flowers+3\" width=\"625\" height=\"391\" srcset=\"https:\/\/www.encuentrosconlosutil.com\/wp-content\/uploads\/2017\/03\/spring-flowers-3-1024x640.jpg 1024w, https:\/\/www.encuentrosconlosutil.com\/wp-content\/uploads\/2017\/03\/spring-flowers-3-300x188.jpg 300w, https:\/\/www.encuentrosconlosutil.com\/wp-content\/uploads\/2017\/03\/spring-flowers-3-624x390.jpg 624w, https:\/\/www.encuentrosconlosutil.com\/wp-content\/uploads\/2017\/03\/spring-flowers-3.jpg 1152w\" sizes=\"(max-width: 625px) 100vw, 625px\" \/><\/a><\/p>\n<p><strong><em>Encuentros con lo sutil 61#<\/em><\/strong><\/p>\n<p style=\"text-align: right;\"><em>El estado del mundo exterior no s\u00f3lo corresponde al estado general de las almas de los hombres; tambi\u00e9n, en cierto sentido, depende de ese estado, ya que el hombre es el pont\u00edfice del mundo exterior. As\u00ed pues, la corrupci\u00f3n del hombre debe afectar al todo\u2026 \u00a0<\/em><\/p>\n<p style=\"text-align: right;\"><em>\u00a0\u00a0\u00a0\u00a0\u00a0\u00a0\u00a0\u00a0\u00a0\u00a0\u00a0\u00a0\u00a0\u00a0\u00a0\u00a0\u00a0\u00a0\u00a0\u00a0\u00a0\u00a0\u00a0\u00a0\u00a0\u00a0\u00a0\u00a0\u00a0\u00a0\u00a0\u00a0\u00a0\u00a0\u00a0\u00a0\u00a0\u00a0\u00a0\u00a0\u00a0\u00a0\u00a0\u00a0\u00a0\u00a0\u00a0\u00a0\u00a0\u00a0\u00a0\u00a0\u00a0\u00a0\u00a0\u00a0\u00a0\u00a0\u00a0\u00a0\u00a0\u00a0\u00a0\u00a0\u00a0\u00a0\u00a0\u00a0\u00a0\u00a0\u00a0\u00a0\u00a0\u00a0\u00a0\u00a0\u00a0\u00a0\u00a0\u00a0\u00a0\u00a0\u00a0\u00a0\u00a0\u00a0\u00a0\u00a0\u00a0\u00a0\u00a0\u00a0\u00a0\u00a0\u00a0\u00a0 \u00a0\u00a0\u00a0\u00a0\u00a0\u00a0<strong>Martin Lings<\/strong><\/em><\/p>\n<p>Nuestro pr\u00f3ximo encuentro coincide con la llegada de la primavera, el pr\u00f3ximo \u00a0<strong>martes 21 de marzo a las 20 horas. <\/strong><\/p>\n<p>Con este motivo contamos con la presencia de <strong>Beatriz Calvo Villoria<\/strong>, amante de la palabra y de la naturaleza. Beatriz, que ha vivido casi toda su vida en la naturaleza, ha conocido diversas tradiciones sapienciales y contemplativas. \u00a0Con ella mantendremos un di\u00e1logo sobre Ecolog\u00eda del Alma y \u00a0el lugar del hombre en el mundo. Tambi\u00e9n aprovecharemos su encuentro para asomarnos a la meditaci\u00f3n.<\/p>\n<p>Beatriz explica que \u00a0\u201c<em>hoy m\u00e1s que nunca, la respuesta a este panorama de crisis es una actitud proactiva que genere una profunda revoluci\u00f3n desde dentro. Una ecolog\u00eda para el alma con palabras que se\u00f1alen verdades esenciales y con actos que nos permitan encarnarlas como la meditaci\u00f3n y el Qi Gong..<\/em>.\u00bb<\/p>\n<p>Nuestra invitada entiende \u00a0que debemos querer sanarnos para sanar al mundo: \u00a0<em>\u201cpues el mundo es un reflejo de nuestro mundo interior; si est\u00e1 pacificado, iremos sembrando tras nuestras huellas, primaveras\u2026\u201d<\/em><\/p>\n<p>Beatriz compartir\u00e1 con nosotros lo que sabe y &#8211; si el ambiente se presta- una meditaci\u00f3n.<\/p>\n<p>Como ella suele \u00a0decir: la verdadera ecolog\u00eda empieza en el alma.<\/p>\n<p>Sois bienvenidos.<\/p>\n<p>Javier Esteban<\/p>\n<p><strong>Nuestra invitada:<\/strong><\/p>\n<p><a href=\"http:\/\/www.encuentrosconlosutil.com\/wp-content\/uploads\/2017\/03\/image.jpg\"><img loading=\"lazy\" class=\"alignnone size-full wp-image-1616\" src=\"http:\/\/www.encuentrosconlosutil.com\/wp-content\/uploads\/2017\/03\/image.jpg\" alt=\"image\" width=\"264\" height=\"396\" srcset=\"https:\/\/www.encuentrosconlosutil.com\/wp-content\/uploads\/2017\/03\/image.jpg 264w, https:\/\/www.encuentrosconlosutil.com\/wp-content\/uploads\/2017\/03\/image-200x300.jpg 200w\" sizes=\"(max-width: 264px) 100vw, 264px\" \/><\/a><\/p>\n<p><strong>Beatriz Calvo Villoria. <\/strong><\/p>\n<p>Ha vivido gran parte su vida en la naturaleza, vinculada a diversas comunidades y tradiciones sapienciales, trabajando desde el estudio y la contemplaci\u00f3n.<\/p>\n<p>Beatriz ha vuelto recientemente a la ciudad compartiendo aquello que ha aprendido en su b\u00fasqueda. \u00a0Desde su experiencia realiza un periodismo \u00a0comprometido de conciencia social y ecol\u00f3gica desde la dimensi\u00f3n espiritual del ser humano.<\/p>\n<p>Muchos la conocer\u00e9is ya a nuestra invitada como redactora jefe de <em>Agenda Viva<\/em> de la Fundaci\u00f3n F\u00e9lix Rodr\u00edguez de la Fuente. Actualmente es directora de <em>EcocentroTv<\/em>, escribe en varios blogs de gran impacto y colabora con distintos medios como <em>Radio Nacional<\/em> o <em>The Ecologist<\/em><\/p>\n<p>Beatriz enriquece su trabajo con la ense\u00f1anza de la meditaci\u00f3n. Es experta en Mindfulness en contextos de salud y monitora de la Escuela de Atenci\u00f3n Plena.<\/p>\n<p>M\u00e1s informaci\u00f3n en:<\/p>\n<p><a href=\"http:\/\/ecologiadelalma.es\/\">http:\/\/ecologiadelalma.es\/<\/a><\/p>\n<p><strong><span style=\"color: #ff6600;\">Las entradas se pueden descargar en este formulario:<\/span><\/strong><\/p>\n<p>&nbsp;<\/p>\n<div style=\"width: 100%; text-align: left;\"><iframe loading=\"lazy\" src=\"\/\/eventbrite.es\/tickets-external?eid=32842256072&amp;ref=etckt\" width=\"100%\" height=\"275\" frameborder=\"0\" marginwidth=\"5\" marginheight=\"5\" scrolling=\"auto\"><\/iframe><\/p>\n<div style=\"font-family: Helvetica, Arial; font-size: 12px; padding: 10px 0 5px; margin: 2px; width: 100%; text-align: left;\"><a class=\"powered-by-eb\" style=\"color: #adb0b6; text-decoration: none;\" href=\"http:\/\/www.eventbrite.es\/\" target=\"_blank\">Con tecnolog\u00eda de Eventbrite<\/a><\/div>\n<div style=\"font-family: Helvetica, Arial; font-size: 12px; padding: 10px 0 5px; margin: 2px; width: 100%; text-align: left;\"><\/div>\n<div style=\"font-family: Helvetica, Arial; font-size: 12px; padding: 10px 0 5px; margin: 2px; width: 100%; text-align: left;\"><\/div>\n<div style=\"font-family: Helvetica, Arial; font-size: 12px; padding: 10px 0 5px; margin: 2px; width: 100%; text-align: left;\"><iframe loading=\"lazy\" src=\"https:\/\/www.youtube.com\/embed\/fUyn5SHTrxc\" width=\"560\" height=\"315\" frameborder=\"0\" allowfullscreen=\"allowfullscreen\"><\/iframe><\/div>\n<\/div>\n","protected":false},"excerpt":{"rendered":"<p>Encuentros con lo sutil 61# El estado del mundo exterior no s\u00f3lo corresponde al estado general de las almas de los hombres; tambi\u00e9n, en cierto sentido, depende de ese estado, ya que el hombre es el pont\u00edfice del mundo exterior. As\u00ed pues, la corrupci\u00f3n del hombre debe afectar al todo\u2026 \u00a0 \u00a0\u00a0\u00a0\u00a0\u00a0\u00a0\u00a0\u00a0\u00a0\u00a0\u00a0\u00a0\u00a0\u00a0\u00a0\u00a0\u00a0\u00a0\u00a0\u00a0\u00a0\u00a0\u00a0\u00a0\u00a0\u00a0\u00a0\u00a0\u00a0\u00a0\u00a0\u00a0\u00a0\u00a0\u00a0\u00a0\u00a0\u00a0\u00a0\u00a0\u00a0\u00a0\u00a0\u00a0\u00a0\u00a0\u00a0\u00a0\u00a0\u00a0\u00a0\u00a0\u00a0\u00a0\u00a0\u00a0\u00a0\u00a0\u00a0\u00a0\u00a0\u00a0\u00a0\u00a0\u00a0\u00a0\u00a0\u00a0\u00a0\u00a0\u00a0\u00a0\u00a0\u00a0\u00a0\u00a0\u00a0\u00a0\u00a0\u00a0\u00a0\u00a0\u00a0\u00a0\u00a0\u00a0\u00a0\u00a0\u00a0\u00a0\u00a0\u00a0\u00a0\u00a0\u00a0\u00a0 \u00a0\u00a0\u00a0\u00a0\u00a0\u00a0Martin Lings Nuestro [&hellip;]<\/p>\n","protected":false},"author":1,"featured_media":0,"comment_status":"open","ping_status":"open","sticky":false,"template":"","format":"standard","meta":[],"categories":[1],"tags":[],"_links":{"self":[{"href":"https:\/\/www.encuentrosconlosutil.com\/index.php?rest_route=\/wp\/v2\/posts\/1615"}],"collection":[{"href":"https:\/\/www.encuentrosconlosutil.com\/index.php?rest_route=\/wp\/v2\/posts"}],"about":[{"href":"https:\/\/www.encuentrosconlosutil.com\/index.php?rest_route=\/wp\/v2\/types\/post"}],"author":[{"embeddable":true,"href":"https:\/\/www.encuentrosconlosutil.com\/index.php?rest_route=\/wp\/v2\/users\/1"}],"replies":[{"embeddable":true,"href":"https:\/\/www.encuentrosconlosutil.com\/index.php?rest_route=%2Fwp%2Fv2%2Fcomments&post=1615"}],"version-history":[{"count":15,"href":"https:\/\/www.encuentrosconlosutil.com\/index.php?rest_route=\/wp\/v2\/posts\/1615\/revisions"}],"predecessor-version":[{"id":1633,"href":"https:\/\/www.encuentrosconlosutil.com\/index.php?rest_route=\/wp\/v2\/posts\/1615\/revisions\/1633"}],"wp:attachment":[{"href":"https:\/\/www.encuentrosconlosutil.com\/index.php?rest_route=%2Fwp%2Fv2%2Fmedia&parent=1615"}],"wp:term":[{"taxonomy":"category","embeddable":true,"href":"https:\/\/www.encuentrosconlosutil.com\/index.php?rest_route=%2Fwp%2Fv2%2Fcategories&post=1615"},{"taxonomy":"post_tag","embeddable":true,"href":"https:\/\/www.encuentrosconlosutil.com\/index.php?rest_route=%2Fwp%2Fv2%2Ftags&post=1615"}],"curies":[{"name":"wp","href":"https:\/\/api.w.org\/{rel}","templated":true}]}}