{"id":1589,"date":"2017-02-15T10:55:25","date_gmt":"2017-02-15T10:55:25","guid":{"rendered":"http:\/\/www.encuentrosconlosutil.com\/?p=1589"},"modified":"2017-02-21T08:32:50","modified_gmt":"2017-02-21T08:32:50","slug":"taller-de-respiracion-una-herramienta-para-mejorar-nuestra-salud-y-consciencia","status":"publish","type":"post","link":"https:\/\/www.encuentrosconlosutil.com\/?p=1589","title":{"rendered":"TALLER DE RESPIRACI\u00d3N: UNA HERRAMIENTA PARA MEJORAR NUESTRA SALUD Y CONSCIENCIA."},"content":{"rendered":"<p><a href=\"http:\/\/www.encuentrosconlosutil.com\/wp-content\/uploads\/2017\/02\/shutterstock_159940037.jpg\"><img loading=\"lazy\" class=\"alignnone  wp-image-1590\" src=\"http:\/\/www.encuentrosconlosutil.com\/wp-content\/uploads\/2017\/02\/shutterstock_159940037.jpg\" alt=\"shutterstock_159940037\" width=\"627\" height=\"568\" srcset=\"https:\/\/www.encuentrosconlosutil.com\/wp-content\/uploads\/2017\/02\/shutterstock_159940037.jpg 500w, https:\/\/www.encuentrosconlosutil.com\/wp-content\/uploads\/2017\/02\/shutterstock_159940037-300x272.jpg 300w\" sizes=\"(max-width: 627px) 100vw, 627px\" \/><\/a><\/p>\n<p><strong><em>Encuentros con Lo Sutil 59 #<\/em><\/strong><\/p>\n<p>\u00bfSabemos respirar correctamente? \u00bfEs posible aprender a hacerlo? \u00bfPodemos cambiar nuestros malos h\u00e1bitos respiratorios?<\/p>\n<p>En nuestro pr\u00f3ximo encuentro, <strong>el pr\u00f3ximo martes 28 de febrero a las 20 horas<\/strong>, \u00a0realizaremos un taller sobre t\u00e9cnicas b\u00e1sicas de la respiraci\u00f3n.<\/p>\n<p>Para ello contaremos con la presencia del psic\u00f3logo y terapeuta <strong>Carlos Velasco<\/strong>, quien nos adelanta que \u201cestas t\u00e9cnicas facilitan la experimentaci\u00f3n de la forma natural de respirar, siguiendo el propio dise\u00f1o de la mec\u00e1nica ventilatoria\u201d.<\/p>\n<p>Los asistentes podr\u00e1n realizar un autochequeo b\u00e1sico sobre su respiraci\u00f3n, una relajaci\u00f3n y experimentar diferentes maneras de respirar.<\/p>\n<p>Saber respirar correctamente ayuda a vivir mejor y nos hace m\u00e1s conscientes: es una de las ense\u00f1anzas b\u00e1sicas del Yoga y de otras tradiciones sapienciales que recogen escuelas modernas como el mindfulness.<\/p>\n<p>Nuestro invitado:<\/p>\n<p><a href=\"http:\/\/www.encuentrosconlosutil.com\/wp-content\/uploads\/2017\/02\/1-242.png\"><img loading=\"lazy\" class=\"  wp-image-1593 aligncenter\" src=\"http:\/\/www.encuentrosconlosutil.com\/wp-content\/uploads\/2017\/02\/1-242-576x1024.png\" alt=\"1 2,42\" width=\"342\" height=\"608\" srcset=\"https:\/\/www.encuentrosconlosutil.com\/wp-content\/uploads\/2017\/02\/1-242-576x1024.png 576w, https:\/\/www.encuentrosconlosutil.com\/wp-content\/uploads\/2017\/02\/1-242-169x300.png 169w, https:\/\/www.encuentrosconlosutil.com\/wp-content\/uploads\/2017\/02\/1-242-624x1109.png 624w, https:\/\/www.encuentrosconlosutil.com\/wp-content\/uploads\/2017\/02\/1-242.png 1080w\" sizes=\"(max-width: 342px) 100vw, 342px\" \/><\/a><\/p>\n<p><strong>Carlos\u00a0Velasco\u00a0Montes<\/strong> es psic\u00f3logo con formaci\u00f3n en biogestalt, naturopat\u00eda y osteopat\u00eda. Est\u00e1 especializado en psicoterapia respiratoria.<\/p>\n<p>Carlos lleva m\u00e1s de tres d\u00e9cadas impartiendo talleres de respiraci\u00f3n por universidades y hospitales de Espa\u00f1a y Am\u00e9rica Latina. Gran viajero y cuidador de personas es pr\u00e1cticante asiduo de \u00a0de Aikido, Yoga y Tai Chi&#8230;<\/p>\n<p>Autor del libro de \u00e9xito <em>Las Ense\u00f1anzas del Caballero de la Armadura Oxidada<\/em><span style=\"text-decoration: underline;\">,<\/span> actualmente est\u00e1\u00a0acabando\u00a0su obra\u00a0<em>Psicoterapia Respiratoria\u00ae<\/em><\/p>\n<p>Os esperamos a todos, un cordial saludo<\/p>\n<p><strong>Javier Esteban<\/strong><\/p>\n<p>&nbsp;<\/p>\n<p>M\u00e1s informaci\u00f3n en:<\/p>\n<p><a href=\"http:\/\/www.psicoterapia-respiratoria.es\" target=\"_blank\">www.psicoterapia-respiratoria.es<\/a><\/p>\n<p><strong><span style=\"color: #993300;\">Las entradas para este acto pueden descargarse aqu\u00ed:<\/span><\/strong><\/p>\n<p>&nbsp;<\/p>\n<div style=\"width: 100%; text-align: left;\"><iframe loading=\"lazy\" src=\"\/\/eventbrite.es\/tickets-external?eid=32146116901&amp;ref=etckt\" width=\"100%\" height=\"275\" frameborder=\"0\" marginwidth=\"5\" marginheight=\"5\" scrolling=\"auto\"><\/iframe><\/p>\n<div style=\"font-family: Helvetica, Arial; font-size: 12px; padding: 10px 0 5px; margin: 2px; width: 100%; text-align: left;\"><a class=\"powered-by-eb\" style=\"color: #adb0b6; text-decoration: none;\" href=\"http:\/\/www.eventbrite.es\/\" target=\"_blank\">Con tecnolog\u00eda de Eventbrite<\/a><\/div>\n<\/div>\n<p>&nbsp;<\/p>\n<p>&nbsp;<\/p>\n<p>&nbsp;<\/p>\n","protected":false},"excerpt":{"rendered":"<p>Encuentros con Lo Sutil 59 # \u00bfSabemos respirar correctamente? \u00bfEs posible aprender a hacerlo? \u00bfPodemos cambiar nuestros malos h\u00e1bitos respiratorios? En nuestro pr\u00f3ximo encuentro, el pr\u00f3ximo martes 28 de febrero a las 20 horas, \u00a0realizaremos un taller sobre t\u00e9cnicas b\u00e1sicas de la respiraci\u00f3n. Para ello contaremos con la presencia del psic\u00f3logo y terapeuta Carlos Velasco, [&hellip;]<\/p>\n","protected":false},"author":1,"featured_media":0,"comment_status":"open","ping_status":"open","sticky":false,"template":"","format":"standard","meta":[],"categories":[1],"tags":[],"_links":{"self":[{"href":"https:\/\/www.encuentrosconlosutil.com\/index.php?rest_route=\/wp\/v2\/posts\/1589"}],"collection":[{"href":"https:\/\/www.encuentrosconlosutil.com\/index.php?rest_route=\/wp\/v2\/posts"}],"about":[{"href":"https:\/\/www.encuentrosconlosutil.com\/index.php?rest_route=\/wp\/v2\/types\/post"}],"author":[{"embeddable":true,"href":"https:\/\/www.encuentrosconlosutil.com\/index.php?rest_route=\/wp\/v2\/users\/1"}],"replies":[{"embeddable":true,"href":"https:\/\/www.encuentrosconlosutil.com\/index.php?rest_route=%2Fwp%2Fv2%2Fcomments&post=1589"}],"version-history":[{"count":12,"href":"https:\/\/www.encuentrosconlosutil.com\/index.php?rest_route=\/wp\/v2\/posts\/1589\/revisions"}],"predecessor-version":[{"id":1604,"href":"https:\/\/www.encuentrosconlosutil.com\/index.php?rest_route=\/wp\/v2\/posts\/1589\/revisions\/1604"}],"wp:attachment":[{"href":"https:\/\/www.encuentrosconlosutil.com\/index.php?rest_route=%2Fwp%2Fv2%2Fmedia&parent=1589"}],"wp:term":[{"taxonomy":"category","embeddable":true,"href":"https:\/\/www.encuentrosconlosutil.com\/index.php?rest_route=%2Fwp%2Fv2%2Fcategories&post=1589"},{"taxonomy":"post_tag","embeddable":true,"href":"https:\/\/www.encuentrosconlosutil.com\/index.php?rest_route=%2Fwp%2Fv2%2Ftags&post=1589"}],"curies":[{"name":"wp","href":"https:\/\/api.w.org\/{rel}","templated":true}]}}