{"id":1553,"date":"2016-12-09T12:26:43","date_gmt":"2016-12-09T12:26:43","guid":{"rendered":"http:\/\/www.encuentrosconlosutil.com\/?p=1553"},"modified":"2016-12-09T12:26:43","modified_gmt":"2016-12-09T12:26:43","slug":"cerramos-el-cuarto-ciclo-de-encuentros-con-lo-sutil-hasta-el-ano-que-viene","status":"publish","type":"post","link":"https:\/\/www.encuentrosconlosutil.com\/?p=1553","title":{"rendered":"CERRAMOS EL CUARTO CICLO DE ENCUENTROS CON LO SUTIL. HASTA EL A\u00d1O QUE VIENE"},"content":{"rendered":"<p><a href=\"http:\/\/www.encuentrosconlosutil.com\/wp-content\/uploads\/2016\/12\/ALAIN.jpg\"><img loading=\"lazy\" class=\"alignnone size-large wp-image-1554\" src=\"http:\/\/www.encuentrosconlosutil.com\/wp-content\/uploads\/2016\/12\/ALAIN-1024x650.jpg\" alt=\"alain\" width=\"625\" height=\"397\" srcset=\"https:\/\/www.encuentrosconlosutil.com\/wp-content\/uploads\/2016\/12\/ALAIN-1024x650.jpg 1024w, https:\/\/www.encuentrosconlosutil.com\/wp-content\/uploads\/2016\/12\/ALAIN-300x190.jpg 300w, https:\/\/www.encuentrosconlosutil.com\/wp-content\/uploads\/2016\/12\/ALAIN-624x396.jpg 624w\" sizes=\"(max-width: 625px) 100vw, 625px\" \/><\/a><\/p>\n<p>Gracias a todos los participantes y a los colaboradores de Encuentros.<br \/>\nEste a\u00f1o hemos cerrado la cuarta edici\u00f3n. Hemos realizado desde entonces 57 actos en 4 a\u00f1os, con m\u00e1s de 13,500 presencias.<br \/>\nEl ciclo sigue entusiasmando y sirviendo a la gente.Agradecemos a nuestros colaboradores su trabajo: <strong>Marcela \u00c7aldumbide<\/strong> (contenidos),<strong> Javier Redondo<\/strong> (grabaci\u00f3n y edici\u00f3n web) y <strong>Carmen Palma<\/strong> (comunicaci\u00f3n).\u00a0<span style=\"font-size: 1rem;\">De igual modo, un a\u00f1o m\u00e1s celebramos el apoyo \u00a0indispensable a esta iniciativa del Ayuntamiento de Madrid y del Centro cultural Conde Duque\u00a0<\/span><span style=\"font-size: 1rem;\">(con <\/span><strong style=\"font-size: 1rem;\">Concha Hern\u00e1ndez<\/strong><span style=\"font-size: 1rem;\"> a la cabeza). Gracias tambi\u00e9n por su disposici\u00f3n a todo el personal t\u00e9cnico y profesional del centro (Javier Taranc\u00f3n, Goyo, Joaqu\u00edn, Emilio, Ernesto y dem\u00e1s profesionales).\u00a0<\/span><span style=\"font-size: 1rem;\">Nos despedimos hasta el a\u00f1o que viene con la foto del \u00faltimo encuentro con Alain Vigneau. <\/span><\/p>\n<p><span style=\"font-size: 1rem;\">Gracias a los ponentes y a vosotros, la comunidad de Encuentros con lo sutil.<\/span><\/p>\n<p>Hasta el a\u00f1o que viene<\/p>\n<p><a href=\"http:\/\/www.encuentrosconlosutil.com\/wp-content\/uploads\/2016\/12\/MG_0579-1.jpg\"><img loading=\"lazy\" class=\"alignnone size-large wp-image-1557\" src=\"http:\/\/www.encuentrosconlosutil.com\/wp-content\/uploads\/2016\/12\/MG_0579-1-1024x683.jpg\" alt=\"_mg_0579-1\" width=\"625\" height=\"417\" srcset=\"https:\/\/www.encuentrosconlosutil.com\/wp-content\/uploads\/2016\/12\/MG_0579-1-1024x683.jpg 1024w, https:\/\/www.encuentrosconlosutil.com\/wp-content\/uploads\/2016\/12\/MG_0579-1-300x200.jpg 300w, https:\/\/www.encuentrosconlosutil.com\/wp-content\/uploads\/2016\/12\/MG_0579-1-624x416.jpg 624w\" sizes=\"(max-width: 625px) 100vw, 625px\" \/><\/a><\/p>\n<p>&nbsp;<\/p>\n","protected":false},"excerpt":{"rendered":"<p>Gracias a todos los participantes y a los colaboradores de Encuentros. Este a\u00f1o hemos cerrado la cuarta edici\u00f3n. Hemos realizado desde entonces 57 actos en 4 a\u00f1os, con m\u00e1s de 13,500 presencias. El ciclo sigue entusiasmando y sirviendo a la gente.Agradecemos a nuestros colaboradores su trabajo: Marcela \u00c7aldumbide (contenidos), Javier Redondo (grabaci\u00f3n y edici\u00f3n web) [&hellip;]<\/p>\n","protected":false},"author":1,"featured_media":0,"comment_status":"open","ping_status":"open","sticky":false,"template":"","format":"standard","meta":[],"categories":[1],"tags":[],"_links":{"self":[{"href":"https:\/\/www.encuentrosconlosutil.com\/index.php?rest_route=\/wp\/v2\/posts\/1553"}],"collection":[{"href":"https:\/\/www.encuentrosconlosutil.com\/index.php?rest_route=\/wp\/v2\/posts"}],"about":[{"href":"https:\/\/www.encuentrosconlosutil.com\/index.php?rest_route=\/wp\/v2\/types\/post"}],"author":[{"embeddable":true,"href":"https:\/\/www.encuentrosconlosutil.com\/index.php?rest_route=\/wp\/v2\/users\/1"}],"replies":[{"embeddable":true,"href":"https:\/\/www.encuentrosconlosutil.com\/index.php?rest_route=%2Fwp%2Fv2%2Fcomments&post=1553"}],"version-history":[{"count":1,"href":"https:\/\/www.encuentrosconlosutil.com\/index.php?rest_route=\/wp\/v2\/posts\/1553\/revisions"}],"predecessor-version":[{"id":1558,"href":"https:\/\/www.encuentrosconlosutil.com\/index.php?rest_route=\/wp\/v2\/posts\/1553\/revisions\/1558"}],"wp:attachment":[{"href":"https:\/\/www.encuentrosconlosutil.com\/index.php?rest_route=%2Fwp%2Fv2%2Fmedia&parent=1553"}],"wp:term":[{"taxonomy":"category","embeddable":true,"href":"https:\/\/www.encuentrosconlosutil.com\/index.php?rest_route=%2Fwp%2Fv2%2Fcategories&post=1553"},{"taxonomy":"post_tag","embeddable":true,"href":"https:\/\/www.encuentrosconlosutil.com\/index.php?rest_route=%2Fwp%2Fv2%2Ftags&post=1553"}],"curies":[{"name":"wp","href":"https:\/\/api.w.org\/{rel}","templated":true}]}}