{"id":1495,"date":"2016-09-28T12:04:12","date_gmt":"2016-09-28T12:04:12","guid":{"rendered":"http:\/\/www.encuentrosconlosutil.com\/?p=1495"},"modified":"2016-10-04T06:21:47","modified_gmt":"2016-10-04T06:21:47","slug":"concierto-y-charla-con-sara-veneros-musica-y-conciencia","status":"publish","type":"post","link":"https:\/\/www.encuentrosconlosutil.com\/?p=1495","title":{"rendered":"CONCIERTO y CHARLA CON SARA VENEROS. M\u00daSICA Y CONCIENCIA"},"content":{"rendered":"<p><a href=\"http:\/\/www.encuentrosconlosutil.com\/wp-content\/uploads\/2016\/09\/0007879263_10.jpg\"><img loading=\"lazy\" class=\"alignnone size-large wp-image-1496\" src=\"http:\/\/www.encuentrosconlosutil.com\/wp-content\/uploads\/2016\/09\/0007879263_10-1024x1024.jpg\" alt=\"0007879263_10\" width=\"625\" height=\"625\" srcset=\"https:\/\/www.encuentrosconlosutil.com\/wp-content\/uploads\/2016\/09\/0007879263_10-1024x1024.jpg 1024w, https:\/\/www.encuentrosconlosutil.com\/wp-content\/uploads\/2016\/09\/0007879263_10-150x150.jpg 150w, https:\/\/www.encuentrosconlosutil.com\/wp-content\/uploads\/2016\/09\/0007879263_10-300x300.jpg 300w, https:\/\/www.encuentrosconlosutil.com\/wp-content\/uploads\/2016\/09\/0007879263_10-624x624.jpg 624w, https:\/\/www.encuentrosconlosutil.com\/wp-content\/uploads\/2016\/09\/0007879263_10.jpg 1200w\" sizes=\"(max-width: 625px) 100vw, 625px\" \/><\/a><\/p>\n<p>&nbsp;<\/p>\n<p>&nbsp;<\/p>\n<p style=\"text-align: right;\"><em>\u00abSara es un excelente compositora que consigue que fluyan sus propias experiencias y sentimientos en forma de m\u00fasica y de canci\u00f3n de una forma absolutamente espont\u00e1nea y muy hermosa. En su canto Sara sabe compaginar, en perfecta armon\u00eda, la sencillez \u2013rebosante de frescura\u2013 con la profundidad \u00bb. <\/em><\/p>\n<p style=\"text-align: right;\">Fernando G. Lucini<\/p>\n<p style=\"text-align: right;\"><em>\u00abCanciones que llegan al alma con una voz que impresiona con letras que muestran la madurez de una artista que est\u00e1 a punto de sacar su primer disco, un trabajo hecho con el coraz\u00f3n y que nos dejar\u00e1 a todos con la boca abierta y las ganas de volver a verla en directo\u00bb<\/em><\/p>\n<p style=\"text-align: right;\">Javier Ruiz At\u00facar<\/p>\n<p>&nbsp;<\/p>\n<p><em><strong>Encuentros con lo sutil 54 #<\/strong><\/em><\/p>\n<p>&nbsp;<\/p>\n<p>El pr\u00f3ximo <strong>martes 11 de octubre a las 20.00 horas <span style=\"color: #993300;\">en el auditorio del centro Conde Duque<\/span><\/strong>, tendremos la oportunidad de charlar y sobretodo de escucha a Sara Veneros. Cuando la tierra suena es un viaje musicado a trav\u00e9s de la conciencia y las culturas hermanas latinoamericanas.<\/p>\n<p>En esta ocasi\u00f3n tendremos la oportunidad de conocer el proceso creativo de este \u00faltimo trabajo y de reflexionar con la artista sobre la m\u00fasica y el despertar conciencias.<\/p>\n<p>Nuestra invitada ve su proceso creativo como un despertar de la conciencia \u00bb\u00a0Siento \u00a0que a trav\u00e9s de la palabra y reconociendo y agradeciendo lo que la naturaleza y los seres humanos nos ofrecen podemos saltar a una vibraci\u00f3n m\u00e1s alta de amor y de alegr\u00eda. La m\u00fasica de ra\u00edz nos lleva a un estado de conexi\u00f3n con la tierra y de ganas de vivir. La belleza de lo sencillo, la m\u00fasica \u00a0y los ritmos\u00a0 nos llevan directamente al coraz\u00f3n.\u00a0 Pocas palabras bastan&#8230;\u00bb<\/p>\n<p>Nuestra invitada:<\/p>\n<p><a href=\"http:\/\/www.encuentrosconlosutil.com\/wp-content\/uploads\/2016\/09\/sara-veneros.jpg\"><img loading=\"lazy\" class=\"alignnone  wp-image-1497\" src=\"http:\/\/www.encuentrosconlosutil.com\/wp-content\/uploads\/2016\/09\/sara-veneros.jpg\" alt=\"sara-veneros\" width=\"531\" height=\"383\" srcset=\"https:\/\/www.encuentrosconlosutil.com\/wp-content\/uploads\/2016\/09\/sara-veneros.jpg 960w, https:\/\/www.encuentrosconlosutil.com\/wp-content\/uploads\/2016\/09\/sara-veneros-300x217.jpg 300w, https:\/\/www.encuentrosconlosutil.com\/wp-content\/uploads\/2016\/09\/sara-veneros-624x450.jpg 624w\" sizes=\"(max-width: 531px) 100vw, 531px\" \/><\/a><\/p>\n<p><strong>Sara Veneros\u00a0<\/strong>se licenci\u00f3 en \u00a0guitarrista cl\u00e1sica en el conservatorio Superior de m\u00fasica de Salamanca,\u00a0 se ha formado adem\u00e1s como cantante \u00a0y actriz y lleva pisando las tablas en las tres disciplinas m\u00e1s de veinte\u00a0 a\u00f1os. Su camino art\u00edstico ha ido ligado a un proceso de autoconocimiento paralelo. Su segundo trabajo discogr\u00e1fico \u201cCuando la tierra suena\u201d est\u00e1 \u00a0cargado \u00a0de vida, de ritmos, de folklore latinoamericano, de alegr\u00eda, de consciencia y \u00a0de tierra.<\/p>\n<p>Sara grab\u00f3 su primer disco en 2012, disco titulado con su propio nombre y producido por Juan Pablo Toch.\u00a0 En 2010 y en 2012 recibi\u00f3 el Premio a la Mejor M\u00fasica en el Certamen de Cantautores de Elche, y tambi\u00e9n, en el 2012, fue ganadora del Segundo Certamen de Cantautores Rosas en el Mar, organizado en Madrid por la\u00a0\u00a0 Asociaci\u00f3n Cultural Yemay\u00e1. \u00a0 \u00a0 \u00a0 \u00a0 \u00a0 \u00a0 \u00a0 Adem\u00e1s de haber celebrado numerosos recitales por toda en Espa\u00f1a,Sara Veneros ha realizado, recientemente, dos intensas y muy valoradas giras en Cuba, Chile y Argentina.Acaba de grabar y presentar su segundo disco titulado \u00abCuando la tierra suena\u00bb, un disco lleno de vida, de ritmos de la tierra, de latino am\u00e9rica, producido por Juan Pablo Toch y Leandro Aput .<\/p>\n<p>M\u00e1s info:<\/p>\n<h1><a href=\"http:\/\/www.saraveneros.com\">www.saraveneros.com<\/a><\/h1>\n<p><span style=\"color: #993300;\"><strong>Las entradas gratuitas estar\u00e1n a disposici\u00f3n en este web a partir el d\u00eda 4 de octubre.<\/strong><\/span><\/p>\n<p><iframe loading=\"lazy\" src=\"https:\/\/www.youtube.com\/embed\/cmaaD5DrCdo\" width=\"560\" height=\"315\" frameborder=\"0\" allowfullscreen=\"allowfullscreen\"><\/iframe><\/p>\n<p>&nbsp;<\/p>\n<div style=\"width: 100%; text-align: left;\"><iframe loading=\"lazy\" src=\"\/\/eventbrite.es\/tickets-external?eid=28313996927&amp;ref=etckt\" width=\"100%\" height=\"275\" frameborder=\"0\" marginwidth=\"5\" marginheight=\"5\" scrolling=\"auto\"><\/iframe><\/p>\n<div style=\"font-family: Helvetica, Arial; font-size: 12px; padding: 10px 0 5px; margin: 2px; width: 100%; text-align: left;\"><a class=\"powered-by-eb\" style=\"color: #adb0b6; text-decoration: none;\" href=\"http:\/\/www.eventbrite.es\/\" target=\"_blank\">Con tecnolog\u00eda de Eventbrite<\/a><\/div>\n<\/div>\n<p>&nbsp;<\/p>\n<p>&nbsp;<\/p>\n<p>&nbsp;<\/p>\n<p>&nbsp;<\/p>\n","protected":false},"excerpt":{"rendered":"<p>&nbsp; &nbsp; \u00abSara es un excelente compositora que consigue que fluyan sus propias experiencias y sentimientos en forma de m\u00fasica y de canci\u00f3n de una forma absolutamente espont\u00e1nea y muy hermosa. En su canto Sara sabe compaginar, en perfecta armon\u00eda, la sencillez \u2013rebosante de frescura\u2013 con la profundidad \u00bb. Fernando G. Lucini \u00abCanciones que llegan [&hellip;]<\/p>\n","protected":false},"author":1,"featured_media":0,"comment_status":"open","ping_status":"open","sticky":false,"template":"","format":"standard","meta":[],"categories":[1],"tags":[],"_links":{"self":[{"href":"https:\/\/www.encuentrosconlosutil.com\/index.php?rest_route=\/wp\/v2\/posts\/1495"}],"collection":[{"href":"https:\/\/www.encuentrosconlosutil.com\/index.php?rest_route=\/wp\/v2\/posts"}],"about":[{"href":"https:\/\/www.encuentrosconlosutil.com\/index.php?rest_route=\/wp\/v2\/types\/post"}],"author":[{"embeddable":true,"href":"https:\/\/www.encuentrosconlosutil.com\/index.php?rest_route=\/wp\/v2\/users\/1"}],"replies":[{"embeddable":true,"href":"https:\/\/www.encuentrosconlosutil.com\/index.php?rest_route=%2Fwp%2Fv2%2Fcomments&post=1495"}],"version-history":[{"count":5,"href":"https:\/\/www.encuentrosconlosutil.com\/index.php?rest_route=\/wp\/v2\/posts\/1495\/revisions"}],"predecessor-version":[{"id":1514,"href":"https:\/\/www.encuentrosconlosutil.com\/index.php?rest_route=\/wp\/v2\/posts\/1495\/revisions\/1514"}],"wp:attachment":[{"href":"https:\/\/www.encuentrosconlosutil.com\/index.php?rest_route=%2Fwp%2Fv2%2Fmedia&parent=1495"}],"wp:term":[{"taxonomy":"category","embeddable":true,"href":"https:\/\/www.encuentrosconlosutil.com\/index.php?rest_route=%2Fwp%2Fv2%2Fcategories&post=1495"},{"taxonomy":"post_tag","embeddable":true,"href":"https:\/\/www.encuentrosconlosutil.com\/index.php?rest_route=%2Fwp%2Fv2%2Ftags&post=1495"}],"curies":[{"name":"wp","href":"https:\/\/api.w.org\/{rel}","templated":true}]}}