{"id":1470,"date":"2016-09-09T07:26:41","date_gmt":"2016-09-09T07:26:41","guid":{"rendered":"http:\/\/www.encuentrosconlosutil.com\/?p=1470"},"modified":"2016-10-05T21:27:01","modified_gmt":"2016-10-05T21:27:01","slug":"el-acompanamiento-espiritual-en-cuidados-paliativos-las-ensenanzas-del-ultimo-viaje","status":"publish","type":"post","link":"https:\/\/www.encuentrosconlosutil.com\/?p=1470","title":{"rendered":"EL ACOMPA\u00d1AMIENTO ESPIRITUAL EN CUIDADOS PALIATIVOS. HUMANIZAR LA CL\u00cdNICA."},"content":{"rendered":"<p><a href=\"http:\/\/www.encuentrosconlosutil.com\/wp-content\/uploads\/2016\/09\/PalliativeCare_Img.jpg\"><img loading=\"lazy\" class=\"alignnone size-full wp-image-1472\" src=\"http:\/\/www.encuentrosconlosutil.com\/wp-content\/uploads\/2016\/09\/PalliativeCare_Img.jpg\" alt=\"palliativecare_img\" width=\"634\" height=\"286\" srcset=\"https:\/\/www.encuentrosconlosutil.com\/wp-content\/uploads\/2016\/09\/PalliativeCare_Img.jpg 634w, https:\/\/www.encuentrosconlosutil.com\/wp-content\/uploads\/2016\/09\/PalliativeCare_Img-300x135.jpg 300w, https:\/\/www.encuentrosconlosutil.com\/wp-content\/uploads\/2016\/09\/PalliativeCare_Img-624x281.jpg 624w\" sizes=\"(max-width: 634px) 100vw, 634px\" \/><\/a><\/p>\n<p>&nbsp;<\/p>\n<p><em><strong>Encuentros con lo Sutil 53#<\/strong><\/em><\/p>\n<p>El pr\u00f3ximo <strong><span style=\"color: #993300;\">mi\u00e9rcoles<\/span><span style=\"color: #993300;\"><span style=\"color: #333333;\">\u00a0d\u00eda<\/span><\/span>\u00a021 de septiembre<\/strong><strong>\u00a0a las 20 horas,\u00a0<\/strong>\u00a0tendremos ocasi\u00f3n de conocer y profundizar en un asunto que pasa inadvertido en nuestra sociedad, \u00a0pero que es fundamental para el ser humano: el acompa\u00f1amiento del enfermo en el final de la vida.<\/p>\n<p>Para ello contaremos con la presencia del doctor <strong>Enric \u00a0Benito Oliver, <\/strong>eminente onc\u00f3logo que hace ya algunos \u00a0a\u00f1os &#8211; tras un duro proceso personal- decidi\u00f3\u00a0 dedicarse a servir a los dem\u00e1s a trav\u00e9s de los cuidados paliativos. Su experiencia sin duda nos aportar\u00e1 conocimiento y experiencia en la humanizaci\u00f3n de la cl\u00ednica. La actual ignorancia de la muerte y su proceso contrasta con esta actividad \u00a0que nos remite a la vieja sabidur\u00eda del ars moriendi.<\/p>\n<p>En palabras de nuestro invitado, \u00bb\u00a0A trav\u00e9s de un proceso \u00a0personal, he ido descubriendo el significado del sufrimiento, y la riqueza de la relaci\u00f3n de ayuda, especialmente en lo que err\u00f3neamente\u00a0 llamamos el entorno del final de vida.\u00a0Desde el privilegio de acompa\u00f1ar a personas en el proceso de morir,\u00a0 he aprendido lecciones de una profundidad y sabidur\u00eda impagables que me gustar\u00eda compartir&#8230;\u00bb<\/p>\n<p>Enric Benito Oliver ser\u00e1 presentado por<strong> Jose Javier Barbero<\/strong>, doctor en psicolog\u00eda y psic\u00f3logo cl\u00ednico del Hospital La Paz, \u00a0concejal \u00a0y actual Delegado de salud, emergencias \u00a0y seguridad del Ayuntamiento de Madrid. Ambos han colaborado en diversos proyectos.<\/p>\n<p>Con este apasionante asunto iniciamos un nuevo curso de Encuentros con lo Sutil.<\/p>\n<p>A partir del lunes 13 se podr\u00e1n descargar las entradas en este blog.<\/p>\n<p>Bienvenidos.<\/p>\n<p class=\"p1\" style=\"text-align: left;\"><strong>Javier Esteban<\/strong>,<\/p>\n<p class=\"p1\" style=\"text-align: left;\">Director de Encuentros con lo Sutil<\/p>\n<p class=\"p1\" style=\"text-align: left;\"><strong>Nuestra invitado:<\/strong><\/p>\n<p class=\"p1\"><a href=\"http:\/\/www.encuentrosconlosutil.com\/wp-content\/uploads\/2016\/09\/descarga.jpg\"><img loading=\"lazy\" class=\"alignnone size-full wp-image-1471\" src=\"http:\/\/www.encuentrosconlosutil.com\/wp-content\/uploads\/2016\/09\/descarga.jpg\" alt=\"descarga\" width=\"160\" height=\"160\" srcset=\"https:\/\/www.encuentrosconlosutil.com\/wp-content\/uploads\/2016\/09\/descarga.jpg 160w, https:\/\/www.encuentrosconlosutil.com\/wp-content\/uploads\/2016\/09\/descarga-150x150.jpg 150w\" sizes=\"(max-width: 160px) 100vw, 160px\" \/><\/a><\/p>\n<p class=\"p1\"><strong>Enric Benito Oliver es<\/strong>\u00a0m\u00e9dico y especialista en Oncolog\u00eda Cl\u00ednica. Doctor en Medicina por la UAB. Master en Cuidados Paliativos por la UB. Tras 20 a\u00f1os ejerciendo la Oncolog\u00eda en el H General de Mallorca, y tras una metanoia, centra su actividad en Cuidados Paliativos (CP) y entre 1999 y 2010 ejerce su actividad cl\u00ednica como Coordinador de la Unidad de Cuidados Paliativos\u00a0 del HU Son Dureta y la UCP del H. Juan March en Mallorca. Entre 2011 y 2016 es Cordinador del programa Balear de CP<\/p>\n<p>Miembro de la SECPAL ( Soc. Espa\u00f1ola de CP) ,\u00a0 el a\u00f1o 2004 participa en la creaci\u00f3n de su Grupo de Espiritualidad (GES) que pasa a coordinar entre los a\u00f1os 2006 y 2014 desde donde ha promovido un modelo humanista, transpersonal y trans-confesional de acompa\u00f1amiento espiritual en el proceso de morir. Es miembro del Grupo de Trabajo de Espiritualidad de la EAPC ( EuropeanAssociation of PalliativeCare)<\/p>\n<p>Actualmente es docente invitado en diferentes Universidades espa\u00f1olas y extranjeras. Y consultor senior en Cuidados Paliativos<\/p>\n<p><strong>\u00a0M\u00e1s informaci\u00f3n:<\/strong><\/p>\n<p><a href=\"https:\/\/www.linkedin.com\/profile\/preview?locale=en_US&amp;trk=prof-0-sb-preview-primary-button\">https:\/\/www.linkedin.com\/profile\/preview?locale=en_US&amp;trk=prof-0-sb-preview-primary-button<\/a><\/p>\n<p><a href=\"https:\/\/www.researchgate.net\/profile\/Enric_Benito\">https:\/\/www.researchgate.net\/profile\/Enric_Benito<\/a><\/p>\n<p>&nbsp;<\/p>\n<p>&nbsp;<\/p>\n<div style=\"width: 100%; text-align: left;\">\n<div style=\"font-family: Helvetica, Arial; font-size: 10px; padding: 5px 0 5px; margin: 2px; width: 100%; text-align: left;\"><a class=\"powered-by-eb\" style=\"color: #dddddd; text-decoration: none;\" href=\"http:\/\/www.eventbrite.es\/l\/registration-online\/\" target=\"_blank\">Con tecnolog\u00eda de Eventbrite<\/a><\/div>\n<\/div>\n","protected":false},"excerpt":{"rendered":"<p>&nbsp; Encuentros con lo Sutil 53# El pr\u00f3ximo mi\u00e9rcoles\u00a0d\u00eda\u00a021 de septiembre\u00a0a las 20 horas,\u00a0\u00a0tendremos ocasi\u00f3n de conocer y profundizar en un asunto que pasa inadvertido en nuestra sociedad, \u00a0pero que es fundamental para el ser humano: el acompa\u00f1amiento del enfermo en el final de la vida. Para ello contaremos con la presencia del doctor Enric [&hellip;]<\/p>\n","protected":false},"author":1,"featured_media":0,"comment_status":"open","ping_status":"open","sticky":false,"template":"","format":"standard","meta":[],"categories":[1],"tags":[],"_links":{"self":[{"href":"https:\/\/www.encuentrosconlosutil.com\/index.php?rest_route=\/wp\/v2\/posts\/1470"}],"collection":[{"href":"https:\/\/www.encuentrosconlosutil.com\/index.php?rest_route=\/wp\/v2\/posts"}],"about":[{"href":"https:\/\/www.encuentrosconlosutil.com\/index.php?rest_route=\/wp\/v2\/types\/post"}],"author":[{"embeddable":true,"href":"https:\/\/www.encuentrosconlosutil.com\/index.php?rest_route=\/wp\/v2\/users\/1"}],"replies":[{"embeddable":true,"href":"https:\/\/www.encuentrosconlosutil.com\/index.php?rest_route=%2Fwp%2Fv2%2Fcomments&post=1470"}],"version-history":[{"count":15,"href":"https:\/\/www.encuentrosconlosutil.com\/index.php?rest_route=\/wp\/v2\/posts\/1470\/revisions"}],"predecessor-version":[{"id":1518,"href":"https:\/\/www.encuentrosconlosutil.com\/index.php?rest_route=\/wp\/v2\/posts\/1470\/revisions\/1518"}],"wp:attachment":[{"href":"https:\/\/www.encuentrosconlosutil.com\/index.php?rest_route=%2Fwp%2Fv2%2Fmedia&parent=1470"}],"wp:term":[{"taxonomy":"category","embeddable":true,"href":"https:\/\/www.encuentrosconlosutil.com\/index.php?rest_route=%2Fwp%2Fv2%2Fcategories&post=1470"},{"taxonomy":"post_tag","embeddable":true,"href":"https:\/\/www.encuentrosconlosutil.com\/index.php?rest_route=%2Fwp%2Fv2%2Ftags&post=1470"}],"curies":[{"name":"wp","href":"https:\/\/api.w.org\/{rel}","templated":true}]}}