{"id":1453,"date":"2016-05-31T16:25:10","date_gmt":"2016-05-31T16:25:10","guid":{"rendered":"http:\/\/www.encuentrosconlosutil.com\/?p=1453"},"modified":"2016-10-05T21:27:29","modified_gmt":"2016-10-05T21:27:29","slug":"mindfulness-y-salud-charla-y-meditacion","status":"publish","type":"post","link":"https:\/\/www.encuentrosconlosutil.com\/?p=1453","title":{"rendered":"MINDFULNESS Y SALUD.  CHARLA Y MEDITACI\u00d3N"},"content":{"rendered":"<p><a href=\"http:\/\/www.encuentrosconlosutil.com\/wp-content\/uploads\/2016\/05\/mindfulnessmentalhealth.jpg\"><img loading=\"lazy\" class=\"alignnone size-full wp-image-1461\" src=\"http:\/\/www.encuentrosconlosutil.com\/wp-content\/uploads\/2016\/05\/mindfulnessmentalhealth.jpg\" alt=\"mindfulnessmentalhealth\" width=\"864\" height=\"576\" srcset=\"https:\/\/www.encuentrosconlosutil.com\/wp-content\/uploads\/2016\/05\/mindfulnessmentalhealth.jpg 864w, https:\/\/www.encuentrosconlosutil.com\/wp-content\/uploads\/2016\/05\/mindfulnessmentalhealth-300x200.jpg 300w, https:\/\/www.encuentrosconlosutil.com\/wp-content\/uploads\/2016\/05\/mindfulnessmentalhealth-624x416.jpg 624w\" sizes=\"(max-width: 864px) 100vw, 864px\" \/><\/a><\/p>\n<p>&nbsp;<\/p>\n<p><em><strong>Encuentros con lo Sutil 52#<\/strong><\/em><\/p>\n<p>El pr\u00f3ximo <strong><span style=\"color: #993300;\">mi\u00e9rcoles<\/span><span style=\"color: #993300;\"><span style=\"color: #333333;\">\u00a0d\u00eda<\/span><\/span>\u00a08 de junio<\/strong><strong>\u00a0a las 20 horas\u00a0<\/strong>\u00a0tendremos ocasi\u00f3n de conocer y profundizar en la atenci\u00f3n plena a trav\u00e9s de una charla titulada<strong><em> La quietud del mindfulness, el mejor movimiento.<\/em><\/strong>\u00a0 \u00a0De igual modo, aprovecharemos la presencia \u00a0de nuestra invitada, la doctora \u00a0<strong>Beatriz Rodr\u00edgez Vega,<\/strong>\u00a0para realizar una pr\u00e1ctica de mindfulness.<\/p>\n<p class=\"p1\">En palabras de nuestra ponente,, que posee una larga carrera m\u00e9dica \u00abtraer la atenci\u00f3n al presente y hacerlo de una forma amable sin juzgar ni criticar, aporta importantes beneficios a la salud. Se sabe que una mente errante, perdida para el presente, \u00a0es una mente infeliz. Mindfulness se ha relacionado con una mejora del bienestar general a trav\u00e9s de cambios en la plasticidad y circuitos neuronales.\u00bb<\/p>\n<p class=\"p1\">Un cordial saludo, nos vemos pronto en este \u00faltimo encuentro antes del verano.<\/p>\n<p class=\"p1\" style=\"text-align: left;\"><strong>Javier Esteban<\/strong>,<\/p>\n<p class=\"p1\" style=\"text-align: left;\">Director de Encuentros con lo Sutil<\/p>\n<p class=\"p1\"><strong>Nuestra invitada:<\/strong><\/p>\n<p>\u00a0<a href=\"http:\/\/www.encuentrosconlosutil.com\/wp-content\/uploads\/2016\/05\/K3D3356.jpg\"><img loading=\"lazy\" class=\"alignnone  wp-image-1456\" src=\"http:\/\/www.encuentrosconlosutil.com\/wp-content\/uploads\/2016\/05\/K3D3356-681x1024.jpg\" alt=\"_K3D3356\" width=\"416\" height=\"625\" srcset=\"https:\/\/www.encuentrosconlosutil.com\/wp-content\/uploads\/2016\/05\/K3D3356-681x1024.jpg 681w, https:\/\/www.encuentrosconlosutil.com\/wp-content\/uploads\/2016\/05\/K3D3356-200x300.jpg 200w, https:\/\/www.encuentrosconlosutil.com\/wp-content\/uploads\/2016\/05\/K3D3356-624x938.jpg 624w, https:\/\/www.encuentrosconlosutil.com\/wp-content\/uploads\/2016\/05\/K3D3356.jpg 1995w\" sizes=\"(max-width: 416px) 100vw, 416px\" \/><\/a><\/p>\n<p><strong>Beatriz Rodriguez Vega<\/strong> es Psiquiatra, doctora en Medicina por la Universidad Aut\u00f3noma de Madrid en 1993. Trabaja como Jefa de secci\u00f3n de la Unidad de enlace y Psicoterapia del Hospital Universitario la Paz y es profesora asociada del departamento de Psiquiatria de la UAM de Madrid. En la Unidad de Formaci\u00f3n e Investigaci\u00f3n en Psicoterapia que coordina en el Hospital la Paz, recibe residentes de Psiquiatria y de Psicolog\u00eda cl\u00ednica que solicitan una estancia de formaci\u00f3n desde diferentes lugares del pa\u00eds.\u00a0 Desde 1997 dirige junto con Alberto Fern\u00e1ndez Liria el Master de Psicoterapia Perspectiva Integradora de la Universidad de Alcal\u00e1 de Henares en Madrid. Dirige adem\u00e1s cursos en otros lugares del Estado en el \u00e1mbito de la Psicoterapia Narrativa, Mindfulness, Trauma, Dolor cr\u00f3nico y psicooncologia. Es instructora certificada por el Center for Mindfulness de la Universidad de Massachusetts para la realizaci\u00f3n del programa MBSR.<\/p>\n<p>Tambi\u00e9n ha sido investigadora principal en varios proyectos financiados por agencias nacionales (FIS) en el campo de la psicoterapia en Oncologia. Entre sus publicaciones m\u00e1s destacadas est\u00e1n los libros de la Pr\u00e1ctica de la Psicoterapia: la construcci\u00f3n de narrativas terap\u00e9uticas (2001), Habilidades de entrevista para psicoterapeutas (2002) y Terapia narrativa Basada en Atenci\u00f3n Plena para la depresi\u00f3n (2012) publicados en la editorial Descl\u00e9e de Brower, adem\u00e1s de cap\u00edtulos de libros y art\u00edculos en revistas especializadas.<\/p>\n<p>&nbsp;<\/p>\n<div style=\"width: 100%; text-align: left;\">\n<div style=\"font-family: Helvetica, Arial; font-size: 10px; padding: 5px 0 5px; margin: 2px; width: 100%; text-align: left;\"><\/div>\n<\/div>\n<p>&nbsp;<\/p>\n<p>&nbsp;<\/p>\n<p>&nbsp;<\/p>\n","protected":false},"excerpt":{"rendered":"<p>&nbsp; Encuentros con lo Sutil 52# El pr\u00f3ximo mi\u00e9rcoles\u00a0d\u00eda\u00a08 de junio\u00a0a las 20 horas\u00a0\u00a0tendremos ocasi\u00f3n de conocer y profundizar en la atenci\u00f3n plena a trav\u00e9s de una charla titulada La quietud del mindfulness, el mejor movimiento.\u00a0 \u00a0De igual modo, aprovecharemos la presencia \u00a0de nuestra invitada, la doctora \u00a0Beatriz Rodr\u00edgez Vega,\u00a0para realizar una pr\u00e1ctica de mindfulness. [&hellip;]<\/p>\n","protected":false},"author":1,"featured_media":0,"comment_status":"open","ping_status":"open","sticky":false,"template":"","format":"standard","meta":[],"categories":[1],"tags":[81,204,34,202,203,89],"_links":{"self":[{"href":"https:\/\/www.encuentrosconlosutil.com\/index.php?rest_route=\/wp\/v2\/posts\/1453"}],"collection":[{"href":"https:\/\/www.encuentrosconlosutil.com\/index.php?rest_route=\/wp\/v2\/posts"}],"about":[{"href":"https:\/\/www.encuentrosconlosutil.com\/index.php?rest_route=\/wp\/v2\/types\/post"}],"author":[{"embeddable":true,"href":"https:\/\/www.encuentrosconlosutil.com\/index.php?rest_route=\/wp\/v2\/users\/1"}],"replies":[{"embeddable":true,"href":"https:\/\/www.encuentrosconlosutil.com\/index.php?rest_route=%2Fwp%2Fv2%2Fcomments&post=1453"}],"version-history":[{"count":6,"href":"https:\/\/www.encuentrosconlosutil.com\/index.php?rest_route=\/wp\/v2\/posts\/1453\/revisions"}],"predecessor-version":[{"id":1519,"href":"https:\/\/www.encuentrosconlosutil.com\/index.php?rest_route=\/wp\/v2\/posts\/1453\/revisions\/1519"}],"wp:attachment":[{"href":"https:\/\/www.encuentrosconlosutil.com\/index.php?rest_route=%2Fwp%2Fv2%2Fmedia&parent=1453"}],"wp:term":[{"taxonomy":"category","embeddable":true,"href":"https:\/\/www.encuentrosconlosutil.com\/index.php?rest_route=%2Fwp%2Fv2%2Fcategories&post=1453"},{"taxonomy":"post_tag","embeddable":true,"href":"https:\/\/www.encuentrosconlosutil.com\/index.php?rest_route=%2Fwp%2Fv2%2Ftags&post=1453"}],"curies":[{"name":"wp","href":"https:\/\/api.w.org\/{rel}","templated":true}]}}