{"id":1409,"date":"2016-04-20T17:13:02","date_gmt":"2016-04-20T17:13:02","guid":{"rendered":"http:\/\/www.encuentrosconlosutil.com\/?p=1409"},"modified":"2016-10-05T21:28:31","modified_gmt":"2016-10-05T21:28:31","slug":"los-psicofarmacos-como-instrumento-de-abuso-de-poder","status":"publish","type":"post","link":"https:\/\/www.encuentrosconlosutil.com\/?p=1409","title":{"rendered":"LOS PSICOF\u00c1RMACOS COMO INSTRUMENTO DE ABUSO DE PODER"},"content":{"rendered":"<p><a href=\"http:\/\/www.encuentrosconlosutil.com\/wp-content\/uploads\/2016\/04\/mental.jpg\"><img loading=\"lazy\" class=\"alignnone size-large wp-image-1413\" src=\"http:\/\/www.encuentrosconlosutil.com\/wp-content\/uploads\/2016\/04\/mental-1024x687.jpg\" alt=\"mental\" width=\"625\" height=\"419\" srcset=\"https:\/\/www.encuentrosconlosutil.com\/wp-content\/uploads\/2016\/04\/mental-1024x687.jpg 1024w, https:\/\/www.encuentrosconlosutil.com\/wp-content\/uploads\/2016\/04\/mental-300x201.jpg 300w, https:\/\/www.encuentrosconlosutil.com\/wp-content\/uploads\/2016\/04\/mental-624x418.jpg 624w, https:\/\/www.encuentrosconlosutil.com\/wp-content\/uploads\/2016\/04\/mental.jpg 2048w\" sizes=\"(max-width: 625px) 100vw, 625px\" \/><\/a><\/p>\n<p><strong><em>Encuentros con lo Sutil 50#.<\/em><\/strong><\/p>\n<p>Estimados amigos:<\/p>\n<p>El pr\u00f3ximo <span style=\"text-decoration: underline;\"><span style=\"color: #ff0000; text-decoration: underline;\">viernes<\/span><\/span><strong>\u00a06 de mayo a las 20,00 horas tendremos ocasi\u00f3n de charlar sobre uno de los temas m\u00e1s pol\u00e9micos e interesantes de la relaci\u00f3n entre poder, farmacolog\u00eda y psiquiatr\u00eda.\u00a0<\/strong><\/p>\n<p>Para ello contaremos con la presencia del doctor e investigador<strong> Francisco L\u00f3pez Mu\u00f1oz<\/strong>.<\/p>\n<p>De acuerdo con las palabras de nuestro invitado \u00bb durante la mayor parte del siglo XX y a\u00fan en la actualidad, los psicof\u00e1rmacos han sido empleados, al margen de todo tipo de c\u00f3digos \u00e9ticos, como herramientas de abuso de poder e instrumentos ileg\u00edtimos de control social, y no s\u00f3lo en materia de salud p\u00fablica.\u00bb<\/p>\n<p>En esta conferencia se realizar\u00e1 un an\u00e1lisis de esta cuesti\u00f3n, recurriendo a numerosos ejemplos hist\u00f3ricos y actuales procedentes de estados totalitarios \u00a0pero tambi\u00e9n \u00a0de pa\u00edses occidentales considerados como democr\u00e1ticos.<\/p>\n<p>Del mismo modo, se analizar\u00e1 la actualidad y vigencia de este asunto en un posterior debate.<\/p>\n<p><strong>Francisco L\u00f3pez Mu\u00f1oz\u00a0<\/strong>ser\u00e1 presentado \u00a0por <strong>Francesco Sandulli<\/strong>, vicerrector de innovaci\u00f3n de la Universidad Camilo Jos\u00e9 Cela y experto en tecnolog\u00edas de la informaci\u00f3n.<\/p>\n<p>Nuestro invitado:<\/p>\n<p><strong>\u00a0<a href=\"http:\/\/www.encuentrosconlosutil.com\/wp-content\/uploads\/2016\/04\/Paco-23.jpg\"><img loading=\"lazy\" class=\"alignnone  wp-image-1410\" src=\"http:\/\/www.encuentrosconlosutil.com\/wp-content\/uploads\/2016\/04\/Paco-23-1024x977.jpg\" alt=\"Paco 23\" width=\"426\" height=\"407\" srcset=\"https:\/\/www.encuentrosconlosutil.com\/wp-content\/uploads\/2016\/04\/Paco-23-1024x977.jpg 1024w, https:\/\/www.encuentrosconlosutil.com\/wp-content\/uploads\/2016\/04\/Paco-23-300x286.jpg 300w, https:\/\/www.encuentrosconlosutil.com\/wp-content\/uploads\/2016\/04\/Paco-23-624x596.jpg 624w, https:\/\/www.encuentrosconlosutil.com\/wp-content\/uploads\/2016\/04\/Paco-23.jpg 1055w\" sizes=\"(max-width: 426px) 100vw, 426px\" \/><\/a><\/strong><\/p>\n<p>&nbsp;<\/p>\n<p><strong>FRANCISCO L\u00d3PEZ MU\u00d1OZ \u00a0(MD, PhD, DLitt)<\/strong><\/p>\n<p>Francisco L\u00f3pez Mu\u00f1oz es Licenciado en Medicina y Cirug\u00eda (1988), Doctor en Medicina y Premio Extraordinario de Doctorado (1993) por la Universidad Complutense de Madrid (UCM), especialista en Medicina Farmac\u00e9utica (1996) y Doctor en Lengua Espa\u00f1ola y Literatura por la Universidad de Alcal\u00e1 (2015).<\/p>\n<p>En la actualidad es Profesor Titular de Farmacolog\u00eda,\u00a0Director de la Escuela Internacional de Doctorado\u00a0y Adjunto a la Consejer\u00eda-Direcci\u00f3n de Profesorado de la Universidad Camilo Jos\u00e9 Cela.<\/p>\n<p>Sus principales l\u00edneas de investigaci\u00f3n se han centrado en el \u00e1mbito de las Neurociencias: las bases neurobiol\u00f3gicas de las drogodependencias y de la patolog\u00eda dual, las interacciones medicamentosas de los psicof\u00e1rmacos, la neurobiolog\u00eda de la agresividad, las t\u00e9cnicas bibliom\u00e9tricas aplicadas a las disciplinas neuropsiqui\u00e1tricas, los tratamientos de combinaci\u00f3n en pacientes con trastornos depresivos y psic\u00f3ticos y la historia de la psicofarmacolog\u00eda y las neurociencias. Cuenta con distintos Premios y reconocimientos a su labor investigadora.<\/p>\n<p>Inici\u00f3 su trayectoria docente, investigadora y de gesti\u00f3n en el Departamento de Biolog\u00eda Celular de la Facultad de Medicina de la UCM, en el \u00e1mbito de la neurohistolog\u00eda, y posteriormente, desde 1992 en la Industria Farmac\u00e9utica (Juste, S.A.Q.F.), como Director M\u00e9dico, y desde 1996 en el Departamento de Farmacolog\u00eda de la Universidad de Alcal\u00e1 (UAH) como profesor honor\u00edfico investigador, trabajando fundamentalmente en el campo de la neuropsicofarmacolog\u00eda.<\/p>\n<p>En la actualidad, es miembro del Instituto de Investigaci\u00f3n Hospital 12 de Octubre de Madrid (2013 ) y del PortucalenseInstitute of Neuropsychology (INPP) de la Universidade Portucalense Infante Dom Henrique de Oporto, Portugal (2015). Desde marzo de 2016 es Presidente del Comit\u00e9 de \u00c9tica de la Investigaci\u00f3n de la Universidad Camilo Jos\u00e9 Cela (CEI-UCJC).<\/p>\n<p>Es editor de 12 tratados (entre los que cabe mencionar la \u201cHistoria de la Psicofarmacolog\u00eda\u201d, en tres vol\u00famenes, editada por Editorial M\u00e9dica Panamericana \u2013 recientemente editada en ingl\u00e9s por NPP Books, Arlington, USA-, y \u201cNeurobiology of Depression\u201d, de la prestigiosa serie Frontiers in Neuroscience, 2012), autor de 12 libros y de 205 cap\u00edtulos de libros relacionados con la psicofarmacolog\u00eda y otros campos de la farmacolog\u00eda y la neurociencia (44 de ellos en ediciones internacionales). \u00a0Cuenta con 130 publicaciones en revistas internacionales con factor impacto, y m\u00e1s de 190 en revistas del \u00e1mbito espa\u00f1ol e hispanoamericano.\u00a0\u00a0Acad\u00e9mico de N\u00famero de la Real Academia de Doctores, Acad\u00e9mico Correspondiente de la Real Academia de Medicina y Cirug\u00eda de C\u00e1diz.<\/p>\n<p>&nbsp;<\/p>\n<div style=\"width: 100%; text-align: left;\">\n<div style=\"font-family: Helvetica, Arial; font-size: 10px; padding: 5px 0 5px; margin: 2px; width: 100%; text-align: left;\"><a class=\"powered-by-eb\" style=\"color: #dddddd; text-decoration: none;\" href=\"http:\/\/www.eventbrite.es\/r\/etckt\" target=\"_blank\">Con tecnolog\u00eda de Eventbrite<\/a><\/div>\n<\/div>\n","protected":false},"excerpt":{"rendered":"<p>Encuentros con lo Sutil 50#. Estimados amigos: El pr\u00f3ximo viernes\u00a06 de mayo a las 20,00 horas tendremos ocasi\u00f3n de charlar sobre uno de los temas m\u00e1s pol\u00e9micos e interesantes de la relaci\u00f3n entre poder, farmacolog\u00eda y psiquiatr\u00eda.\u00a0 Para ello contaremos con la presencia del doctor e investigador Francisco L\u00f3pez Mu\u00f1oz. De acuerdo con las palabras [&hellip;]<\/p>\n","protected":false},"author":1,"featured_media":0,"comment_status":"open","ping_status":"open","sticky":false,"template":"","format":"standard","meta":[],"categories":[1],"tags":[198,6,199,201,200,197,196],"_links":{"self":[{"href":"https:\/\/www.encuentrosconlosutil.com\/index.php?rest_route=\/wp\/v2\/posts\/1409"}],"collection":[{"href":"https:\/\/www.encuentrosconlosutil.com\/index.php?rest_route=\/wp\/v2\/posts"}],"about":[{"href":"https:\/\/www.encuentrosconlosutil.com\/index.php?rest_route=\/wp\/v2\/types\/post"}],"author":[{"embeddable":true,"href":"https:\/\/www.encuentrosconlosutil.com\/index.php?rest_route=\/wp\/v2\/users\/1"}],"replies":[{"embeddable":true,"href":"https:\/\/www.encuentrosconlosutil.com\/index.php?rest_route=%2Fwp%2Fv2%2Fcomments&post=1409"}],"version-history":[{"count":9,"href":"https:\/\/www.encuentrosconlosutil.com\/index.php?rest_route=\/wp\/v2\/posts\/1409\/revisions"}],"predecessor-version":[{"id":1521,"href":"https:\/\/www.encuentrosconlosutil.com\/index.php?rest_route=\/wp\/v2\/posts\/1409\/revisions\/1521"}],"wp:attachment":[{"href":"https:\/\/www.encuentrosconlosutil.com\/index.php?rest_route=%2Fwp%2Fv2%2Fmedia&parent=1409"}],"wp:term":[{"taxonomy":"category","embeddable":true,"href":"https:\/\/www.encuentrosconlosutil.com\/index.php?rest_route=%2Fwp%2Fv2%2Fcategories&post=1409"},{"taxonomy":"post_tag","embeddable":true,"href":"https:\/\/www.encuentrosconlosutil.com\/index.php?rest_route=%2Fwp%2Fv2%2Ftags&post=1409"}],"curies":[{"name":"wp","href":"https:\/\/api.w.org\/{rel}","templated":true}]}}