{"id":1374,"date":"2016-03-08T19:49:04","date_gmt":"2016-03-08T19:49:04","guid":{"rendered":"http:\/\/www.encuentrosconlosutil.com\/?p=1374"},"modified":"2016-10-05T21:30:14","modified_gmt":"2016-10-05T21:30:14","slug":"encuentro-con-jaime-buhigas","status":"publish","type":"post","link":"https:\/\/www.encuentrosconlosutil.com\/?p=1374","title":{"rendered":"ENCUENTRO CON JAIME BUHIGAS. LO SIMB\u00d3LICO, LO IMAGINARIO Y LO REAL"},"content":{"rendered":"<p><span style=\"color: #333333;\"><strong><em>Encuentros con lo Sutil 48#.<\/em><\/strong><\/span><\/p>\n<p>Estimados amigos:<\/p>\n<p>El pr\u00f3ximo jueves<strong>\u00a017 de marzo a las 20,00 horas<\/strong> recibiremos a nuestro invitado\u00a0<strong>Jaime Buhigas:\u00a0<\/strong>buscador,\u00a0\u00a0Investigador de lo simb\u00f3lico, director de escena, escritor y profesor.<\/p>\n<p><strong>\u00a0Jaime Buhigas conversar\u00e1 con Javier Esteban <\/strong>\u00a0sobre la iniciaci\u00f3n, lo simb\u00f3lico, lo imaginario y lo real, las geometr\u00eda divina y las religiones , el viaje del h\u00e9roe y los laberintos en el camino de la conciencia.<\/p>\n<p>Despu\u00e9s, se realizar\u00e1 un coloquio con el p\u00fablico.<\/p>\n<p><a href=\"http:\/\/www.encuentrosconlosutil.com\/wp-content\/uploads\/2016\/03\/69824341-3a5e-4cf8-8cf0-c6bf7efe95d7.bmp\"><img loading=\"lazy\" class=\"  wp-image-1376 alignleft\" src=\"http:\/\/www.encuentrosconlosutil.com\/wp-content\/uploads\/2016\/03\/69824341-3a5e-4cf8-8cf0-c6bf7efe95d7.bmp\" alt=\"69824341-3a5e-4cf8-8cf0-c6bf7efe95d7\" width=\"432\" height=\"606\" \/><\/a><\/p>\n<p>&nbsp;<\/p>\n<p>&nbsp;<\/p>\n<p>&nbsp;<\/p>\n<p>&nbsp;<\/p>\n<p>&nbsp;<\/p>\n<p>&nbsp;<\/p>\n<p>&nbsp;<\/p>\n<p>&nbsp;<\/p>\n<p>&nbsp;<\/p>\n<p>&nbsp;<\/p>\n<p>&nbsp;<\/p>\n<p>&nbsp;<\/p>\n<p>&nbsp;<\/p>\n<p>&nbsp;<\/p>\n<p>&nbsp;<\/p>\n<p><strong>Jaime Buhigas Tallon;<\/strong>\u00a0investigador de lo simb\u00f3lico<strong>, <\/strong>dibujante, director de escena y escritor,<strong>\u00a0<\/strong>\u00a0es el tercero de cuatro hermanos varones. De su padre ha heredado la vocaci\u00f3n docente, el instinto teatral y la sangre asturiana. De su madre, la destreza manual, el ingenio improvisado y la sangre francesa. Tras estudiar arquitectura en Madrid, gan\u00f3 una beca Fulbright con la que se form\u00f3 como director de escena en Chicago (Illinois).\u00a0Investigador de la Geometr\u00eda Sagrada, est\u00e1 especializado en la secci\u00f3n \u00e1urea y la simbolog\u00eda pitag\u00f3rica.\u00a0Es autor de los libros \u00abLa divina geometr\u00eda\u00bb y \u00abLaberintos\u00bb. Como profesor, imparte cursos relacionados con el teatro, mitolog\u00eda comparada, simbolog\u00eda geom\u00e9trica, dibujo y creatividad. Como artista es director de varias compa\u00f1\u00edas de teatro, dibujante, ilustrador y escritor de numerosos textos dram\u00e1ticos, entre los que destacamos el libreto de la \u00f3pera\u00a0<em>Altisidora<\/em>.\u00a0Es fundador del movimiento de renovaci\u00f3n pedag\u00f3gica \u00abAprendemos todos: por una educaci\u00f3n mejor\u00bb.Es adicto a los Caminos de Santiago y cree profundamente que el mundo es de los viandantes y por eso no sabe conducir. Cumpli\u00f3 33 a\u00f1os en Jerusal\u00e9n y 39 en Etiop\u00eda. Detesta las fiestas sorpresa y los pantalones vaqueros. Adora los mapas y si volviera a nacer se har\u00eda, sin lugar a dudas, m\u00fasico. Sus h\u00e9roes, al igual que \u00e9l, tienen la nariz grande: Don Quijote, Cyrano de Bergerac y la Madre Teresa de Calcuta.<\/p>\n<div style=\"width: 100%; text-align: left;\"><\/div>\n<div><\/div>\n<div><\/div>\n<div><\/div>\n<div><\/div>\n<div><\/div>\n<div><\/div>\n<div>\u00a0<a href=\"http:\/\/www.encuentrosconlosutil.com\/wp-content\/uploads\/2016\/03\/principal-portada-la-divina-geometria-es.jpg\"><img loading=\"lazy\" class=\"  wp-image-1377 alignleft\" src=\"http:\/\/www.encuentrosconlosutil.com\/wp-content\/uploads\/2016\/03\/principal-portada-la-divina-geometria-es.jpg\" alt=\"principal-portada-la-divina-geometria-es\" width=\"424\" height=\"596\" srcset=\"https:\/\/www.encuentrosconlosutil.com\/wp-content\/uploads\/2016\/03\/principal-portada-la-divina-geometria-es.jpg 428w, https:\/\/www.encuentrosconlosutil.com\/wp-content\/uploads\/2016\/03\/principal-portada-la-divina-geometria-es-214x300.jpg 214w\" sizes=\"(max-width: 424px) 100vw, 424px\" \/><\/a><\/div>\n<p>&nbsp;<\/p>\n<p>&nbsp;<\/p>\n","protected":false},"excerpt":{"rendered":"<p>Encuentros con lo Sutil 48#. Estimados amigos: El pr\u00f3ximo jueves\u00a017 de marzo a las 20,00 horas recibiremos a nuestro invitado\u00a0Jaime Buhigas:\u00a0buscador,\u00a0\u00a0Investigador de lo simb\u00f3lico, director de escena, escritor y profesor. \u00a0Jaime Buhigas conversar\u00e1 con Javier Esteban \u00a0sobre la iniciaci\u00f3n, lo simb\u00f3lico, lo imaginario y lo real, las geometr\u00eda divina y las religiones , el viaje [&hellip;]<\/p>\n","protected":false},"author":1,"featured_media":0,"comment_status":"open","ping_status":"open","sticky":false,"template":"","format":"standard","meta":[],"categories":[1],"tags":[34,178,177,36,180,181,179],"_links":{"self":[{"href":"https:\/\/www.encuentrosconlosutil.com\/index.php?rest_route=\/wp\/v2\/posts\/1374"}],"collection":[{"href":"https:\/\/www.encuentrosconlosutil.com\/index.php?rest_route=\/wp\/v2\/posts"}],"about":[{"href":"https:\/\/www.encuentrosconlosutil.com\/index.php?rest_route=\/wp\/v2\/types\/post"}],"author":[{"embeddable":true,"href":"https:\/\/www.encuentrosconlosutil.com\/index.php?rest_route=\/wp\/v2\/users\/1"}],"replies":[{"embeddable":true,"href":"https:\/\/www.encuentrosconlosutil.com\/index.php?rest_route=%2Fwp%2Fv2%2Fcomments&post=1374"}],"version-history":[{"count":12,"href":"https:\/\/www.encuentrosconlosutil.com\/index.php?rest_route=\/wp\/v2\/posts\/1374\/revisions"}],"predecessor-version":[{"id":1524,"href":"https:\/\/www.encuentrosconlosutil.com\/index.php?rest_route=\/wp\/v2\/posts\/1374\/revisions\/1524"}],"wp:attachment":[{"href":"https:\/\/www.encuentrosconlosutil.com\/index.php?rest_route=%2Fwp%2Fv2%2Fmedia&parent=1374"}],"wp:term":[{"taxonomy":"category","embeddable":true,"href":"https:\/\/www.encuentrosconlosutil.com\/index.php?rest_route=%2Fwp%2Fv2%2Fcategories&post=1374"},{"taxonomy":"post_tag","embeddable":true,"href":"https:\/\/www.encuentrosconlosutil.com\/index.php?rest_route=%2Fwp%2Fv2%2Ftags&post=1374"}],"curies":[{"name":"wp","href":"https:\/\/api.w.org\/{rel}","templated":true}]}}