{"id":1356,"date":"2016-02-02T11:30:46","date_gmt":"2016-02-02T11:30:46","guid":{"rendered":"http:\/\/www.encuentrosconlosutil.com\/?p=1356"},"modified":"2016-05-11T07:12:17","modified_gmt":"2016-05-11T07:12:17","slug":"encuentro-con-ramiro-calle-y-proyeccion-del-documental-viaje-a-los-adentros","status":"publish","type":"post","link":"https:\/\/www.encuentrosconlosutil.com\/?p=1356","title":{"rendered":"ENCUENTRO CON RAMIRO CALLE y proyecci\u00f3n del documental Viaje a los adentros."},"content":{"rendered":"<p style=\"text-align: left;\" align=\"center\"><a href=\"http:\/\/www.encuentrosconlosutil.com\/wp-content\/uploads\/2016\/02\/viaje_adentros_3-1.jpg\"><img loading=\"lazy\" class=\"alignnone size-large wp-image-1358\" src=\"http:\/\/www.encuentrosconlosutil.com\/wp-content\/uploads\/2016\/02\/viaje_adentros_3-1-1024x576.jpg\" alt=\"viaje_adentros_3 (1)\" width=\"625\" height=\"352\" srcset=\"https:\/\/www.encuentrosconlosutil.com\/wp-content\/uploads\/2016\/02\/viaje_adentros_3-1-1024x576.jpg 1024w, https:\/\/www.encuentrosconlosutil.com\/wp-content\/uploads\/2016\/02\/viaje_adentros_3-1-300x169.jpg 300w, https:\/\/www.encuentrosconlosutil.com\/wp-content\/uploads\/2016\/02\/viaje_adentros_3-1-624x351.jpg 624w, https:\/\/www.encuentrosconlosutil.com\/wp-content\/uploads\/2016\/02\/viaje_adentros_3-1.jpg 1920w\" sizes=\"(max-width: 625px) 100vw, 625px\" \/><\/a><\/p>\n<p style=\"text-align: left;\" align=\"center\"><b><em>Encuentros con lo sutil 47# .\u00a0<\/em><\/b><\/p>\n<p style=\"text-align: left;\" align=\"center\"><span style=\"color: #000000;\">El pr\u00f3ximo jueves<strong> d\u00eda 25 de febrero<span style=\"color: #ff6600;\"> a las 19. 30 horas<\/span>, en el sal\u00f3n \u00a0de actos del centro Conde Duque<span style=\"color: #ff6600;\">\u00a0 <\/span><\/strong><span style=\"color: #ff6600;\"><span style=\"color: #000000;\"> recibiremos al maestro de Yoga\u00a0<\/span><\/span>\u00a0<b>Ramiro Calle \u00a0<\/b>con motivo del\u00a0 estreno \u00a0del documental sobre su persona \u00a0<strong><em>Viaje a los adentros.\u00a0<\/em><\/strong><\/span><\/p>\n<p style=\"text-align: left;\" align=\"center\"><span style=\"color: #000000;\"><strong><em>Viaje a los adentros<\/em><\/strong>\u00a0ha sido dirigido por\u00a0<strong>Juan S. Betancor y Jos\u00e9 Paz\u00f3<\/strong>, que nos acompa\u00f1ar\u00e1n en una conversaci\u00f3n con Ramiro Calle tras la proyecci\u00f3n documental.<\/span><\/p>\n<p style=\"text-align: left;\" align=\"center\"><span style=\"color: #000000;\">En palabras de sus directores , este documental\u00a0\u00abnos lleva a una b\u00fasqueda de nosotros mismos en el ser a trav\u00e9s de la presencia de Ramiro Calle; \u00a0alguien que no ha hecho sino buscarse a s\u00ed mismo, incesantemente, en cada instante de la existencia.\u00bb<\/span><\/p>\n<p style=\"text-align: left;\" align=\"center\"><span style=\"color: #000000;\"><strong>Nuestros Invitado:\u00a0<\/strong><\/span><\/p>\n<p style=\"text-align: left;\" align=\"center\"><span style=\"color: #000000;\"><strong>Ramiro Calle\u00a0<\/strong>es pionero de la ense\u00f1anza del yoga en Espa\u00f1a, disciplina que imparte desde hace m\u00e1s de 40 a\u00f1os en el centro de Yoga Y Orientalismo <i>\u00abShadak\u00bb<\/i>. Es uno de los m\u00e1s conocidos escritores orientalistas de este pa\u00eds y en Europa. Autor de numerosas obras, ha estudiado en profundidad los efectos terap\u00e9uticos de las psicolog\u00edas orientales y de los aportes de la meditaci\u00f3n al psicoan\u00e1lisis, la psicoterapia y la neurociencia. Ha sido un precursor en las investigaciones m\u00e9dicas sobre la terapia Yoga en Espa\u00f1a, en colaboraci\u00f3n con destacados m\u00e9dicos y especialistas.\u00a0\u00a0Durante 40 a\u00f1os ha explorado, recuperado y aplicado, los m\u00e9todos de sosiego y equilibrio,sintetizando los conocimientos de las psicolog\u00edas de Oriente y Occidente.<\/span><\/p>\n<p style=\"text-align: left;\" align=\"center\"><strong><span style=\"color: #000000;\">El documental:<\/span><\/strong><\/p>\n<p style=\"text-align: left;\" align=\"center\"><em><strong><span style=\"color: #000000;\">Viaje a los adentros.<\/span><\/strong><\/em><\/p>\n<p style=\"text-align: left;\" align=\"center\"><span style=\"color: #000000;\"><span style=\"font-size: 10.5pt; font-family: 'Helvetica','sans-serif';\">Direcci\u00f3n<\/span><span style=\"font-size: 10.5pt; font-family: 'Helvetica','sans-serif';\">:<strong> Juan S. Betancor y Jos\u00e9 Paz\u00f3<\/strong>. M\u00fasica original: <strong>Miguel Ben\u00edtez.<\/strong>\u00a0<\/span><span style=\"font-size: 10.5pt; font-family: 'Helvetica','sans-serif';\">82 minutos. Espa\u00f1a,\u00a0<\/span>2016\u00a0<\/span><\/p>\n<p style=\"text-align: left;\" align=\"center\"><strong><span style=\"color: #000000;\"><span style=\"font-family: 'Helvetica','sans-serif';\">Sinopsis<\/span>:<\/span><\/strong><\/p>\n<p style=\"text-align: left;\" align=\"center\"><span style=\"color: #000000;\">Ramiro Calle es un pionero del yoga en Espa\u00f1a, un viajero por los entresijos de la mente, un practicante de la sanaci\u00f3n del alma, un maestro de la vida en el siglo XXI: \u00abViaje a los adentros, Ramiro Calle\u00bb nos introduce en el otro lado del espejo, y nos lleva a una b\u00fasqueda de nosotros mismos en el ser y las palabras de alguien que no ha hecho sino buscarse a s\u00ed mismo, incesantemente, en cada instante de la existencia.\u00a0Siempre hay una puerta que no es puerta, una palabra que no es palabra, un silencio que no es silencio. En la atenci\u00f3n m\u00e1xima est\u00e1 el vac\u00edo, y en el vac\u00edo estamos todos, solos y acompa\u00f1ados, bailando en la oscuridad. Siempre hay un viaje al fondo del otro que, en realidad, es un viaje al fondo de uno mismo.<\/span><\/p>\n<p><iframe loading=\"lazy\" src=\"https:\/\/www.youtube.com\/embed\/uisS0qtrNEQ\" width=\"560\" height=\"315\" frameborder=\"0\" allowfullscreen=\"allowfullscreen\"><\/iframe><\/p>\n<p><strong><span style=\"color: #000000;\">Las entradas gratuitas se pueden descargar en aqu\u00ed:<\/span><\/strong><\/p>\n<h1><\/h1>\n<p>&nbsp;<\/p>\n<p>&nbsp;<\/p>\n<div style=\"width: 100%; text-align: left;\"><iframe loading=\"lazy\" src=\"\/\/eventbrite.es\/tickets-external?eid=21605778465&amp;ref=etckt\" width=\"100%\" height=\"214\" frameborder=\"0\" marginwidth=\"5\" marginheight=\"5\" scrolling=\"auto\"><\/iframe><\/p>\n<div style=\"font-family: Helvetica, Arial; font-size: 10px; padding: 5px 0 5px; margin: 2px; width: 100%; text-align: left;\"><a class=\"powered-by-eb\" style=\"color: #dddddd; text-decoration: none;\" href=\"http:\/\/www.eventbrite.es\/r\/etckt\" target=\"_blank\">Con tecnolog\u00eda de Eventbrite<\/a><\/div>\n<\/div>\n<p>&nbsp;<\/p>\n<p><span style=\"color: #000000;\">\u00a0<strong>\u00a0<\/strong><\/span><\/p>\n<p><span style=\"color: #000000;\">\u00a0<\/span><\/p>\n","protected":false},"excerpt":{"rendered":"<p>Encuentros con lo sutil 47# .\u00a0 El pr\u00f3ximo jueves d\u00eda 25 de febrero a las 19. 30 horas, en el sal\u00f3n \u00a0de actos del centro Conde Duque\u00a0 recibiremos al maestro de Yoga\u00a0\u00a0Ramiro Calle \u00a0con motivo del\u00a0 estreno \u00a0del documental sobre su persona \u00a0Viaje a los adentros.\u00a0 Viaje a los adentros\u00a0ha sido dirigido por\u00a0Juan S. Betancor [&hellip;]<\/p>\n","protected":false},"author":1,"featured_media":0,"comment_status":"open","ping_status":"open","sticky":false,"template":"","format":"standard","meta":[],"categories":[1],"tags":[186,187,188,185],"_links":{"self":[{"href":"https:\/\/www.encuentrosconlosutil.com\/index.php?rest_route=\/wp\/v2\/posts\/1356"}],"collection":[{"href":"https:\/\/www.encuentrosconlosutil.com\/index.php?rest_route=\/wp\/v2\/posts"}],"about":[{"href":"https:\/\/www.encuentrosconlosutil.com\/index.php?rest_route=\/wp\/v2\/types\/post"}],"author":[{"embeddable":true,"href":"https:\/\/www.encuentrosconlosutil.com\/index.php?rest_route=\/wp\/v2\/users\/1"}],"replies":[{"embeddable":true,"href":"https:\/\/www.encuentrosconlosutil.com\/index.php?rest_route=%2Fwp%2Fv2%2Fcomments&post=1356"}],"version-history":[{"count":12,"href":"https:\/\/www.encuentrosconlosutil.com\/index.php?rest_route=\/wp\/v2\/posts\/1356\/revisions"}],"predecessor-version":[{"id":1443,"href":"https:\/\/www.encuentrosconlosutil.com\/index.php?rest_route=\/wp\/v2\/posts\/1356\/revisions\/1443"}],"wp:attachment":[{"href":"https:\/\/www.encuentrosconlosutil.com\/index.php?rest_route=%2Fwp%2Fv2%2Fmedia&parent=1356"}],"wp:term":[{"taxonomy":"category","embeddable":true,"href":"https:\/\/www.encuentrosconlosutil.com\/index.php?rest_route=%2Fwp%2Fv2%2Fcategories&post=1356"},{"taxonomy":"post_tag","embeddable":true,"href":"https:\/\/www.encuentrosconlosutil.com\/index.php?rest_route=%2Fwp%2Fv2%2Ftags&post=1356"}],"curies":[{"name":"wp","href":"https:\/\/api.w.org\/{rel}","templated":true}]}}