{"id":1313,"date":"2015-11-21T17:01:12","date_gmt":"2015-11-21T17:01:12","guid":{"rendered":"http:\/\/www.encuentrosconlosutil.com\/?p=1313"},"modified":"2016-02-02T11:52:36","modified_gmt":"2016-02-02T11:52:36","slug":"nuevo-libro-sobre-claudio-naranjo-19-de-noviembre-a-la-venta","status":"publish","type":"post","link":"https:\/\/www.encuentrosconlosutil.com\/?p=1313","title":{"rendered":"ENCUENTRO CON CLAUDIO NARANJO. Presentaci\u00f3n de libro."},"content":{"rendered":"<p style=\"text-align: left;\" align=\"center\"><b><em>Encuentros con lo sutil 46#\u00a0<\/em><\/b><\/p>\n<p style=\"text-align: left;\" align=\"center\"><span style=\"color: #000000;\">El pr\u00f3ximo jueves<strong> d\u00eda 10 de diciembre \u00a0a las 20.00 horas <span style=\"color: #000000;\">en el auditorio <\/span><span style=\"color: #ff6600;\"><span style=\"color: #000000;\">de conde duque,\u00a0<\/span><\/span><\/strong>con motivo de la presentaci\u00f3n de su pr\u00f3ximo libro nos visitar\u00e1 <strong>Claudio Naranjo<\/strong>, que estar\u00e1 acompa\u00f1ado por\u00a0Agust\u00edn P\u00e1niker, editor de la obra,\u00a0<\/span><\/p>\n<p style=\"text-align: left;\" align=\"center\"><a href=\"http:\/\/www.encuentrosconlosutil.com\/wp-content\/uploads\/2015\/11\/Cubierta_Claudio_Naranjo-2.jpg\"><img loading=\"lazy\" class=\"  wp-image-1328 aligncenter\" src=\"http:\/\/www.encuentrosconlosutil.com\/wp-content\/uploads\/2015\/11\/Cubierta_Claudio_Naranjo-2-646x1024.jpg\" alt=\"Cubierta_Claudio_Naranjo (2)\" width=\"417\" height=\"661\" srcset=\"https:\/\/www.encuentrosconlosutil.com\/wp-content\/uploads\/2015\/11\/Cubierta_Claudio_Naranjo-2-646x1024.jpg 646w, https:\/\/www.encuentrosconlosutil.com\/wp-content\/uploads\/2015\/11\/Cubierta_Claudio_Naranjo-2-189x300.jpg 189w, https:\/\/www.encuentrosconlosutil.com\/wp-content\/uploads\/2015\/11\/Cubierta_Claudio_Naranjo-2-624x989.jpg 624w, https:\/\/www.encuentrosconlosutil.com\/wp-content\/uploads\/2015\/11\/Cubierta_Claudio_Naranjo-2.jpg 1420w\" sizes=\"(max-width: 417px) 100vw, 417px\" \/><\/a><\/p>\n<p><b>Claudio Naranjo<\/b> se ha convertido en un referente mundial en la <strong>integraci\u00f3n<\/strong> de la psicolog\u00eda occidental y las escuelas espirituales orientales. Ha sido recientemente nominado candidato al Premio Nobel de la Paz en reconocimiento a una vida dedicada a la superaci\u00f3n de la persona y la mejora de la sociedad.<\/p>\n<p>Este libro recoge las ense\u00f1anzas de vida que el gran terapeuta comparte a trav\u00e9s de un di\u00e1logo profundo e integrador con Javier Esteban.\u00a0Naranjo ha sido el ni\u00f1o herido, el joven buscador, el hombre iluminado, maestro de eneagrama, eminente gestaltista, conductor de meditaciones, cham\u00e1n, pulidor de egos, sabio inc\u00f3modo, pedagogo revolucionario y hacedor de puentes entre la tierra y el cielo\u2026<\/p>\n<p>El relato \u00edntimo de estas p\u00e1ginas transita desde la contracultura californiana hasta las cumbres de la meditaci\u00f3n, desde el psicoan\u00e1lisis hasta las plantas maestras, desde la universidad de Berkeley hasta la creaci\u00f3n del SAT, desde la iluminaci\u00f3n hasta la noche oscura del alma, desde la terapia hasta la espiritualidad.<\/p>\n<p><strong>El libro puede ser adquirido en diversas librer\u00edas como Casa del Libro, FNAC, Corte Ingles (centros principales) y librer\u00edas especializadas.<\/strong><\/p>\n<p><strong>\u00a0 M\u00e1s informacion en:<\/strong><\/p>\n<h3><a href=\"http:\/\/javieresteban.info\" target=\"_blank\">www.javieresteban.info<\/a><\/h3>\n<p><strong><a href=\"http:\/\/editorialkairos.com\/catalogo\/claudio-naranjo-la-vida-y-sus-ensenanzas\">http:\/\/editorialkairos.com\/catalogo\/claudio-naranjo-la-vida-y-sus-ensenanzas<\/a><\/strong><\/p>\n<p>&nbsp;<\/p>\n<p style=\"text-align: center;\"><a href=\"http:\/\/www.javieresteban.info\/wp-content\/uploads\/2015\/11\/claudiojavier.png\"><img loading=\"lazy\" class=\"alignnone  wp-image-579\" src=\"http:\/\/www.javieresteban.info\/wp-content\/uploads\/2015\/11\/claudiojavier.png\" alt=\"claudiojavier\" width=\"768\" height=\"432\" \/><\/a>\u00a0 \u00a0 \u00a0 \u00a0 \u00a0 \u00a0 \u00a0 \u00a0 \u00a0 \u00a0 \u00a0 \u00a0 \u00a0 \u00a0 \u00a0 \u00a0 \u00a0 \u00a0<strong> \u00a0 \u00a0[Claudio y Javier Esteban, durante la entrevista para su libro]<\/strong><\/p>\n","protected":false},"excerpt":{"rendered":"<p>Encuentros con lo sutil 46#\u00a0 El pr\u00f3ximo jueves d\u00eda 10 de diciembre \u00a0a las 20.00 horas en el auditorio de conde duque,\u00a0con motivo de la presentaci\u00f3n de su pr\u00f3ximo libro nos visitar\u00e1 Claudio Naranjo, que estar\u00e1 acompa\u00f1ado por\u00a0Agust\u00edn P\u00e1niker, editor de la obra,\u00a0 Claudio Naranjo se ha convertido en un referente mundial en la integraci\u00f3n [&hellip;]<\/p>\n","protected":false},"author":1,"featured_media":0,"comment_status":"open","ping_status":"open","sticky":false,"template":"","format":"standard","meta":[],"categories":[1],"tags":[176,34,175],"_links":{"self":[{"href":"https:\/\/www.encuentrosconlosutil.com\/index.php?rest_route=\/wp\/v2\/posts\/1313"}],"collection":[{"href":"https:\/\/www.encuentrosconlosutil.com\/index.php?rest_route=\/wp\/v2\/posts"}],"about":[{"href":"https:\/\/www.encuentrosconlosutil.com\/index.php?rest_route=\/wp\/v2\/types\/post"}],"author":[{"embeddable":true,"href":"https:\/\/www.encuentrosconlosutil.com\/index.php?rest_route=\/wp\/v2\/users\/1"}],"replies":[{"embeddable":true,"href":"https:\/\/www.encuentrosconlosutil.com\/index.php?rest_route=%2Fwp%2Fv2%2Fcomments&post=1313"}],"version-history":[{"count":16,"href":"https:\/\/www.encuentrosconlosutil.com\/index.php?rest_route=\/wp\/v2\/posts\/1313\/revisions"}],"predecessor-version":[{"id":1365,"href":"https:\/\/www.encuentrosconlosutil.com\/index.php?rest_route=\/wp\/v2\/posts\/1313\/revisions\/1365"}],"wp:attachment":[{"href":"https:\/\/www.encuentrosconlosutil.com\/index.php?rest_route=%2Fwp%2Fv2%2Fmedia&parent=1313"}],"wp:term":[{"taxonomy":"category","embeddable":true,"href":"https:\/\/www.encuentrosconlosutil.com\/index.php?rest_route=%2Fwp%2Fv2%2Fcategories&post=1313"},{"taxonomy":"post_tag","embeddable":true,"href":"https:\/\/www.encuentrosconlosutil.com\/index.php?rest_route=%2Fwp%2Fv2%2Ftags&post=1313"}],"curies":[{"name":"wp","href":"https:\/\/api.w.org\/{rel}","templated":true}]}}