{"id":1303,"date":"2015-10-28T11:05:38","date_gmt":"2015-10-28T11:05:38","guid":{"rendered":"http:\/\/www.encuentrosconlosutil.com\/?p=1303"},"modified":"2015-10-28T12:03:06","modified_gmt":"2015-10-28T12:03:06","slug":"concierto-de-eduardo-laguillo-el-corazon-como-instrumento-musical","status":"publish","type":"post","link":"https:\/\/www.encuentrosconlosutil.com\/?p=1303","title":{"rendered":"ENCUENTRO MUSICAL CON EDUARDO LAGUILLO. El CORAZ\u00d3N COMO INSTRUMENTO MUSICAL."},"content":{"rendered":"<p style=\"text-align: right;\"><a href=\"http:\/\/www.encuentrosconlosutil.com\/wp-content\/uploads\/2015\/10\/maxresdefault.jpg\"><img loading=\"lazy\" class=\"alignnone size-large wp-image-1305\" src=\"http:\/\/www.encuentrosconlosutil.com\/wp-content\/uploads\/2015\/10\/maxresdefault-1024x642.jpg\" alt=\"maxresdefault\" width=\"625\" height=\"392\" srcset=\"https:\/\/www.encuentrosconlosutil.com\/wp-content\/uploads\/2015\/10\/maxresdefault-1024x642.jpg 1024w, https:\/\/www.encuentrosconlosutil.com\/wp-content\/uploads\/2015\/10\/maxresdefault-300x188.jpg 300w, https:\/\/www.encuentrosconlosutil.com\/wp-content\/uploads\/2015\/10\/maxresdefault-624x391.jpg 624w, https:\/\/www.encuentrosconlosutil.com\/wp-content\/uploads\/2015\/10\/maxresdefault.jpg 1054w\" sizes=\"(max-width: 625px) 100vw, 625px\" \/><\/a><\/p>\n<p style=\"text-align: right;\">\u201c El coraz\u00f3n del hombre es un instrumento musical que contiene una m\u00fasica grandiosa . Est\u00e1 dormida, esperando el momento para ser interpretada, expresada, cantada y danzada. Y es a trav\u00e9s del amor como ese momento llega.\u201d<\/p>\n<p style=\"text-align: right;\"><strong> Yalal ad-Din \u00a0Rumi\u00a0<\/strong><\/p>\n<p><em>Encuentros con Lo Sutil# 44.\u00a0<\/em><\/p>\n<p>El pr\u00f3ximo <strong>jueves 5 de noviembre a las 20.00 horas<\/strong>\u00a0 contamos con la presencia\u00a0del m\u00fasico\u00a0<strong>\u00a0Eduardo Laguillo.\u00a0<\/strong>Eduardo nos invita \u00a0a \u00a0cantar, improvisar y vibrar con sus destellos musicales. \u00a0Ser\u00e1 una ocasi\u00f3n para el el gozo y el recuerdo de lo que somos, pero tambi\u00e9n para afinar nuestra percepci\u00f3n y nuestros sentidos.\u00a0Hablaremos con Eduardo \u00a0del misterio de que unos instrumentos y unas voces vibren generando narrativa propia y \u00a0permitiendo cambios en la conciencia.\u00a0Eduardo se encuentra en un proceso creativo \u00a0de una Opera donde el viaje del alma y su relaci\u00f3n con las sombras se pone de manifiesto&#8230;<\/p>\n<p>Nuestro invitado:<\/p>\n<p><a href=\"http:\/\/www.encuentrosconlosutil.com\/wp-content\/uploads\/2015\/10\/laguillo.jpg\"><img loading=\"lazy\" class=\"alignnone  wp-image-1306\" src=\"http:\/\/www.encuentrosconlosutil.com\/wp-content\/uploads\/2015\/10\/laguillo.jpg\" alt=\"laguillo\" width=\"637\" height=\"192\" srcset=\"https:\/\/www.encuentrosconlosutil.com\/wp-content\/uploads\/2015\/10\/laguillo.jpg 408w, https:\/\/www.encuentrosconlosutil.com\/wp-content\/uploads\/2015\/10\/laguillo-300x90.jpg 300w\" sizes=\"(max-width: 637px) 100vw, 637px\" \/><\/a><\/p>\n<p>Eduardo Laguillo es uno de los int\u00e9rpretes, arreglistas y productores m\u00e1s importantes de nuestro pa\u00eds. Ha colaborado estrechamente con los grandes nombres de la m\u00fasica espa\u00f1ola. Comienza a tocar la guitarra de manera autodidacta a los 9 a\u00f1os de edad.<\/p>\n<p>Entre 1974 y 1980 forma, en Barcelona, los grupos \u201cApio\u201d y \u201cUnidad M\u00f3vil\u201d, de rock sinf\u00f3nico y pop respectivamente. Influenciado por los colores y ambientes del Mediterr\u00e1neo, las armon\u00edas polimodales y la m\u00fasica callada de Federico Mompou, compone, entre 1980 y 1986, piezas para piano, tr\u00edos, cuartetos y lieders, de los que cabe destacar una serie de canciones sobre poemas de Joseph von Eichendorff.<\/p>\n<p>En 1990 sale al mercado su primer disco \u201cHay algo en el aire\u201d, editado por Taxi Records, con gran acogida por parte de la cr\u00edtica. \u201cManoa\u201d, es su segundo trabajo en solitario, y en \u00e9l recoge composiciones de 1993 a 1996<\/p>\n<p>A partir de entonces, Laguillo se consolida como uno de los m\u00fasicos espa\u00f1oles m\u00e1s interesantes y de mayor proyecci\u00f3n internacional. En 2007 publica su tercer trabajo discogr\u00e1fico \u201cYa Wadud\u201d con el sello discogr\u00e1fico Nonprofitmusic cuyos beneficios son destinados a la ONG M\u00e9dicos sin fronteras.<\/p>\n<p>Ha colaborado con m\u00fasicos como Gato Perez, Sisa, Luis Eduardo Aute, Pablo Guerrero, Suso Saiz, Javier Paxari\u00f1o, Radio Tarifa , Eliseo Parra\u2026ha escrito m\u00fasica para la compa\u00f1\u00eda de teatro Dagoll Dagom, para la compa\u00f1\u00eda Ib\u00e9rica de Danza\u2026<\/p>\n<p>Desde 1989, movido por una sed de crecimiento interior, viaja asiduamente a la India, donde estudia m\u00fasica cl\u00e1sica india con S.B. Shrivastava. En 1995 se inicia en Calcuta en el sarod (instrumento indio de 25 cuerdas) con Shyamal Nath, disc\u00edpulo del maestro Ali Akbar Khan<\/p>\n<p>En este periodo se interesa profundamente en los ritmos, escalas y modos de dicha m\u00fasica. Desde entonces se ha interesado por el aspecto m\u00e1s curativo y sanador del canto y la interpretaci\u00f3n En su participaci\u00f3n en el Festival presentar\u00e1 un concierto de m\u00fasica original sobre poemas de Rumi y mantras de distintas tradiciones bajo el t\u00edtulo \u201cEl Canto Deseado\u00bb.<\/p>\n<p>Desde hace a\u00f1os, Eduardo ense\u00f1a canto en su escuela de voz y act\u00faa en diversos festivales y conciertos para despertar el alma.<\/p>\n<p>Actualmente trabaja en una Opera&#8230;<\/p>\n<p>M\u00e1s informaci\u00f3n en:<\/p>\n<h3>\u00a0<a href=\"http:\/\/www.eduardolaguillo.com\">www.eduardolaguillo.com<\/a><\/h3>\n<p>&nbsp;<\/p>\n","protected":false},"excerpt":{"rendered":"<p>\u201c El coraz\u00f3n del hombre es un instrumento musical que contiene una m\u00fasica grandiosa . Est\u00e1 dormida, esperando el momento para ser interpretada, expresada, cantada y danzada. Y es a trav\u00e9s del amor como ese momento llega.\u201d Yalal ad-Din \u00a0Rumi\u00a0 Encuentros con Lo Sutil# 44.\u00a0 El pr\u00f3ximo jueves 5 de noviembre a las 20.00 horas\u00a0 [&hellip;]<\/p>\n","protected":false},"author":1,"featured_media":0,"comment_status":"open","ping_status":"open","sticky":false,"template":"","format":"standard","meta":[],"categories":[1],"tags":[174,5,172,171,173],"_links":{"self":[{"href":"https:\/\/www.encuentrosconlosutil.com\/index.php?rest_route=\/wp\/v2\/posts\/1303"}],"collection":[{"href":"https:\/\/www.encuentrosconlosutil.com\/index.php?rest_route=\/wp\/v2\/posts"}],"about":[{"href":"https:\/\/www.encuentrosconlosutil.com\/index.php?rest_route=\/wp\/v2\/types\/post"}],"author":[{"embeddable":true,"href":"https:\/\/www.encuentrosconlosutil.com\/index.php?rest_route=\/wp\/v2\/users\/1"}],"replies":[{"embeddable":true,"href":"https:\/\/www.encuentrosconlosutil.com\/index.php?rest_route=%2Fwp%2Fv2%2Fcomments&post=1303"}],"version-history":[{"count":6,"href":"https:\/\/www.encuentrosconlosutil.com\/index.php?rest_route=\/wp\/v2\/posts\/1303\/revisions"}],"predecessor-version":[{"id":1311,"href":"https:\/\/www.encuentrosconlosutil.com\/index.php?rest_route=\/wp\/v2\/posts\/1303\/revisions\/1311"}],"wp:attachment":[{"href":"https:\/\/www.encuentrosconlosutil.com\/index.php?rest_route=%2Fwp%2Fv2%2Fmedia&parent=1303"}],"wp:term":[{"taxonomy":"category","embeddable":true,"href":"https:\/\/www.encuentrosconlosutil.com\/index.php?rest_route=%2Fwp%2Fv2%2Fcategories&post=1303"},{"taxonomy":"post_tag","embeddable":true,"href":"https:\/\/www.encuentrosconlosutil.com\/index.php?rest_route=%2Fwp%2Fv2%2Ftags&post=1303"}],"curies":[{"name":"wp","href":"https:\/\/api.w.org\/{rel}","templated":true}]}}