{"id":1240,"date":"2015-09-16T20:01:53","date_gmt":"2015-09-16T20:01:53","guid":{"rendered":"http:\/\/www.encuentrosconlosutil.com\/?p=1240"},"modified":"2015-10-01T04:29:42","modified_gmt":"2015-10-01T04:29:42","slug":"psicoterapia-e-hipnosis-ericksoniana-conferencia-y-taller","status":"publish","type":"post","link":"https:\/\/www.encuentrosconlosutil.com\/?p=1240","title":{"rendered":"PSICOTERAPIA E HIPNOSIS ERICKSONIANA. CONFERENCIA Y TALLER."},"content":{"rendered":"<p>&nbsp;<\/p>\n<p><a href=\"http:\/\/www.encuentrosconlosutil.com\/wp-content\/uploads\/2015\/09\/slide_001.png\"><img loading=\"lazy\" class=\"  wp-image-1242 aligncenter\" src=\"http:\/\/www.encuentrosconlosutil.com\/wp-content\/uploads\/2015\/09\/slide_001-1024x269.png\" alt=\"slide_001\" width=\"766\" height=\"201\" srcset=\"https:\/\/www.encuentrosconlosutil.com\/wp-content\/uploads\/2015\/09\/slide_001-1024x269.png 1024w, https:\/\/www.encuentrosconlosutil.com\/wp-content\/uploads\/2015\/09\/slide_001-300x79.png 300w, https:\/\/www.encuentrosconlosutil.com\/wp-content\/uploads\/2015\/09\/slide_001-624x164.png 624w, https:\/\/www.encuentrosconlosutil.com\/wp-content\/uploads\/2015\/09\/slide_001.png 1920w\" sizes=\"(max-width: 766px) 100vw, 766px\" \/><\/a><\/p>\n<p>&nbsp;<\/p>\n<p><em>Encuentros con Lo Sutil# 41.\u00a0<\/em><\/p>\n<p>El pr\u00f3ximo <strong>jueves 24 de septiembre a las 20.00 horas<\/strong>\u00a0volvemos a nuestros encuentros con el tema de la \u00a0psicoterapia \u00a0y la hipnosis eriksoniana. \u00a0Para ello contaremos con la presencia de Teresa Garc\u00eda S\u00e1nchez, \u00a0fundadora y directora del Instituto Erickson de Madrid,<\/p>\n<p>Teresa nos explica \u00abque nos hablar\u00e1 \u00a0de \u00a0hipnosis y de hipnosis Ericksoniana, de sus diferencias y de la importancia de la psicoterapia Ericksoniana, \u00a0que marca un antes y un despu\u00e9s en la historia de la aplicaci\u00f3n de la hipnosis en cl\u00ednica terap\u00e9utica.\u00bb.<\/p>\n<p>En esta ocasi\u00f3n, <strong>\u00a0nuestra invitada realizar\u00e1 dos demostraciones, una individual y una de grupo<\/strong>\u00a0\u00abpara aquellos que deseen experimentar un breve estado hipn\u00f3tico que les llevar\u00e1 a deshacer por completo los mitos y prejuicios que existen sobre la hipnosis\u00bb<\/p>\n<p>&nbsp;<\/p>\n<p>DESCARGA LAS ENTRADAS NECESARIAS PARA ACCEDER AL ACTO EN ESTE FORMULARIO:<\/p>\n<p>&nbsp;<\/p>\n<h1 style=\"text-align: center;\">\u00a0\u00a0<strong>\u00bfQu\u00e9 es la hipnosis?\u00a0<\/strong><\/h1>\n<p style=\"text-align: center;\"><strong>Por Teresa Garc\u00eda S\u00e1nchez,<\/strong><\/p>\n<div id=\"text\">\n<div id=\"node-14\" class=\"node-page\">\n<div class=\"content clear-block\">\n<p>Es un estado de focalizaci\u00f3n de la atenci\u00f3n consciente con una disociaci\u00f3n moment\u00e1nea que permite acceder a habilidades inconscientes aunque \u00e9stas sean consideradas habitualmente inaccesibles.<\/p>\n<p>Es un estado agradable durante el cual quedan en suspenso las dudas y los temores, es de una gran relajaci\u00f3n corporal y muscular favoreciendo un pensamiento activo y creativo a la vez que permite, como ha sido demostrado con estudios cient\u00edficos, el acceso a funciones habitualmente relegadas al parasimp\u00e1tico o al inconsciente, tales como:<\/p>\n<p>&#8211; Capacidad de controlar la sensaci\u00f3n dolorosa<\/p>\n<p>&#8211; Capacidad de producir hemostasis<\/p>\n<p>&#8211; Capacidad de producir distensi\u00f3n y relajaci\u00f3n<\/p>\n<p>&#8211; Mejor\u00eda de las funciones del Sistema Inmune<\/p>\n<p>&#8211; Gran eficacia para combatir el estado depresivo<\/p>\n<p>&#8211; Capacidad de paliar efectos secundarios de algunas medicaciones<\/p>\n<p>La mayor\u00eda de estos efectos son positivos para el paciente de esclerosis m\u00faltiple y todos han sido probados con numerosos estudios publicados en revistas m\u00e9dicas y de hipnosis. La Cl\u00ednica Mayo en particular, p\u00fablica un meta estudio con 155 referencias justificando el empleo de la hipnosis como coadyuvante en 19 patolog\u00edas distintas.<\/p>\n<h3><\/h3>\n<p style=\"text-align: center;\"><strong>\u00bfQu\u00e9 es hipnosis ericksoniana?<\/strong><\/p>\n<p>El Psiquiatra Milton H. Erickson incorpor\u00f3 la hipnosis al tratamiento psiqui\u00e1trico y al de la medicina. Su aportaci\u00f3n al campo de la hipnosis tiene dos vertientes:<\/p>\n<p>&#8211; Un protocolo hipn\u00f3tico sencillo, amable y sin parafernalia. Parafernalia o ritual que posiblemente la hipnosis cl\u00ednica hab\u00eda heredado de los Magos de Teatro, quienes fueron los que importaron la hipnosis de los faquires de Oriente. A esta NUEVA forma de hacer hipnosis se la llama \u201cNaturalista\u201d y consiste en una mera CONVERSACI\u00d3N sin necesidad de trance profundo.<\/p>\n<p>&#8211; Un estilo o modalidad de psicoterapia totalmente novedoso ya que NO BUSCA EL ORIGEN (o supuesto trauma) del problema sino que orienta a la persona hacia la soluci\u00f3n y NO PRETENDE CAMBIAR LA CONDUCTA solamente con razonamientos e indicaciones, sino MOTIVAR A LA PERSONA y ponerla en contacto con sus PROPIOS RECURSOS para que ella misma produzca los cambios que elija.<\/p>\n<p>Por su facilidad de aplicaci\u00f3n CONVERSACIONAL, sin que a la persona le pueda parecer algo complejo sino un estado NATURAL y por su gran eficacia, la Hipnosis ERICKSONIANA est\u00e1 siendo incorporada a la Hipnosis Cl\u00e1sica en gran medida. Es la forma m\u00e1s sencilla de ayudar a pacientes a aprender a hacerse ellos mismos AUTOHIPNOSIS y a que accedan por ellos mismos a los beneficios de los recursos que poseen.<\/p>\n<\/div>\n<\/div>\n<\/div>\n<p>&nbsp;<\/p>\n<p><strong>Nuestra invitada;<\/strong><\/p>\n<p><a href=\"http:\/\/www.encuentrosconlosutil.com\/wp-content\/uploads\/2015\/09\/descargatersa.jpg\"><img loading=\"lazy\" class=\"alignnone  wp-image-1244\" src=\"http:\/\/www.encuentrosconlosutil.com\/wp-content\/uploads\/2015\/09\/descargatersa.jpg\" alt=\"descargatersa\" width=\"291\" height=\"336\" \/><\/a><\/p>\n<p><strong>Teresa Garc\u00eda S\u00e1nchez\u00a0<\/strong><\/p>\n<p>Es fundadora y directora del Instituto Erickson Madrid \u00a0y\u00a0representante de la Milton Erickson Foundation en Madrid desde el a\u00f1o 2000.<\/p>\n<p>Teresa ense\u00f1a y practica desde hace m\u00e1s de veinte a\u00f1os la eficacia de la Psicoterapia e Hipnosis\u00a0 Ericksoniana en foros, congresos, universidades y hospitales de 21 pa\u00edses. Teresa ejerce la psicoterapia ericksoniana \u00a0en el tratamiento de diversas dolencias y enfermedades.<\/p>\n<p>Entre sus especialidades destacan los tratamientos y cursos en:<\/p>\n<p>&#8211; Ansiedad \u00a0y fobias<\/p>\n<p>&#8211; Autoestima y consecuci\u00f3n de Metas Tabaquismo<\/p>\n<p>&#8211; Obesidad.<\/p>\n<p>&#8211; Control del dolor. Preparaci\u00f3n al parto<\/p>\n<p>&#8211; Enfermos paliativos. Duelo<\/p>\n<p>&#8211; Crisis existencial<\/p>\n<p>Es autora de m\u00faltiples ponencias y publicaciones, como su reciente libro sobre<a href=\"https:\/\/www.elcorteingles.es\/libros\/libro\/hipnosis-de-milton-erickson-9788494234866\" target=\"_blank\"> la Hipnosis de Milton Erickso<\/a>n.<\/p>\n<p>Ha sido incluida en el cuadro de la Influencia de Milton Erickson \u00a0presentado por Jeff Zeig PhD (2011) como Neo-Ericksoniana, \u00a0junto con 22 terapeutas que fueron disc\u00edpulos directos del Dr. Erickson entre los cuales est\u00e1n sus propias hijas.<\/p>\n<p>Forma parte de los invitados permanentes (Invited Faculty Member) del International Ericksonian Congress in Phoenix, \u00a0donde comparte presentaciones y trabajos con ponentes de primera fila en el campo de la \u00a0hipnosis como B. Erickson, R. Erickson, C. Loriedo, E. Rossi, M. Yapko y J. Zeig.<\/p>\n<p>Licenciada en Ciencias de la Comunicaci\u00f3n,\u00a0M\u00e1ster en Psicoterapia,\u00a0Especialista en Asesoramiento Psicol\u00f3gico Individual y de Grupo por la Universidad de Comillas y\u00a0M\u00e1ster en Psicoterapia e Hipnosis Ericksoniana ha sido galardonada por su labor en el campo de la Psicoterapia en Londres por The National college Student and Alumni Guild.<\/p>\n<p>&nbsp;<\/p>\n<p>Nos vemos el jueves.<\/p>\n<p><em>Javier Esteban<\/em><\/p>\n<p>&nbsp;<\/p>\n<p>&nbsp;<\/p>\n<p>&nbsp;<\/p>\n","protected":false},"excerpt":{"rendered":"<p>&nbsp; &nbsp; Encuentros con Lo Sutil# 41.\u00a0 El pr\u00f3ximo jueves 24 de septiembre a las 20.00 horas\u00a0volvemos a nuestros encuentros con el tema de la \u00a0psicoterapia \u00a0y la hipnosis eriksoniana. \u00a0Para ello contaremos con la presencia de Teresa Garc\u00eda S\u00e1nchez, \u00a0fundadora y directora del Instituto Erickson de Madrid, Teresa nos explica \u00abque nos hablar\u00e1 \u00a0de [&hellip;]<\/p>\n","protected":false},"author":1,"featured_media":0,"comment_status":"open","ping_status":"open","sticky":false,"template":"","format":"standard","meta":[],"categories":[1],"tags":[34,161,160,101],"_links":{"self":[{"href":"https:\/\/www.encuentrosconlosutil.com\/index.php?rest_route=\/wp\/v2\/posts\/1240"}],"collection":[{"href":"https:\/\/www.encuentrosconlosutil.com\/index.php?rest_route=\/wp\/v2\/posts"}],"about":[{"href":"https:\/\/www.encuentrosconlosutil.com\/index.php?rest_route=\/wp\/v2\/types\/post"}],"author":[{"embeddable":true,"href":"https:\/\/www.encuentrosconlosutil.com\/index.php?rest_route=\/wp\/v2\/users\/1"}],"replies":[{"embeddable":true,"href":"https:\/\/www.encuentrosconlosutil.com\/index.php?rest_route=%2Fwp%2Fv2%2Fcomments&post=1240"}],"version-history":[{"count":9,"href":"https:\/\/www.encuentrosconlosutil.com\/index.php?rest_route=\/wp\/v2\/posts\/1240\/revisions"}],"predecessor-version":[{"id":1264,"href":"https:\/\/www.encuentrosconlosutil.com\/index.php?rest_route=\/wp\/v2\/posts\/1240\/revisions\/1264"}],"wp:attachment":[{"href":"https:\/\/www.encuentrosconlosutil.com\/index.php?rest_route=%2Fwp%2Fv2%2Fmedia&parent=1240"}],"wp:term":[{"taxonomy":"category","embeddable":true,"href":"https:\/\/www.encuentrosconlosutil.com\/index.php?rest_route=%2Fwp%2Fv2%2Fcategories&post=1240"},{"taxonomy":"post_tag","embeddable":true,"href":"https:\/\/www.encuentrosconlosutil.com\/index.php?rest_route=%2Fwp%2Fv2%2Ftags&post=1240"}],"curies":[{"name":"wp","href":"https:\/\/api.w.org\/{rel}","templated":true}]}}