{"id":1172,"date":"2015-04-28T20:43:13","date_gmt":"2015-04-28T20:43:13","guid":{"rendered":"http:\/\/www.encuentrosconlosutil.com\/?p=1172"},"modified":"2015-06-03T06:21:26","modified_gmt":"2015-06-03T06:21:26","slug":"trabajando-con-nuestro-nino-interior-taller","status":"publish","type":"post","link":"https:\/\/www.encuentrosconlosutil.com\/?p=1172","title":{"rendered":"TRABAJANDO CON NUESTRO NI\u00d1O INTERIOR. TALLER DE CRECIMIENTO PERSONAL"},"content":{"rendered":"<p>&nbsp;<\/p>\n<p><a href=\"http:\/\/www.encuentrosconlosutil.com\/wp-content\/uploads\/2015\/04\/inner-child-work.jpg\"><img loading=\"lazy\" class=\"alignnone size-large wp-image-1178\" src=\"http:\/\/www.encuentrosconlosutil.com\/wp-content\/uploads\/2015\/04\/inner-child-work-1024x678.jpg\" alt=\"inner-child-work\" width=\"625\" height=\"414\" srcset=\"https:\/\/www.encuentrosconlosutil.com\/wp-content\/uploads\/2015\/04\/inner-child-work-1024x678.jpg 1024w, https:\/\/www.encuentrosconlosutil.com\/wp-content\/uploads\/2015\/04\/inner-child-work-300x199.jpg 300w, https:\/\/www.encuentrosconlosutil.com\/wp-content\/uploads\/2015\/04\/inner-child-work-624x413.jpg 624w, https:\/\/www.encuentrosconlosutil.com\/wp-content\/uploads\/2015\/04\/inner-child-work.jpg 1200w\" sizes=\"(max-width: 625px) 100vw, 625px\" \/><\/a><\/p>\n<p><em>Encuentros con lo sutil #38<\/em><\/p>\n<p>El pr\u00f3ximo jueves <strong>21 de Mayo, a las 20 horas<\/strong>, <strong>Marcela \u00c7aldumbide<\/strong>, con la colaboraci\u00f3n de <strong>Ainhoa Uribe<\/strong> realizar\u00e1n un taller dirigido a trabajar con nuestro ni\u00f1o interior.<\/p>\n<p>Ambas forman parte de el equipo de <a href=\"http:\/\/www.eljuegodeconocerse.com\" target=\"_blank\">el juego de conocerse<\/a>, asociaci\u00f3n pedag\u00f3gica para el desarrollo de la personalidad y la educaci\u00f3n de las emociones. Dicha asociaci\u00f3n realiza talleres en diversos colegios y fundaciones.<\/p>\n<p>En palabras de Marcela \u00bb os proponemos jugar a conocer a vuestro ni\u00f1o interior, tratando de dar luz al amor incondicional para vivir una experiencia de simpat\u00eda, dej\u00e1ndonos fluir desde la aceptaci\u00f3n el respeto y la confianza\u00bb.<\/p>\n<p>Para ello utilizar\u00e1n la relajaci\u00f3n, la atenci\u00f3n plena, el juego y otras din\u00e1micas de expresi\u00f3n.<\/p>\n<p><span style=\"color: #ff0000;\">AVISO IMPORTANTE: POR ERRATA, EN LAS ENTRADAS DEL ACTO DEC\u00cdA QUE COMIENZA EL D\u00cdA 22, PERO EL ACTO ES EL JUEVES D\u00cdA 21, COMO ANUNCIAMOS. El error ha sido ya corregido. Os esperamos a todos. Disculpen las molestias.\u00a0<\/span><\/p>\n<p>Nuestra invitada:<\/p>\n<p><a href=\"http:\/\/www.encuentrosconlosutil.com\/wp-content\/uploads\/2013\/09\/P1010034grande.jpg\"><img loading=\"lazy\" class=\"  wp-image-450 alignleft\" src=\"http:\/\/www.encuentrosconlosutil.com\/wp-content\/uploads\/2013\/09\/P1010034grande.jpg\" alt=\"P1010034grande\" width=\"228\" height=\"304\" srcset=\"https:\/\/www.encuentrosconlosutil.com\/wp-content\/uploads\/2013\/09\/P1010034grande.jpg 480w, https:\/\/www.encuentrosconlosutil.com\/wp-content\/uploads\/2013\/09\/P1010034grande-225x300.jpg 225w\" sizes=\"(max-width: 228px) 100vw, 228px\" \/><\/a><\/p>\n<p><strong>Marcela \u00c7aldumbide Ram\u00edrez<\/strong> ha desarrollado su carrera profesional como psic\u00f3loga humanista y mediadora especializada en la infancia y la familia.<\/p>\n<p>Su extensa formaci\u00f3n como terapeuta Gestalt se ha completado con numerosos cursos y talleres como mediadora y con un M\u00e1ster en humanidades.<\/p>\n<p>Desde hace a\u00f1os viene realizando con gran \u00e9xito talleres de autoconocimiento para alumnos de primaria en varios colegios de Madrid. En ellos ha puesto en pr\u00e1ctica su formaci\u00f3n y \u00a0sensibilidad como pedagoga, desarrollando conclusiones y ense\u00f1anzas propias.<\/p>\n<p>Asociada a otros profesionales de la educaci\u00f3n y la psicolog\u00eda, ha fundado <em>El juego de conocerse<\/em>: una asociaci\u00f3n sin \u00e1nimo de lucro especializada en la realizaci\u00f3n de talleres infantiles encaminados a la educaci\u00f3n emocional y la resoluci\u00f3n de conflictos.<\/p>\n<p>Por otra parte, Marcela Caldumbide ejerce como terapeuta especializada en la mediaci\u00f3n entre padres e hijos. Asimismo, imparte formaci\u00f3n para profesores tutores y terapeutas.<\/p>\n<p>Es responsable actualmente de la Comisi\u00f3n de educaci\u00f3n dela escuela de formaci\u00f3n de formaci\u00f3n psicol\u00f3gica humanista Equipo Centro; miembro de la Asociaci\u00f3n Europea de Terapeutas Gest\u00e1lticos y colaboradora de la Fundaci\u00f3n Claudio Naranjo.<\/p>\n<p>Autora de diversos art\u00edculos y ponencias sobre pedagog\u00eda e infancia; su libro <em><strong><a title=\"\u00abEl juego de conocerse\u00bb, de Marcela \u00c7aldumbide (Pr\u00f3logo)\" href=\"http:\/\/www.eljuegodeconocerse.com\/el-juego-de-conocerse-de-marcela-caldumbide\/\" target=\"_blank\">El Juego de Conocerse<\/a><\/strong><\/em> (Ed. Manuscritos) recoge sus talleres y experiencias con alumnos de primaria.<\/p>\n<p>Colabora:<\/p>\n<p><strong>Ainhoa Uribe<\/strong> es Licenciada en Psicolog\u00eda por la Universidad Aut\u00f3noma de Madrid, M\u00e1ster Universitario por la Universidad Pontificia de Comillas como psicoterapeuta individual y de grupo de orientaci\u00f3n humanista.<\/p>\n<p>Especializada en psicoterapia infantil gest\u00e1ltica, a nivel profesional su trabajo se ha centrado en orientaci\u00f3n escolar y apoyo a los ni\u00f1os con necesidades educativas especiales y retrasos en el aprendizaje as\u00ed como en terapias alternativas de estimulaci\u00f3n y tratamiento que potencian el desarrollo neuro-senso-psicomotriz del ni\u00f1o desde el nacimiento hasta la adolescencia. Es coordinadora del gabinete de psicolog\u00eda infantil AITTA<\/p>\n<p>Enlaces:<\/p>\n<p><a href=\"http:\/\/www.eljuegodeconocerse.com\" target=\"_blank\">www.eljuegodeconocerse.co<\/a>m:<\/p>\n<div style=\"width: 100%; padding-top: 64%; position: relative; border-bottom: 1px solid #aaa; display: inline-block; background: rgba(255,255,255,0.9);\">\n<p><iframe loading=\"lazy\" style=\"width: 100%; height: 90%; position: absolute; left: 0; top: 0; overflow: hidden;\" src=\"http:\/\/www.rtve.es\/drmn\/embed\/video\/2214937\" name=\"La Aventura del Saber. Marcela \u00c7aldumbide\" width=\"300\" height=\"150\" frameborder=\"0\" scrolling=\"no\"><\/iframe><\/p>\n<div style=\"position: absolute; bottom: 0; left: 0; font-family: arial,helvetica,sans-serif; font-size: 12px; line-height: 1.833; display: inline-block; padding: 5px 0 5px 10px;\"><span style=\"float: left; margin-right: 10px;\"><img style=\"height: 20px; width: auto; background: transparent; padding: 0; margin: 0;\" src=\"http:\/\/img.irtve.es\/css\/rtve.commons\/rtve.header.footer\/i\/logoRTVEes.png\" alt=\"\" \/><\/span> <a style=\"color: #333; font-weight: bold;\" title=\"La Aventura del Saber. Marcela \u00c7aldumbide\" href=\"http:\/\/www.rtve.es\/alacarta\/videos\/la-aventura-del-saber\/aventura-del-saber-marcela-caldumbide\/2214937\/\"><strong>La Aventura del Saber. Marcela \u00c7aldumbide<\/strong><\/a><\/div>\n<\/div>\n<div style=\"width: 100%; text-align: left;\">\n<p>ENTRADAS GRATUITAS:<\/p>\n<p><iframe loading=\"lazy\" src=\"\/\/eventbrite.es\/tickets-external?eid=16927733306&amp;ref=etckt\" width=\"100%\" height=\"214\" frameborder=\"0\" marginwidth=\"5\" marginheight=\"5\" scrolling=\"auto\"><\/iframe><\/p>\n<div style=\"font-family: Helvetica, Arial; font-size: 10px; padding: 5px 0 5px; margin: 2px; width: 100%; text-align: left;\"><a class=\"powered-by-eb\" style=\"color: #dddddd; text-decoration: none;\" href=\"http:\/\/www.eventbrite.es\/r\/etckt\" target=\"_blank\">Con tecnolog\u00eda de Eventbrite<\/a><\/div>\n<\/div>\n","protected":false},"excerpt":{"rendered":"<p>&nbsp; Encuentros con lo sutil #38 El pr\u00f3ximo jueves 21 de Mayo, a las 20 horas, Marcela \u00c7aldumbide, con la colaboraci\u00f3n de Ainhoa Uribe realizar\u00e1n un taller dirigido a trabajar con nuestro ni\u00f1o interior. Ambas forman parte de el equipo de el juego de conocerse, asociaci\u00f3n pedag\u00f3gica para el desarrollo de la personalidad y la [&hellip;]<\/p>\n","protected":false},"author":1,"featured_media":0,"comment_status":"open","ping_status":"open","sticky":false,"template":"","format":"standard","meta":[],"categories":[1],"tags":[150,148,149,146,147],"_links":{"self":[{"href":"https:\/\/www.encuentrosconlosutil.com\/index.php?rest_route=\/wp\/v2\/posts\/1172"}],"collection":[{"href":"https:\/\/www.encuentrosconlosutil.com\/index.php?rest_route=\/wp\/v2\/posts"}],"about":[{"href":"https:\/\/www.encuentrosconlosutil.com\/index.php?rest_route=\/wp\/v2\/types\/post"}],"author":[{"embeddable":true,"href":"https:\/\/www.encuentrosconlosutil.com\/index.php?rest_route=\/wp\/v2\/users\/1"}],"replies":[{"embeddable":true,"href":"https:\/\/www.encuentrosconlosutil.com\/index.php?rest_route=%2Fwp%2Fv2%2Fcomments&post=1172"}],"version-history":[{"count":16,"href":"https:\/\/www.encuentrosconlosutil.com\/index.php?rest_route=\/wp\/v2\/posts\/1172\/revisions"}],"predecessor-version":[{"id":1218,"href":"https:\/\/www.encuentrosconlosutil.com\/index.php?rest_route=\/wp\/v2\/posts\/1172\/revisions\/1218"}],"wp:attachment":[{"href":"https:\/\/www.encuentrosconlosutil.com\/index.php?rest_route=%2Fwp%2Fv2%2Fmedia&parent=1172"}],"wp:term":[{"taxonomy":"category","embeddable":true,"href":"https:\/\/www.encuentrosconlosutil.com\/index.php?rest_route=%2Fwp%2Fv2%2Fcategories&post=1172"},{"taxonomy":"post_tag","embeddable":true,"href":"https:\/\/www.encuentrosconlosutil.com\/index.php?rest_route=%2Fwp%2Fv2%2Ftags&post=1172"}],"curies":[{"name":"wp","href":"https:\/\/api.w.org\/{rel}","templated":true}]}}