{"id":1110,"date":"2015-03-15T11:14:28","date_gmt":"2015-03-15T11:14:28","guid":{"rendered":"http:\/\/www.encuentrosconlosutil.com\/?p=1110"},"modified":"2015-05-11T07:25:02","modified_gmt":"2015-05-11T07:25:02","slug":"emociones-cuerpo-y-cerebro","status":"publish","type":"post","link":"https:\/\/www.encuentrosconlosutil.com\/?p=1110","title":{"rendered":"EMOCIONES, CUERPO y CEREBRO."},"content":{"rendered":"<p>&nbsp;<\/p>\n<p><a href=\"http:\/\/www.encuentrosconlosutil.com\/wp-content\/uploads\/2015\/03\/listen-to-your-body2.jpg\"><img loading=\"lazy\" class=\"alignnone size-large wp-image-1127\" src=\"http:\/\/www.encuentrosconlosutil.com\/wp-content\/uploads\/2015\/03\/listen-to-your-body2-1024x1024.jpg\" alt=\"listen-to-your-body2\" width=\"625\" height=\"625\" srcset=\"https:\/\/www.encuentrosconlosutil.com\/wp-content\/uploads\/2015\/03\/listen-to-your-body2-1024x1024.jpg 1024w, https:\/\/www.encuentrosconlosutil.com\/wp-content\/uploads\/2015\/03\/listen-to-your-body2-150x150.jpg 150w, https:\/\/www.encuentrosconlosutil.com\/wp-content\/uploads\/2015\/03\/listen-to-your-body2-300x300.jpg 300w, https:\/\/www.encuentrosconlosutil.com\/wp-content\/uploads\/2015\/03\/listen-to-your-body2-624x624.jpg 624w, https:\/\/www.encuentrosconlosutil.com\/wp-content\/uploads\/2015\/03\/listen-to-your-body2.jpg 1200w\" sizes=\"(max-width: 625px) 100vw, 625px\" \/><\/a><\/p>\n<p>&nbsp;<\/p>\n<p><strong><em>Encuentros con lo Sutil 35#<\/em><\/strong><\/p>\n<p>El pr\u00f3ximo d\u00eda\u00a0<strong>26 de marzo, jueves, a las 20.00 horas,<\/strong>\u00a0contaremos con la presencia de<strong> Marino Mart\u00edn<\/strong>, experto en salud emocional y corporal.<\/p>\n<p>Marino nos explicar\u00e1 de un modo pedag\u00f3gico y pr\u00e1ctico \u00a0en qu\u00e9 medida las emociones influyen sobre la toma de decisiones importantes y c\u00f3mo la\u00a0incongruencia de lo que sentimos, pensamos y hacemos \u00a0puede hacer que \u00a0se produzca\u00a0un stress continuo en nuestro sistema nervioso, produciendo\u00a0 consecuencias graves para nuestro organismo.<\/p>\n<p>Marino disertar\u00e1 sobre c\u00f3mo podemos tratar de enfocar nuestra vida hacia la salud emocional y corporal, alej\u00e1ndonos de las enfermedades de origen emocional.\u00a0Para ello, explicar\u00e1 c\u00f3mo debemos escuchar al cuerpo y de qu\u00e9 manera nos avisa.<\/p>\n<p>&nbsp;<\/p>\n<p>Nuestro invitado:<\/p>\n<p><a href=\"http:\/\/www.encuentrosconlosutil.com\/wp-content\/uploads\/2015\/03\/FullSizeRender-1.jpg\"><img loading=\"lazy\" class=\"  wp-image-1125 aligncenter\" src=\"http:\/\/www.encuentrosconlosutil.com\/wp-content\/uploads\/2015\/03\/FullSizeRender-1-768x1024.jpg\" alt=\"FullSizeRender (1)\" width=\"325\" height=\"433\" srcset=\"https:\/\/www.encuentrosconlosutil.com\/wp-content\/uploads\/2015\/03\/FullSizeRender-1-768x1024.jpg 768w, https:\/\/www.encuentrosconlosutil.com\/wp-content\/uploads\/2015\/03\/FullSizeRender-1-225x300.jpg 225w, https:\/\/www.encuentrosconlosutil.com\/wp-content\/uploads\/2015\/03\/FullSizeRender-1-624x832.jpg 624w, https:\/\/www.encuentrosconlosutil.com\/wp-content\/uploads\/2015\/03\/FullSizeRender-1.jpg 1224w\" sizes=\"(max-width: 325px) 100vw, 325px\" \/><\/a><\/p>\n<div>\n<p><strong>Marino Martin Gutierrez<\/strong> comienza su andadura profesional en el a\u00f1o 1985. Diplomado en Acupuntura, al finalizar los estudios viaj\u00f3 a Vietnam, donde realizo en la Facultad de Medicina de Ho-Chi-Minh un Master de Medicina Tradicional Vietnamita, haciendo pr\u00e1cticas en diferentes hospitales.<\/p>\n<p>Contin\u00fao su formaci\u00f3n y lleg\u00f3 a diplomarse en Osteopat\u00eda Estructural, Craneal y Visceral en la Escuela Francesa (I.E.T.A)<\/p>\n<p>Se diplom\u00f3 en Kinesiolog\u00eda Hol\u00edstica con la ayuda inestimable del profesor Rafael Van Asshe, pionero de esta disciplina en Espa\u00f1a y ha profundizado en el estudio de la Kinesiolog\u00eda hasta convertirse en instructor y, desde entonces, se dedica a impartir cursos por toda Espa\u00f1a.<\/p>\n<p>Para completar su formaci\u00f3n, realiz\u00f3 estudios en Grafoterapia, Naturopatia y Homeopat\u00eda y se titul\u00f3 como Especialista Universitario de Asesoramiento Psicol\u00f3gico de Orientaci\u00f3n Gest\u00e1ltica en la Universidad Pontificia de Comillas (Madrid).<\/p>\n<p>Entusiasmado por el funcionamiento emocional del individuo y de sus pacientes se formo en Programaci\u00f3n Neuro Linguistica, P.N.L hasta la formaci\u00f3n completa de Masters y Practicioner en terapia psicoanal\u00edtica en E.M.D.R y t\u00e9cnicas de Integraci\u00f3n Cerebral.<\/p>\n<p>En la actualidad, es director de su propia Cl\u00ednica y sigue investigando y form\u00e1ndose en diferentes terapias encaminadas a conseguir mejorar el grado de bienestar y salud de sus pacientes.<\/p>\n<p>&nbsp;<\/p>\n<p><a href=\"http:\/\/www.encuentrosconlosutil.com\/wp-content\/uploads\/2015\/03\/Fotograf\u00eda-1.jpg\"><img loading=\"lazy\" class=\"  wp-image-1113 aligncenter\" src=\"http:\/\/www.encuentrosconlosutil.com\/wp-content\/uploads\/2015\/03\/Fotograf\u00eda-1-724x1024.jpg\" alt=\"Fotograf\u00eda (1)\" width=\"305\" height=\"432\" srcset=\"https:\/\/www.encuentrosconlosutil.com\/wp-content\/uploads\/2015\/03\/Fotograf\u00eda-1-724x1024.jpg 724w, https:\/\/www.encuentrosconlosutil.com\/wp-content\/uploads\/2015\/03\/Fotograf\u00eda-1-212x300.jpg 212w, https:\/\/www.encuentrosconlosutil.com\/wp-content\/uploads\/2015\/03\/Fotograf\u00eda-1-624x882.jpg 624w, https:\/\/www.encuentrosconlosutil.com\/wp-content\/uploads\/2015\/03\/Fotograf\u00eda-1.jpg 1240w\" sizes=\"(max-width: 305px) 100vw, 305px\" \/><\/a><\/p>\n<p>&nbsp;<\/p>\n<p>&nbsp;<\/p>\n<\/div>\n<div style=\"width: 100%; text-align: left;\">\n<p>&nbsp;<\/p>\n<div style=\"font-family: Helvetica, Arial; font-size: 10px; padding: 5px 0 5px; margin: 2px; width: 100%; text-align: left;\"><a style=\"color: #ddd; text-decoration: none;\" href=\"http:\/\/www.eventbrite.es\/r\/etckt\" target=\"_blank\">Venta de entradas online<\/a><span style=\"color: #ddd;\"> para <\/span><a style=\"color: #ddd; text-decoration: none;\" href=\"https:\/\/www.eventbrite.es\/e\/entradas-encuentros-con-lo-sutil-35-emociones-cerebro-y-cuerpo-16172409111?ref=etckt\" target=\"_blank\">ENCUENTROS CON LO SUTIL# 35 EMOCIONES, CEREBRO Y CUERPO.<\/a> <span style=\"color: #ddd;\">ofrecido por<\/span> <a style=\"color: #ddd; text-decoration: none;\" href=\"http:\/\/www.eventbrite.es?ref=etckt\" target=\"_blank\">Eventbrite<\/a><\/div>\n<\/div>\n","protected":false},"excerpt":{"rendered":"<p>&nbsp; &nbsp; Encuentros con lo Sutil 35# El pr\u00f3ximo d\u00eda\u00a026 de marzo, jueves, a las 20.00 horas,\u00a0contaremos con la presencia de Marino Mart\u00edn, experto en salud emocional y corporal. Marino nos explicar\u00e1 de un modo pedag\u00f3gico y pr\u00e1ctico \u00a0en qu\u00e9 medida las emociones influyen sobre la toma de decisiones importantes y c\u00f3mo la\u00a0incongruencia de lo [&hellip;]<\/p>\n","protected":false},"author":1,"featured_media":0,"comment_status":"open","ping_status":"open","sticky":false,"template":"","format":"standard","meta":[],"categories":[1],"tags":[103,48,106,105,89,104],"_links":{"self":[{"href":"https:\/\/www.encuentrosconlosutil.com\/index.php?rest_route=\/wp\/v2\/posts\/1110"}],"collection":[{"href":"https:\/\/www.encuentrosconlosutil.com\/index.php?rest_route=\/wp\/v2\/posts"}],"about":[{"href":"https:\/\/www.encuentrosconlosutil.com\/index.php?rest_route=\/wp\/v2\/types\/post"}],"author":[{"embeddable":true,"href":"https:\/\/www.encuentrosconlosutil.com\/index.php?rest_route=\/wp\/v2\/users\/1"}],"replies":[{"embeddable":true,"href":"https:\/\/www.encuentrosconlosutil.com\/index.php?rest_route=%2Fwp%2Fv2%2Fcomments&post=1110"}],"version-history":[{"count":17,"href":"https:\/\/www.encuentrosconlosutil.com\/index.php?rest_route=\/wp\/v2\/posts\/1110\/revisions"}],"predecessor-version":[{"id":1191,"href":"https:\/\/www.encuentrosconlosutil.com\/index.php?rest_route=\/wp\/v2\/posts\/1110\/revisions\/1191"}],"wp:attachment":[{"href":"https:\/\/www.encuentrosconlosutil.com\/index.php?rest_route=%2Fwp%2Fv2%2Fmedia&parent=1110"}],"wp:term":[{"taxonomy":"category","embeddable":true,"href":"https:\/\/www.encuentrosconlosutil.com\/index.php?rest_route=%2Fwp%2Fv2%2Fcategories&post=1110"},{"taxonomy":"post_tag","embeddable":true,"href":"https:\/\/www.encuentrosconlosutil.com\/index.php?rest_route=%2Fwp%2Fv2%2Ftags&post=1110"}],"curies":[{"name":"wp","href":"https:\/\/api.w.org\/{rel}","templated":true}]}}