{"id":1057,"date":"2015-02-04T07:38:09","date_gmt":"2015-02-04T07:38:09","guid":{"rendered":"http:\/\/www.encuentrosconlosutil.com\/?p=1057"},"modified":"2015-05-11T07:26:20","modified_gmt":"2015-05-11T07:26:20","slug":"plantas-de-poder-y-evolucion-de-la-conciencia","status":"publish","type":"post","link":"https:\/\/www.encuentrosconlosutil.com\/?p=1057","title":{"rendered":"Alquimia vegetal: sabidur\u00eda de la creaci\u00f3n. Las plantas maestras y la evoluci\u00f3n de la conciencia."},"content":{"rendered":"<p><a href=\"http:\/\/www.encuentrosconlosutil.com\/wp-content\/uploads\/2015\/02\/SymmetrySpiralPlant-675x240.jpg\"><img loading=\"lazy\" class=\"alignnone size-full wp-image-1062\" src=\"http:\/\/www.encuentrosconlosutil.com\/wp-content\/uploads\/2015\/02\/SymmetrySpiralPlant-675x240.jpg\" alt=\"SymmetrySpiralPlant-675x240\" width=\"675\" height=\"240\" srcset=\"https:\/\/www.encuentrosconlosutil.com\/wp-content\/uploads\/2015\/02\/SymmetrySpiralPlant-675x240.jpg 675w, https:\/\/www.encuentrosconlosutil.com\/wp-content\/uploads\/2015\/02\/SymmetrySpiralPlant-675x240-300x106.jpg 300w, https:\/\/www.encuentrosconlosutil.com\/wp-content\/uploads\/2015\/02\/SymmetrySpiralPlant-675x240-624x221.jpg 624w\" sizes=\"(max-width: 675px) 100vw, 675px\" \/><\/a><\/p>\n<p>&nbsp;<\/p>\n<p><strong><em>Encuentros con lo Sutil 33#<\/em><\/strong><\/p>\n<p>El pr\u00f3ximo d\u00eda\u00a0<strong>20 de febrero, \u00a0viernes<\/strong>, \u00a0<span style=\"color: #ff0000;\"> a las 19.30 horas,<\/span>\u00a0contaremos con la presencia de Juan Plantas, conocido etnobot\u00e1nico, psic\u00f3logo y pedagogo.<\/p>\n<p>Con Juan hablaremos de la relaci\u00f3n entre las llamadas plantas maestras y la evoluci\u00f3n de la conciencia en diversas culturas.\u00a0Para Juan, el eslab\u00f3n perdido o la explicaci\u00f3n de los saltos de conciencia en la historia de la humanidad est\u00e1 relacionada con el acompa\u00f1amiento que ciertas plantas han supuesto para las distintas sociedades.<\/p>\n<p>Nuestro invitado nos anuncia que \u00abhablaremos de la influencia de las plantas maestras curativas, en los procesos de evoluci\u00f3n del ser humano, analizando, \u00a0a trav\u00e9s de la historia, las m\u00e1s importantes especies vegetales maestras y su influencia en las m\u00e1s destacadas culturas. \u00a0Veremos el proceso que se produce desde la concepci\u00f3n de \u00abplanta de poder\u00bb a la nueva y m\u00e1s pr\u00f3xima concepci\u00f3n de \u00abPlanta maestra\u00bb.<\/p>\n<p>&nbsp;<\/p>\n<p>Nuestro invitado:<\/p>\n<p><a href=\"http:\/\/www.encuentrosconlosutil.com\/wp-content\/uploads\/2015\/02\/descarga.jpg\"><img loading=\"lazy\" class=\"alignnone size-full wp-image-1065\" src=\"http:\/\/www.encuentrosconlosutil.com\/wp-content\/uploads\/2015\/02\/descarga.jpg\" alt=\"descarga\" width=\"980\" height=\"551\" srcset=\"https:\/\/www.encuentrosconlosutil.com\/wp-content\/uploads\/2015\/02\/descarga.jpg 980w, https:\/\/www.encuentrosconlosutil.com\/wp-content\/uploads\/2015\/02\/descarga-300x168.jpg 300w, https:\/\/www.encuentrosconlosutil.com\/wp-content\/uploads\/2015\/02\/descarga-624x350.jpg 624w\" sizes=\"(max-width: 980px) 100vw, 980px\" \/><\/a><\/p>\n<div>\n<p><b>Juan Gonz\u00e1lez Simoneau<\/b> es etnobot\u00e1nico, psic\u00f3logo, y pedagogo. \u00a0Est\u00e1 considerado un gran conocedor \u00a0del uso tradicional de plantas medicinales en Espa\u00f1a y en las culturas amaz\u00f3nicas. \u00a0Es fundador de la Asociaci\u00f3n S\u00e1bila, creada para la protecci\u00f3n, el estudio, el uso correcto y el desarrollo personal y de la salud a trav\u00e9s de las plantas medicinales.<\/p>\n<p>Inici\u00f3 su camino en el conocimiento de las plantas curativas, hace m\u00e1s de\u00a0 treinta \u00a0a\u00f1os, cuando se especializo en etnobot\u00e1nica y medicina natural, realizando diversas investigaciones sobre el uso de esta medicina en el Camino de Santiago. \u00a0Es consultor e investigador de la biblioteca del Monasterio de Silos. (Burgos).<\/p>\n<p>Durante este tiempo, ha participado en viajes y expediciones cient\u00edficas por la Amazon\u00eda Brasile\u00f1a, Centroam\u00e9rica y Sudam\u00e9rica, teniendo gu\u00edas y \u00a0maestros de diferentes tradiciones como el Camino Rojo, la Tradici\u00f3n Shuar o la Tradici\u00f3n Peruana.<\/p>\n<p>En la actualidad, dirige e imparte, encuentros, cursos, talleres y seminarios, sobre bot\u00e1nica medicinal, alquimia y plantas para la mujer.<\/p>\n<p>Recientemente ha sido ponente en \u00a0el congreso internacional AYA 2014 y \u00a0es colaborador en radio y televisi\u00f3n en<em> Espacio en Blanco<\/em> en RNE\u00a02 y <em>\u00a0Aqu\u00ed la Tierra<\/em> en TVE\u00a01.<\/p>\n<p>&nbsp;<\/p>\n<\/div>\n<div style=\"width: 100%; padding-top: 64%; position: relative; border-bottom: 1px solid #aaa; display: inline-block; background: rgba(255,255,255,0.9);\"><iframe loading=\"lazy\" style=\"width: 100%; height: 90%; position: absolute; left: 0; top: 0; overflow: hidden;\" src=\"http:\/\/www.rtve.es\/drmn\/embed\/video\/2833114\" name=\"Preg\u00fantale a Juan Plantas\" width=\"320\" height=\"240\" frameborder=\"0\" scrolling=\"no\"><\/iframe><\/p>\n<div style=\"position: absolute; bottom: 0; left: 0; font-family: arial,helvetica,sans-serif; font-size: 12px; line-height: 1.833; display: inline-block; padding: 5px 0 5px 10px;\"><span style=\"float: left; margin-right: 10px;\"><img style=\"height: 20px; width: auto; background: transparent; padding: 0; margin: 0;\" src=\"http:\/\/img.irtve.es\/css\/rtve.commons\/rtve.header.footer\/i\/logoRTVEes.png\" alt=\"\" \/><\/span> <a style=\"color: #333; font-weight: bold;\" title=\"Preg\u00fantale a Juan Plantas\" href=\"http:\/\/www.rtve.es\/alacarta\/videos\/aqui-la-tierra\/aqui-tierra-preguntale-juan-plantas\/2833114\/\"><strong>Preg\u00fantale a Juan Plantas<\/strong><\/a><\/div>\n<\/div>\n","protected":false},"excerpt":{"rendered":"<p>&nbsp; Encuentros con lo Sutil 33# El pr\u00f3ximo d\u00eda\u00a020 de febrero, \u00a0viernes, \u00a0 a las 19.30 horas,\u00a0contaremos con la presencia de Juan Plantas, conocido etnobot\u00e1nico, psic\u00f3logo y pedagogo. Con Juan hablaremos de la relaci\u00f3n entre las llamadas plantas maestras y la evoluci\u00f3n de la conciencia en diversas culturas.\u00a0Para Juan, el eslab\u00f3n perdido o la explicaci\u00f3n [&hellip;]<\/p>\n","protected":false},"author":1,"featured_media":0,"comment_status":"open","ping_status":"open","sticky":false,"template":"","format":"standard","meta":[],"categories":[1],"tags":[115,118,117,116],"_links":{"self":[{"href":"https:\/\/www.encuentrosconlosutil.com\/index.php?rest_route=\/wp\/v2\/posts\/1057"}],"collection":[{"href":"https:\/\/www.encuentrosconlosutil.com\/index.php?rest_route=\/wp\/v2\/posts"}],"about":[{"href":"https:\/\/www.encuentrosconlosutil.com\/index.php?rest_route=\/wp\/v2\/types\/post"}],"author":[{"embeddable":true,"href":"https:\/\/www.encuentrosconlosutil.com\/index.php?rest_route=\/wp\/v2\/users\/1"}],"replies":[{"embeddable":true,"href":"https:\/\/www.encuentrosconlosutil.com\/index.php?rest_route=%2Fwp%2Fv2%2Fcomments&post=1057"}],"version-history":[{"count":12,"href":"https:\/\/www.encuentrosconlosutil.com\/index.php?rest_route=\/wp\/v2\/posts\/1057\/revisions"}],"predecessor-version":[{"id":1193,"href":"https:\/\/www.encuentrosconlosutil.com\/index.php?rest_route=\/wp\/v2\/posts\/1057\/revisions\/1193"}],"wp:attachment":[{"href":"https:\/\/www.encuentrosconlosutil.com\/index.php?rest_route=%2Fwp%2Fv2%2Fmedia&parent=1057"}],"wp:term":[{"taxonomy":"category","embeddable":true,"href":"https:\/\/www.encuentrosconlosutil.com\/index.php?rest_route=%2Fwp%2Fv2%2Fcategories&post=1057"},{"taxonomy":"post_tag","embeddable":true,"href":"https:\/\/www.encuentrosconlosutil.com\/index.php?rest_route=%2Fwp%2Fv2%2Ftags&post=1057"}],"curies":[{"name":"wp","href":"https:\/\/api.w.org\/{rel}","templated":true}]}}