{"id":1093,"date":"2015-02-23T12:11:29","date_gmt":"2015-02-23T12:11:29","guid":{"rendered":"http:\/\/www.encuentrosconlosutil.com\/?p=1093"},"modified":"2015-05-11T07:25:42","modified_gmt":"2015-05-11T07:25:42","slug":"feminidad-y-espiritualidad-encuentro-con-clara-janes-1232015","status":"publish","type":"post","link":"http:\/\/www.encuentrosconlosutil.com\/?p=1093","title":{"rendered":"FEMINIDAD Y ESPIRITUALIDAD. ENCUENTRO CON CLARA JAN\u00c9S"},"content":{"rendered":"<h1 align=\"right\"><em>&lt;&lt;Me mir\u00f3<\/em><\/h1>\n<h1 align=\"right\"><em>y se pobl\u00f3 de estrellas\u00a0<\/em><em style=\"font-size: 1.5rem; line-height: 1.5;\">mi coraz\u00f3n,<\/em><\/h1>\n<h1 align=\"right\"><em>y sobre el fuego de la sangre<\/em><\/h1>\n<h1 align=\"right\"><em>se elev\u00f3 el firmamento.<\/em><\/h1>\n<h1 align=\"right\"><em>En el punto m\u00e1s alto de la noche<\/em><\/h1>\n<h1 align=\"right\"><em>la luna sosten\u00eda\u00a0<\/em><\/h1>\n<h1 align=\"right\"><em>el nadir\u00a0<\/em><em>de los destellos.<\/em><\/h1>\n<h1 align=\"right\"><em>Redondo era el orbe del amor<\/em><\/h1>\n<h1 align=\"right\"><em>y el sol, oculto,<\/em><\/h1>\n<h1 align=\"right\"><em>desvelaba su eterna incandescencia.&gt;&gt;<\/em><\/h1>\n<h1 style=\"text-align: right;\">Clara Jan\u00e9s.<\/h1>\n<p>&nbsp;<\/p>\n<p><b>El pr\u00f3ximo d\u00eda 12 de marzo, a las 20 horas, <\/b>rendiremos homenaje a Clara Jan\u00e9s a trav\u00e9s de una conversaci\u00f3n sobre su obra e intuiciones,\u00a0 con especial atenci\u00f3n a su mirada sobre lo femenino reprimido y sublime: el amor incondicional.<\/p>\n<p>En Clara Jan\u00e9s brotan palabras y se hacen ecos, toma forma el fondo y el fondo forma. Su inspiraci\u00f3n alimenta aproximaciones humanas al vac\u00edo divino. Lo femenino se insin\u00faa en sus versos \u00a0como la faz del amor incondicional que se hace consciente en medio del asombro o la intolerancia.<\/p>\n<p>En su \u00faltimo libro, <i>Guardar la casa y cerrar la boca, <\/i>Clara recorre las trazas de la palabra\u00a0 de la mujer en \u00a0la literatura universal. Con ella repasaremos esos momentos y su significado en la espiritualidad.<\/p>\n<div style=\"width: 100%; text-align: left;\"><\/div>\n<div style=\"width: 100%; text-align: left;\"><\/div>\n<p><a href=\"http:\/\/www.encuentrosconlosutil.com\/wp-content\/uploads\/2015\/02\/clara-janes-644x362.jpg\"><img loading=\"lazy\" class=\"alignnone size-full wp-image-1096\" src=\"http:\/\/www.encuentrosconlosutil.com\/wp-content\/uploads\/2015\/02\/clara-janes-644x362.jpg\" alt=\"clara-janes--644x362\" width=\"644\" height=\"362\" srcset=\"http:\/\/www.encuentrosconlosutil.com\/wp-content\/uploads\/2015\/02\/clara-janes-644x362.jpg 644w, http:\/\/www.encuentrosconlosutil.com\/wp-content\/uploads\/2015\/02\/clara-janes-644x362-300x168.jpg 300w, http:\/\/www.encuentrosconlosutil.com\/wp-content\/uploads\/2015\/02\/clara-janes-644x362-624x350.jpg 624w\" sizes=\"(max-width: 644px) 100vw, 644px\" \/><\/a><\/p>\n<p>&nbsp;<\/p>\n<p><b>Clara Jan\u00e9s Nadal<\/b>\u00a0es poeta, escritora\u00a0y\u00a0traductora.<\/p>\n<p>Naci\u00f3 el 6 de noviembre de 1940 en\u00a0Barcelona, hija del editor y poeta\u00a0Josep Jan\u00e9s.\u00a0Curs\u00f3 estudios en la Universidad en Barcelona, aunque se licencia en\u00a0Filosof\u00eda y Letras\u00a0en Pamplona y realiza estudios de\u00a0literatura comparada\u00a0en la Universidad de la Sorbona en Par\u00eds. Cultiva todos los g\u00e9neros y en la traducci\u00f3n destaca por las traducciones del checo, en especial de las obras de\u00a0Vladimir Holan.<\/p>\n<p>Su primera obra la publica en 1964 con el t\u00edtulo,\u00a0Las estrellas vencidas. En el a\u00f1o 1972, recibe el\u00a0Premio Ciudad de Barcelona de Ensayo\u00a0con\u00a0La vida callada de\u00a0Federico Monpou, y queda finalista, ese mismo a\u00f1o, del\u00a0Premio Caf\u00e9 Gij\u00f3n. Gana el\u00a0Premio Ciudad de Barcelona de Poes\u00eda\u00a0en 1983 con\u00a0Vivir. En 1997, le otorgaron el\u00a0Premio Nacional de Traducci\u00f3n\u00a0por el conjunto de una obra.<\/p>\n<p>En prosa escribi\u00f3 las novelas\u00a0Los caballos del sue\u00f1o\u00a0(1989) y\u00a0El hombre de Ad\u00e9n\u00a0(1991) y diversos relatos, as\u00ed como la biograf\u00eda La vida callada de Federico Mompou (1975), el libro de viajes\u00a0Sendas de Ruman\u00eda\u00a0(1981) y el de recuerdos de infancia y adolescencia\u00a0Jard\u00edn y Laberinto\u00a0(1990).<\/p>\n<p>El 15 de noviembre de 2002 recibi\u00f3 el\u00a0XII Premio\u00a0Jaime Gil de Biedma, uno de los m\u00e1s\u00a0prestigiosos del panorama literario en lengua castellana, por la obra \u00abLos secretos del bosque\u00bb<\/p>\n<p>Desde entonces no ha parado de escribir, recibir premios y \u00a0aproximarse a la esencia de la poes\u00eda.<\/p>\n<p><strong>Algunas de sus obras:<\/strong><\/p>\n<p>Isla del suicidio<br \/>\nLas estrellas vencidas<br \/>\nLa noche de Abel Micheli<br \/>\nDesintegraci\u00f3n, 1969<br \/>\nLa vida callada de Federico Mompou<br \/>\nTentativa de encuentro y tentativa de olvido<br \/>\nL\u00edmite humano<br \/>\nAprender a envejecer<br \/>\nPoemas Rumanos<br \/>\nEn busca de Cordelia y Poemas rumanos<br \/>\nCartas a Adriana<br \/>\nAntolog\u00eda personal<br \/>\nLibro de alienaciones<br \/>\nSendas de Ruman\u00eda<br \/>\nEros<br \/>\nPureza canelo<br \/>\nTentativa de olvido<br \/>\nRoig, Montserrat. Before the civil war<br \/>\nPessarrodona, Marta. La b\u00fasqueda de Elizabeth<br \/>\nVivir, 1983<br \/>\n. F\u00f3siles, 1985<br \/>\nKampa: poes\u00eda, m\u00fasica y voz<br \/>\nLas primeras poetisas en lengua castellana<br \/>\nFederico Mompou: vida, textos y documentos<br \/>\nLapidario<br \/>\nCreciente f\u00e9rtil<br \/>\nLos caballos del sue\u00f1o<br \/>\nJard\u00edn y laberinto<br \/>\nEsbozos<br \/>\nEl hombre de Ad\u00e9n<br \/>\nEmblemas<br \/>\nEspejismos<br \/>\nVer el fuego<br \/>\nLas palabras de la tribu: escritura y habla<br \/>\nRosas de fuego<br \/>\nCirlot, el no mundo y la poes\u00eda imaginal<br \/>\nDiv\u00e1n del \u00f3palo de fuego<br \/>\nEspejos de agua<br \/>\nEl persa<br \/>\nArc\u00e1ngel de sombra<br \/>\nLos secretos del bosque<br \/>\nLa voz de Ofelia<br \/>\nPoes\u00eda er\u00f3tica y amorosa<br \/>\nVilanos<br \/>\nHuellas sobre una corteza<br \/>\nEl espejo de la noche, centenario de Vladimir Holan<br \/>\nBrancusi<br \/>\nEspacios trasl\u00facidos<br \/>\nLa indetenible quietud. En torno a Eduardo Chillida<br \/>\nLas voces acalladas de las mujeres<\/p>\n<p><i>R\u00edo hacia la nada<\/i>,\u00a02010, Plaza-Jan\u00e9s. Poes\u00eda. XIV Premio Internacional de Poes\u00eda Ciudad de Torrevieja<\/p>\n<p><a href=\"http:\/\/www.vasoroto.com\/?lg=mx&amp;id=24&amp;lid=45\" target=\"_blank\"><i>Variables ocultas<\/i><\/a>, Vaso Roto Ediciones,\u00a02010, poes\u00eda.\u00a0<i>Peregrinaje<\/i>, Editorial Salto de p\u00e1gina,\u00a02011, poes\u00eda.<\/p>\n<p><a href=\" http:\/\/www.vasoroto.com\/?lg=mx&amp;id=4&amp;cid=5&amp;lid=61\" target=\"_blank\"><i>De la realidad y la poes\u00eda. Tres conversaciones y un poema<\/i>.<\/a> Con\u00a0Antonio Gamoneda\u00a0y\u00a0Mohsen Emad\u00ed, Vaso Roto Ediciones,\u00a02010.<\/p>\n<p><i>Las estrellas vencidas<\/i>, Editorial Huerga @ Fierro, 2011, poes\u00eda.<\/p>\n<p><i>Movimientos Insomnes<\/i>, I Premio de Poes\u00eda Experimental Francisco Pino, 2011.<\/p>\n<p><i><a href=\"http:\/\/www.vasoroto.com\/?lg=mx&amp;id=24&amp;lid=66\" target=\"_blank\">La vida callada<\/a> de Federico Mompou<\/i>, Vaso Roto Ediciones,\u00a02012.<\/p>\n<p><i><a href=\" http:\/\/www.vasoroto.com\/?lg=mx&amp;id=24&amp;lid=97\" target=\"_blank\">Orbes del sue\u00f1o<\/a>,<\/i>\u00a0Vaso Roto Ediciones, 2013.<\/p>\n<p>&nbsp;<\/p>\n<p>Enlace:<\/p>\n<p><a href=\"http:\/\/www.cervantesvirtual.com\/portales\/clara_janes\/\">Clara Jan\u00e9s en la Biblioteca Virtual Miguel de Cervantes<\/a><\/p>\n<p>\u00daltima obra publicada:<\/p>\n<p style=\"text-align: center;\"><a href=\"http:\/\/www.encuentrosconlosutil.com\/wp-content\/uploads\/2015\/02\/9788416280513_L38_04_l.png\"><img loading=\"lazy\" class=\"size-full wp-image-1099 aligncenter\" src=\"http:\/\/www.encuentrosconlosutil.com\/wp-content\/uploads\/2015\/02\/9788416280513_L38_04_l.png\" alt=\"9788416280513_L38_04_l\" width=\"305\" height=\"451\" srcset=\"http:\/\/www.encuentrosconlosutil.com\/wp-content\/uploads\/2015\/02\/9788416280513_L38_04_l.png 305w, http:\/\/www.encuentrosconlosutil.com\/wp-content\/uploads\/2015\/02\/9788416280513_L38_04_l-202x300.png 202w\" sizes=\"(max-width: 305px) 100vw, 305px\" \/><\/a><\/p>\n<p style=\"text-align: center;\"><strong>Semblanza Cr\u00edtica , por \u00c1ngel L. Prieto de Paula\u00a0<\/strong><\/p>\n<p style=\"text-align: center;\">(Publicada en la Biblioteca Virtual Cervantes)<\/p>\n<p>Aunque Clara Jan\u00e9s (Barcelona, 1940) es, sobre todas las cosas, poeta, su creaci\u00f3n art\u00edstica y su indagaci\u00f3n intelectual se han repartido en numerosos g\u00e9neros y modos de la escritura, e incluso fuera de ella. Conocedora de diversas tradiciones literarias centroeuropeas y orientales, conectada por educaci\u00f3n y vocaci\u00f3n a las artes pl\u00e1sticas y musicales (que ha incorporado en pie de igualdad a varios de sus libros po\u00e9ticos), su actividad estrictamente l\u00edrica, iniciada en 1964 con <em>Las estrellas vencidas<\/em>, ha ido acompa\u00f1ada por otras dedicaciones parejas: el teatro (libretos de \u00f3pera, piezas de marionetas), la biograf\u00eda (con su acercamiento al m\u00fasico Federico Mompou), la cr\u00edtica literaria (aproximaci\u00f3n al universo simb\u00f3lico de Juan Eduardo Cirlot), el memorialismo (con t\u00edtulos como <em>Jard\u00edn y laberinto<\/em>, de 1990, y <em>La voz de Ofelia<\/em>, de 2005) y la edici\u00f3n filol\u00f3gica, ello sin contar con su asidua y sostenida labor de traductora (Vladimir Holan, Jaroslav Seifert, Ramos Rosa&#8230;).<\/p>\n<p>Bien mirado, las anteriores no son tanto facetas complementarias que deben sumarse para percibir en su conjunto el universo de la autora, cuanto maneras de desarrollo expansivo de un n\u00facleo sensible que circunstancialmente escoge uno u otro cauces de g\u00e9nero. Distribuir la producci\u00f3n de Clara Jan\u00e9s en compartimentos tipol\u00f3gicos cerrados presenta un problema debido al car\u00e1cter absolutamente unitario de su almendra espiritual, que se impone sobre las ocasionales especificidades, toda vez que, en la autora, la biograf\u00eda est\u00e1 constituida por sus lecturas y sus escrituras, la aventura interna rige sus avatares externos y termina confundida con ellos, y la experiencia y la reflexi\u00f3n no tienen barrera separadora. Ello es fruto, tanto como de su peculiar sensibilidad, de una sincronicidad sintetizadora e intuitiva afinada en la frecuentaci\u00f3n del pensamiento oriental, extra\u00f1o a la tendencia fragmentadora y anal\u00edtica de la cultura occidental.<\/p>\n<p>Ya en sus primeros t\u00edtulos, pero sobre todo a partir de <em>En busca de Cordelia y poemas rumanos<\/em> (1975), quedan fijados los rasgos formales de su l\u00edrica, presididos por la sutileza, el parpadeo expresivo y la desnudez ornamental penetrada por la m\u00fasica. Se ponen \u00e9stos al servicio de unos temas reluctantes al casticismo y alentados por un espiritualismo en el que se forja su imaginario personal, plasmado mediante el aforismo de resonancias presocr\u00e1ticas, la levedad \u2014tambi\u00e9n afor\u00edstica\u2014 del haik\u00fa, el vuelo visionario del misticismo, el entramado simbol\u00f3gico.<\/p>\n<p>Muchos de sus libros vertebran una postura geoc\u00e9ntrica, que replantea la funci\u00f3n de la mujer en una cultura que la ha postergado, as\u00ed como los mitos de la madre tel\u00farica. La andadura existencial del sujeto va estableciendo hitos sucesivos en t\u00edtulos como <em>Libro de alienaciones<\/em> (1980), <em>Eros<\/em> (1981), <em>Vivir<\/em> (1983), <em>Kampa<\/em> (1986), <em>Lapidario<\/em> (1988), etc. En su mostraci\u00f3n de lo femenino, cobra gran importancia la manifestaci\u00f3n liberadora del deseo er\u00f3tico, tal como se aprecia en <em>Creciente f\u00e9rtil<\/em> (1989), donde la sexualidad respira en las figuras medioorientales en que se funda la cultura (m\u00e1s bien que m\u00e1scaras, actualizaciones culturales del yo). Adentrada en la madurez, <em>Los secretos del bosque<\/em> (2002) despliega el tercer tramo biogr\u00e1fico que, en la cultura hind\u00fa, supone el desprendimiento purgativo que sirve de preparaci\u00f3n para afrontar el cuarto y \u00faltimo tranco de la vida. Las asechanzas de los goces sensoriales y del amor, tal como aparec\u00edan en <em>Eros<\/em> o en <em>Creciente f\u00e9rtil<\/em>, la asaltan a\u00fan en ese camino de adentramiento hacia la espesura boscosa, en cuya conformaci\u00f3n simb\u00f3lica convergen tradiciones m\u00edsticas diversas, y al cabo de la cual se abre un vac\u00edo anchuroso y apacible. <em>Paralajes<\/em> (2002) se inicia con una invocaci\u00f3n a la infancia, ese momento \u00abdonde no existen todav\u00eda ausencia ni recuerdo\u00bb, en que el mundo brota ante los ojos, reducido a unas briznas de su realidad. En otros poemas del mismo libro, la mirada contemplativa se desl\u00ede en una cosmofan\u00eda de manzanas, saltamontes, desiertos, campanillas de luz, con un lenguaje mondo, unas formas tenues y una est\u00e9tica aliviada de bulto humano. La senda de retracci\u00f3n y de acendramiento la conduce a los umbrales del \u00abpunto cero\u00bb en que se sit\u00faa <em>Fractales<\/em> (2005): una tierra de nadie, de nada, de la que se han eliminado elementos adventicios, esquinas argumentales y grumos de la ret\u00f3rica, desprovistas casi las palabras de su capacidad de representar.<\/p>\n<p>&nbsp;<\/p>\n","protected":false},"excerpt":{"rendered":"<p>&lt;&lt;Me mir\u00f3 y se pobl\u00f3 de estrellas\u00a0mi coraz\u00f3n, y sobre el fuego de la sangre se elev\u00f3 el firmamento. En el punto m\u00e1s alto de la noche la luna sosten\u00eda\u00a0 el nadir\u00a0de los destellos. Redondo era el orbe del amor y el sol, oculto, desvelaba su eterna incandescencia.&gt;&gt; Clara Jan\u00e9s. &nbsp; El pr\u00f3ximo d\u00eda 12 [&hellip;]<\/p>\n","protected":false},"author":1,"featured_media":0,"comment_status":"open","ping_status":"open","sticky":false,"template":"","format":"standard","meta":[],"categories":[1],"tags":[110,111,109,108,107],"_links":{"self":[{"href":"http:\/\/www.encuentrosconlosutil.com\/index.php?rest_route=\/wp\/v2\/posts\/1093"}],"collection":[{"href":"http:\/\/www.encuentrosconlosutil.com\/index.php?rest_route=\/wp\/v2\/posts"}],"about":[{"href":"http:\/\/www.encuentrosconlosutil.com\/index.php?rest_route=\/wp\/v2\/types\/post"}],"author":[{"embeddable":true,"href":"http:\/\/www.encuentrosconlosutil.com\/index.php?rest_route=\/wp\/v2\/users\/1"}],"replies":[{"embeddable":true,"href":"http:\/\/www.encuentrosconlosutil.com\/index.php?rest_route=%2Fwp%2Fv2%2Fcomments&post=1093"}],"version-history":[{"count":12,"href":"http:\/\/www.encuentrosconlosutil.com\/index.php?rest_route=\/wp\/v2\/posts\/1093\/revisions"}],"predecessor-version":[{"id":1192,"href":"http:\/\/www.encuentrosconlosutil.com\/index.php?rest_route=\/wp\/v2\/posts\/1093\/revisions\/1192"}],"wp:attachment":[{"href":"http:\/\/www.encuentrosconlosutil.com\/index.php?rest_route=%2Fwp%2Fv2%2Fmedia&parent=1093"}],"wp:term":[{"taxonomy":"category","embeddable":true,"href":"http:\/\/www.encuentrosconlosutil.com\/index.php?rest_route=%2Fwp%2Fv2%2Fcategories&post=1093"},{"taxonomy":"post_tag","embeddable":true,"href":"http:\/\/www.encuentrosconlosutil.com\/index.php?rest_route=%2Fwp%2Fv2%2Ftags&post=1093"}],"curies":[{"name":"wp","href":"https:\/\/api.w.org\/{rel}","templated":true}]}}